{"id":574959,"date":"2024-11-16T00:40:13","date_gmt":"2024-11-16T04:40:13","guid":{"rendered":"https:\/\/diariodominicano.com\/?p=574959"},"modified":"2024-11-16T12:17:36","modified_gmt":"2024-11-16T16:17:36","slug":"mexico-en-la-vida-de-pedro-henriquez-urena-1","status":"publish","type":"post","link":"https:\/\/diariodominicano.com\/?p=574959","title":{"rendered":"M\u00e9xico en la vida de Pedro Henr\u00edquez Ure\u00f1a (1)\u00a0"},"content":{"rendered":"\n<p><strong>Por Te\u00f3filo Lappot Robles&nbsp;<\/strong><\/p>\n\n\n\n<p>Pedro Henr\u00edquez Ure\u00f1a, el gran humanista dominicano que muy joven fue considerado en su tierra natal como \u201cprimer hombre de las letras de la Rep\u00fablica\u201d, lleg\u00f3 a M\u00e9xico en el 1906. S\u00f3lo ten\u00eda&nbsp; 22 a\u00f1os de edad y de inmediato puso en pr\u00e1ctica \u201ctoda la potencialidad de su esp\u00edritu y su ansiedad de cultura\u201d.&nbsp;<\/p>\n\n\n\n<p>As\u00ed fue porque atesoraba un alto perfil de sabio precoz. Todav\u00eda veintea\u00f1ero ya era admirado en recintos culturales y acad\u00e9micos de Rep\u00fablica Dominicana, Cuba y los Estados Unidos.&nbsp;<\/p>\n\n\n\n<figure class=\"wp-block-image size-large\"><img loading=\"lazy\" decoding=\"async\" width=\"1024\" height=\"526\" src=\"https:\/\/diariodominicano.com\/wp-content\/uploads\/2021\/07\/Pedro-Henriquez-Urena-En-Las-Letras-De-America-II-1024x526.jpg\" alt=\"\" class=\"wp-image-286021\" srcset=\"https:\/\/diariodominicano.com\/wp-content\/uploads\/2021\/07\/Pedro-Henriquez-Urena-En-Las-Letras-De-America-II-1024x526.jpg 1024w, https:\/\/diariodominicano.com\/wp-content\/uploads\/2021\/07\/Pedro-Henriquez-Urena-En-Las-Letras-De-America-II-300x154.jpg 300w, https:\/\/diariodominicano.com\/wp-content\/uploads\/2021\/07\/Pedro-Henriquez-Urena-En-Las-Letras-De-America-II-768x395.jpg 768w, https:\/\/diariodominicano.com\/wp-content\/uploads\/2021\/07\/Pedro-Henriquez-Urena-En-Las-Letras-De-America-II-1536x789.jpg 1536w, https:\/\/diariodominicano.com\/wp-content\/uploads\/2021\/07\/Pedro-Henriquez-Urena-En-Las-Letras-De-America-II-2048x1052.jpg 2048w, https:\/\/diariodominicano.com\/wp-content\/uploads\/2021\/07\/Pedro-Henriquez-Urena-En-Las-Letras-De-America-II-816x419.jpg 816w\" sizes=\"auto, (max-width: 1024px) 100vw, 1024px\" \/><\/figure>\n\n\n\n<p>Desde que pis\u00f3 tierra mexicana comenz\u00f3 a distinguirse all\u00ed como gram\u00e1tico, lexic\u00f3grafo, fil\u00f3logo, fil\u00f3sofo y cr\u00edtico literario. Fue rodeado y aplaudido por un selecto grupo de intelectuales que reconocieron en \u00e9l un ser excepcional, cuyos aportes lo colocaron en un lugar importante en el canon de la literatura mexicana.&nbsp;<\/p>\n\n\n\n<p>La exquisitez de su esp\u00edritu superior ya era conocida. No fue un an\u00f3nimo que lleg\u00f3 a Ciudad de M\u00e9xico, aunque obviamente a\u00fan Jorge Luis Borges no lo hab\u00eda definido como \u201cMaestro de Am\u00e9rica\u201d.\u00a0<\/p>\n\n\n\n<p>En las hemerotecas de todo el continente americano hay revistas y gacetas, de la primera mitad del siglo pasado, que recogen detalles informativos sobre el protagonismo intelectual de Pedro Henr\u00edquez Ure\u00f1a en altos centros educativos y culturales de M\u00e9xico (y de otros lugares), donde imparti\u00f3 c\u00e1tedras magistrales. No se limit\u00f3 a esparcir sus saberes en claustros de p\u00fablico reducido. Al contrario, iba a diferentes foros populares.\u00a0<\/p>\n\n\n\n<figure class=\"wp-block-gallery has-nested-images columns-default is-cropped wp-block-gallery-1 is-layout-flex wp-block-gallery-is-layout-flex\">\n<figure class=\"wp-block-image size-large\"><img loading=\"lazy\" decoding=\"async\" width=\"1024\" height=\"526\" data-id=\"284827\" src=\"https:\/\/diariodominicano.com\/wp-content\/uploads\/2021\/07\/Pedro-Henriquez-Urena-En-Las-Letras-De-America-I-1024x526.jpg\" alt=\"\" class=\"wp-image-284827\" srcset=\"https:\/\/diariodominicano.com\/wp-content\/uploads\/2021\/07\/Pedro-Henriquez-Urena-En-Las-Letras-De-America-I-1024x526.jpg 1024w, https:\/\/diariodominicano.com\/wp-content\/uploads\/2021\/07\/Pedro-Henriquez-Urena-En-Las-Letras-De-America-I-300x154.jpg 300w, https:\/\/diariodominicano.com\/wp-content\/uploads\/2021\/07\/Pedro-Henriquez-Urena-En-Las-Letras-De-America-I-768x395.jpg 768w, https:\/\/diariodominicano.com\/wp-content\/uploads\/2021\/07\/Pedro-Henriquez-Urena-En-Las-Letras-De-America-I-1536x789.jpg 1536w, https:\/\/diariodominicano.com\/wp-content\/uploads\/2021\/07\/Pedro-Henriquez-Urena-En-Las-Letras-De-America-I-2048x1052.jpg 2048w, https:\/\/diariodominicano.com\/wp-content\/uploads\/2021\/07\/Pedro-Henriquez-Urena-En-Las-Letras-De-America-I-816x419.jpg 816w\" sizes=\"auto, (max-width: 1024px) 100vw, 1024px\" \/><\/figure>\n<\/figure>\n\n\n\n<p>En sus enjundiosos ensayos titulados <strong>Horas de Estudios<\/strong> (1910) y<strong> <\/strong><strong>La ense\u00f1anza de la literatura<\/strong> (1913), por solo citar dos de sus obras, se comprueba la amplia divulgaci\u00f3n cultural que hizo en M\u00e9xico (1906-1914) para contribuir al proceso entonces en desarrollo all\u00ed sobre la modernizaci\u00f3n del lenguaje. Fue declarado hijo adoptivo de ese gran pa\u00eds.\u00a0<\/p>\n\n\n\n<figure class=\"wp-block-gallery has-nested-images columns-default is-cropped wp-block-gallery-2 is-layout-flex wp-block-gallery-is-layout-flex\">\n<figure class=\"wp-block-image size-large\"><img loading=\"lazy\" decoding=\"async\" width=\"1024\" height=\"526\" data-id=\"275934\" src=\"https:\/\/diariodominicano.com\/wp-content\/uploads\/2021\/05\/11-de-Mayo-de-1946-El-dia-que-fallecio-Pedro-Henriquez-Urena-1-1024x526.jpg\" alt=\"\" class=\"wp-image-275934\" srcset=\"https:\/\/diariodominicano.com\/wp-content\/uploads\/2021\/05\/11-de-Mayo-de-1946-El-dia-que-fallecio-Pedro-Henriquez-Urena-1-1024x526.jpg 1024w, https:\/\/diariodominicano.com\/wp-content\/uploads\/2021\/05\/11-de-Mayo-de-1946-El-dia-que-fallecio-Pedro-Henriquez-Urena-1-300x154.jpg 300w, https:\/\/diariodominicano.com\/wp-content\/uploads\/2021\/05\/11-de-Mayo-de-1946-El-dia-que-fallecio-Pedro-Henriquez-Urena-1-768x395.jpg 768w, https:\/\/diariodominicano.com\/wp-content\/uploads\/2021\/05\/11-de-Mayo-de-1946-El-dia-que-fallecio-Pedro-Henriquez-Urena-1-1536x789.jpg 1536w, https:\/\/diariodominicano.com\/wp-content\/uploads\/2021\/05\/11-de-Mayo-de-1946-El-dia-que-fallecio-Pedro-Henriquez-Urena-1-2048x1052.jpg 2048w, https:\/\/diariodominicano.com\/wp-content\/uploads\/2021\/05\/11-de-Mayo-de-1946-El-dia-que-fallecio-Pedro-Henriquez-Urena-1-816x419.jpg 816w\" sizes=\"auto, (max-width: 1024px) 100vw, 1024px\" \/><\/figure>\n<\/figure>\n\n\n\n<p>Es de rigor decir tambi\u00e9n que puso en pr\u00e1ctica en aquel lugar que lo acogi\u00f3 generosamente durante varios a\u00f1os lo que con certeza escribi\u00f3 de \u00e9l la acuciosa historiadora dominicana Fl\u00e9rida de Nolasco:<\/p>\n\n\n\n<p>\u201cPedro Henr\u00edquez Ure\u00f1a ense\u00f1aba en su c\u00e1tedra que en primer lugar, antes que la cultura, deb\u00eda situarse la justicia, que es virtud que en s\u00ed contiene todas la virtudes\u201d. (<strong>Clamor de Justicia en la Espa\u00f1ola<\/strong> 1502-1795.P.67.Editora Amigo del Hogar, 2008. Fl\u00e9rida de Nolasco).<\/p>\n\n\n\n<figure class=\"wp-block-gallery has-nested-images columns-default is-cropped wp-block-gallery-3 is-layout-flex wp-block-gallery-is-layout-flex\">\n<figure class=\"wp-block-image size-large\"><img loading=\"lazy\" decoding=\"async\" width=\"1024\" height=\"526\" data-id=\"287510\" src=\"https:\/\/diariodominicano.com\/wp-content\/uploads\/2021\/07\/Pedro-Henriquez-Urena-En-Las-Letras-De-America-y-III-1-1024x526.jpg\" alt=\"\" class=\"wp-image-287510\" srcset=\"https:\/\/diariodominicano.com\/wp-content\/uploads\/2021\/07\/Pedro-Henriquez-Urena-En-Las-Letras-De-America-y-III-1-1024x526.jpg 1024w, https:\/\/diariodominicano.com\/wp-content\/uploads\/2021\/07\/Pedro-Henriquez-Urena-En-Las-Letras-De-America-y-III-1-300x154.jpg 300w, https:\/\/diariodominicano.com\/wp-content\/uploads\/2021\/07\/Pedro-Henriquez-Urena-En-Las-Letras-De-America-y-III-1-768x395.jpg 768w, https:\/\/diariodominicano.com\/wp-content\/uploads\/2021\/07\/Pedro-Henriquez-Urena-En-Las-Letras-De-America-y-III-1-1536x789.jpg 1536w, https:\/\/diariodominicano.com\/wp-content\/uploads\/2021\/07\/Pedro-Henriquez-Urena-En-Las-Letras-De-America-y-III-1-2048x1052.jpg 2048w, https:\/\/diariodominicano.com\/wp-content\/uploads\/2021\/07\/Pedro-Henriquez-Urena-En-Las-Letras-De-America-y-III-1-816x419.jpg 816w\" sizes=\"auto, (max-width: 1024px) 100vw, 1024px\" \/><\/figure>\n<\/figure>\n\n\n\n<p>Su labor en M\u00e9xico abarc\u00f3 temas variados que traspasaban el aparentemente apacible campo de la cultura. Tuvo un involucramiento en hechos que tocaban aspectos sociales y pol\u00edticos.<\/p>\n\n\n\n<p>En el 1909 anim\u00f3 el avivamiento del Ateneo de la Juventud Mexicana, junto con brillantes personajes como Jos\u00e9 Vasconcelos Calder\u00f3n, Alfonso Reyes Ochoa, Antonio Caso Andrade y otros.\u00a0<\/p>\n\n\n\n<p>Sus art\u00edculos en el combativo peri\u00f3dico de la ciudad de Veracruz El Dictamen (ahora centenario) eran vistos como una gu\u00eda excelente de periodismo cultural, por el uso impecable de las palabras y la profundidad reflexiva de sus pensamientos.<\/p>\n\n\n\n<p>Por su condici\u00f3n de extranjero actuaba con cautela, pues no quer\u00eda ni mancharse ni tiznarse. Sin embargo, public\u00f3 muchas p\u00e1ginas en las que resalt\u00f3 todas las expresiones sociales del pueblo mexicano que conoci\u00f3 en una \u00e9poca convulsa, con su econom\u00eda de capa ca\u00edda, huelgas, rebeliones y una inmisericorde represi\u00f3n gubernamental.<\/p>\n\n\n\n<p>Era la \u00e9poca en que el denominado \u201cporfiriato\u201d estaba en una de sus fases de mayor violencia. Ese r\u00e9gimen de fuerza viv\u00eda su \u00faltimo tramo. Despu\u00e9s de 30 a\u00f1os de desgobierno lanzaba dentelladas como una fiera herida que vislumbra su final.<\/p>\n\n\n\n<p>Pedro Henr\u00edquez Ure\u00f1a fue testigo presencial cuando aquella org\u00eda de terror concluy\u00f3 con la renuncia forzada de un octogenario Porfirio D\u00edaz cargado de achaques y su salida por el puerto de Veracruz, a bordo del buque Ypiranga, rumbo a un exilio dorado en Francia.&nbsp;<\/p>\n\n\n\n<p>Algo a mencionar en estas notas es que uno de los regresos a M\u00e9xico de Pedro Henr\u00edquez Ure\u00f1a fue para casarse, el 23 de mayo 1923, con su novia Isabel, una distinguida dama que era hermana del famoso intelectual, pol\u00edtico, fil\u00f3sofo y sindicalista Vicente Lombardo Toledano.&nbsp;<\/p>\n\n\n\n<p>Am\u00e9rico Lugo, el intelectual de \u201cclara mente jur\u00eddica y patri\u00f3tica\u2026con dimensiones de pr\u00f3cer\u201d (como lo defini\u00f3 en una conferencia dictada el 7 agosto de 1991 el profesor Francisco Antonio Avelino) se refiri\u00f3 al Pedro Henr\u00edquez Ure\u00f1a que desparram\u00f3 su saber en M\u00e9xico de esta manera:&nbsp;<\/p>\n\n\n\n<p>\u201cSu nombre es glorioso; su modestia, ejemplar, su patriotismo conmovedor&#8230;Es tan dominicano, si cabe decirlo, como nuestra Iglesia Catedral, con quien podr\u00eda compar\u00e1rsele\u201d. (<strong>Am\u00e9rico Lugo. Correspondencia<\/strong>.AGN.Vol.381, julio 2020.Pp.337 y 338).<\/p>\n\n\n\n<p>Como educador y gestor cultural multifac\u00e9tico Pedro Henr\u00edquez Ure\u00f1a llev\u00f3 a cabo en M\u00e9xico una intensa labor de ling\u00fcista, incursionando en el estudio de diversas lenguas de las etnias que forman parte de ese vasto pa\u00eds del norte de Am\u00e9rica.&nbsp;<\/p>\n\n\n\n<p>En sus estudios filol\u00f3gicos, leyendo algunas de las novelas del escritor y m\u00e9dico jalisciense Mariano Azuela Gonz\u00e1lez, descubri\u00f3 que la frase habitual o muletilla que en otros lugares de Am\u00e9rica significa \u201cno m\u00e1s\u201d en M\u00e9xico equivale a \u00a1Justo! \u00a1Insista! \u00a1Persista!<\/p>\n\n\n\n<p>Tambi\u00e9n public\u00f3 las notables diferencias fon\u00e9ticas y gramaticales que hay entre M\u00e9xico y varios pa\u00edses de la Am\u00e9rica hispana y regiones de Espa\u00f1a con, por ejemplo, el uso de la \u201c<strong>s<\/strong>\u201d.&nbsp;<\/p>\n\n\n\n<p>Incluso Pedro Henr\u00edquez Ure\u00f1a (leyendo los villancicos que la experta en la macro lengua n\u00e1hualt Sor Juan In\u00e9s de la Cruz le dedic\u00f3 en el siglo XVII a San Pedro Nolasco) hizo un hallazgo de importancia para la cultura mexicana al referir la existencia de \u201cun tocot\u00edn mestizo de espa\u00f1ol y mexicano\u201d.&nbsp; (<strong>Observaciones sobre el espa\u00f1ol de M\u00e9xico<\/strong>. Octubre de 1934. Pedro Henr\u00edquez Ure\u00f1a).<\/p>\n\n\n\n<p>Es abundante la bibliograf\u00eda con relaci\u00f3n a la f\u00e9rtil actividad cultural que desarroll\u00f3 en M\u00e9xico Pedro Henr\u00edquez Ure\u00f1a, como se comprobar\u00e1 en la pr\u00f3xima entrega; especialmente destacando los aportes del jurista, fil\u00f3sofo y escritor regiomontano Alfonso Reyes Ochoa, ilustre disc\u00edpulo en Ciudad de M\u00e9xico del primer dominicano universal.&nbsp;<\/p>\n\n\n\n<p><\/p>\n\n\n\n<p><\/p>\n\n\n\n<p>teofilo lappot <a href=\"mailto:teofilolappot@gmail.com\" target=\"_blank\" rel=\"noreferrer noopener\">teofilolappot@gmail.com<\/a> <\/p>\n","protected":false},"excerpt":{"rendered":"<p>Por Te\u00f3filo Lappot Robles&nbsp; Pedro Henr\u00edquez Ure\u00f1a, el gran humanista dominicano que muy joven fue considerado en su tierra natal como \u201cprimer hombre de las letras de la Rep\u00fablica\u201d, lleg\u00f3 a M\u00e9xico en el 1906. S\u00f3lo ten\u00eda&nbsp; 22 a\u00f1os de edad y de inmediato puso en pr\u00e1ctica \u201ctoda la potencialidad de su esp\u00edritu y su [&hellip;]<\/p>\n","protected":false},"author":28,"featured_media":525185,"comment_status":"closed","ping_status":"closed","sticky":true,"template":"","format":"standard","meta":{"footnotes":""},"categories":[21,36,26,27],"tags":[],"class_list":["post-574959","post","type-post","status-publish","format-standard","has-post-thumbnail","hentry","category-cultura","category-hombresmujeresycosas","category-efemerides","category-portada"],"_links":{"self":[{"href":"https:\/\/diariodominicano.com\/index.php?rest_route=\/wp\/v2\/posts\/574959","targetHints":{"allow":["GET"]}}],"collection":[{"href":"https:\/\/diariodominicano.com\/index.php?rest_route=\/wp\/v2\/posts"}],"about":[{"href":"https:\/\/diariodominicano.com\/index.php?rest_route=\/wp\/v2\/types\/post"}],"author":[{"embeddable":true,"href":"https:\/\/diariodominicano.com\/index.php?rest_route=\/wp\/v2\/users\/28"}],"replies":[{"embeddable":true,"href":"https:\/\/diariodominicano.com\/index.php?rest_route=%2Fwp%2Fv2%2Fcomments&post=574959"}],"version-history":[{"count":5,"href":"https:\/\/diariodominicano.com\/index.php?rest_route=\/wp\/v2\/posts\/574959\/revisions"}],"predecessor-version":[{"id":575066,"href":"https:\/\/diariodominicano.com\/index.php?rest_route=\/wp\/v2\/posts\/574959\/revisions\/575066"}],"wp:featuredmedia":[{"embeddable":true,"href":"https:\/\/diariodominicano.com\/index.php?rest_route=\/wp\/v2\/media\/525185"}],"wp:attachment":[{"href":"https:\/\/diariodominicano.com\/index.php?rest_route=%2Fwp%2Fv2%2Fmedia&parent=574959"}],"wp:term":[{"taxonomy":"category","embeddable":true,"href":"https:\/\/diariodominicano.com\/index.php?rest_route=%2Fwp%2Fv2%2Fcategories&post=574959"},{"taxonomy":"post_tag","embeddable":true,"href":"https:\/\/diariodominicano.com\/index.php?rest_route=%2Fwp%2Fv2%2Ftags&post=574959"}],"curies":[{"name":"wp","href":"https:\/\/api.w.org\/{rel}","templated":true}]}}