{"id":574876,"date":"2024-11-15T22:56:49","date_gmt":"2024-11-16T02:56:49","guid":{"rendered":"https:\/\/diariodominicano.com\/?p=574876"},"modified":"2024-11-15T23:20:08","modified_gmt":"2024-11-16T03:20:08","slug":"banco-popular-y-adn-renuevan-parque-aesa","status":"publish","type":"post","link":"https:\/\/diariodominicano.com\/?p=574876","title":{"rendered":"Banco Popular y ADN renuevan parque AESA"},"content":{"rendered":"\n<p><strong> <\/strong>El parque incluye \u00e1reas recreativas como zona infantil, \u00f3valo para mascotas y gimnasio al aire libre.<\/p>\n\n\n\n<p>El ADN dice <strong>Esta alianza p\u00fablico-privada ha rescatado 11 parques con 42,000 m\u00b2<\/strong><\/p>\n\n\n\n<figure class=\"wp-block-image size-large\"><img loading=\"lazy\" decoding=\"async\" width=\"1024\" height=\"683\" src=\"https:\/\/diariodominicano.com\/wp-content\/uploads\/2024\/11\/ISM02942-1024x683.jpg\" alt=\"\" class=\"wp-image-574878\" srcset=\"https:\/\/diariodominicano.com\/wp-content\/uploads\/2024\/11\/ISM02942-1024x683.jpg 1024w, https:\/\/diariodominicano.com\/wp-content\/uploads\/2024\/11\/ISM02942-300x200.jpg 300w, https:\/\/diariodominicano.com\/wp-content\/uploads\/2024\/11\/ISM02942-768x512.jpg 768w, https:\/\/diariodominicano.com\/wp-content\/uploads\/2024\/11\/ISM02942-1536x1024.jpg 1536w, https:\/\/diariodominicano.com\/wp-content\/uploads\/2024\/11\/ISM02942-2048x1365.jpg 2048w, https:\/\/diariodominicano.com\/wp-content\/uploads\/2024\/11\/ISM02942-816x544.jpg 816w\" sizes=\"auto, (max-width: 1024px) 100vw, 1024px\" \/><\/figure>\n\n\n\n<p>En la inauguraci\u00f3n estuvieron presentes residentes de la comunidad, ejecutivos del Banco Popular Dominicano y funcionarios de la Alcald\u00eda del Distrito Nacional.<\/p>\n\n\n\n<p>Santo Domingo, D.N. \u2013 El Banco Popular Dominicano y la Alcald\u00eda del Distrito Nacional (ADN) inauguraron el remozamiento del Parque AESA, ubicado en la Urbanizaci\u00f3n AESA, en la autopista 30 de Mayo, con una inversi\u00f3n superior a los RD$23 millones, que fueron aportados por la organizaci\u00f3n financiera y que beneficiar\u00e1n\u00a0directamente a 62,000 personas residentes en el entorno.<\/p>\n\n\n\n<p>Este parque se convierte en el und\u00e9cimo espacio verde remodelado en la capital, gracias a la alianza p\u00fablico-privada entre ambas instituciones. En suma, desde su inicio esta colaboraci\u00f3n ha permitido renovar m\u00e1s de 42,000 metros cuadrados de parques en la capital, ofreciendo a la ciudadan\u00eda entornos seguros y apropiados para el esparcimiento familiar y el bienestar personal.<\/p>\n\n\n\n<figure class=\"wp-block-image size-large\"><img loading=\"lazy\" decoding=\"async\" width=\"683\" height=\"1024\" src=\"https:\/\/diariodominicano.com\/wp-content\/uploads\/2024\/11\/ISM02612-683x1024.jpg\" alt=\"\" class=\"wp-image-574883\" srcset=\"https:\/\/diariodominicano.com\/wp-content\/uploads\/2024\/11\/ISM02612-683x1024.jpg 683w, https:\/\/diariodominicano.com\/wp-content\/uploads\/2024\/11\/ISM02612-200x300.jpg 200w, https:\/\/diariodominicano.com\/wp-content\/uploads\/2024\/11\/ISM02612-768x1152.jpg 768w, https:\/\/diariodominicano.com\/wp-content\/uploads\/2024\/11\/ISM02612-1024x1536.jpg 1024w, https:\/\/diariodominicano.com\/wp-content\/uploads\/2024\/11\/ISM02612-1365x2048.jpg 1365w, https:\/\/diariodominicano.com\/wp-content\/uploads\/2024\/11\/ISM02612-816x1224.jpg 816w, https:\/\/diariodominicano.com\/wp-content\/uploads\/2024\/11\/ISM02612-scaled.jpg 1707w\" sizes=\"auto, (max-width: 683px) 100vw, 683px\" \/><\/figure>\n\n\n\n<p><strong>El se\u00f1or Christopher Paniagua, presidente ejecutivo del Popular, explic\u00f3 el compromiso de la entidad con el desarrollo y el bienestar de las comunidades.<\/strong><\/p>\n\n\n\n<p>El se\u00f1or Christopher Paniagua, presidente ejecutivo del Popular, explic\u00f3 el compromiso de la entidad con el desarrollo y el bienestar de las comunidades, destacando que la entidad bancaria se siente feliz de poder contribuir con cada uno de estos proyectos locales que tocan y transforman vidas.<\/p>\n\n\n\n<p>\u201cTrabajar con visi\u00f3n sostenible para el crecimiento del pa\u00eds y de su gente, haciendo las cosas bien, es algo que honra nuestros or\u00edgenes y la historia de nuestros fundadores. Abordamos cada proyecto, buscando siempre equilibrar el progreso econ\u00f3mico, el bienestar social y el respeto al medio ambiente. Y este parque reci\u00e9n remozado es un nuevo ejemplo, que representa el compromiso del Popular con los dominicanos\u201d, indic\u00f3 el ejecutivo.<\/p>\n\n\n\n<figure class=\"wp-block-image size-large\"><img loading=\"lazy\" decoding=\"async\" width=\"1024\" height=\"683\" src=\"https:\/\/diariodominicano.com\/wp-content\/uploads\/2024\/11\/ISM02903-1024x683.jpg\" alt=\"\" class=\"wp-image-574886\" srcset=\"https:\/\/diariodominicano.com\/wp-content\/uploads\/2024\/11\/ISM02903-1024x683.jpg 1024w, https:\/\/diariodominicano.com\/wp-content\/uploads\/2024\/11\/ISM02903-300x200.jpg 300w, https:\/\/diariodominicano.com\/wp-content\/uploads\/2024\/11\/ISM02903-768x512.jpg 768w, https:\/\/diariodominicano.com\/wp-content\/uploads\/2024\/11\/ISM02903-1536x1024.jpg 1536w, https:\/\/diariodominicano.com\/wp-content\/uploads\/2024\/11\/ISM02903-2048x1365.jpg 2048w, https:\/\/diariodominicano.com\/wp-content\/uploads\/2024\/11\/ISM02903-816x544.jpg 816w\" sizes=\"auto, (max-width: 1024px) 100vw, 1024px\" \/><\/figure>\n\n\n\n<p><strong> <\/strong>La alcaldesa del Distrito Nacional, se\u00f1ora Carolina Mej\u00eda, agradeci\u00f3 el apoyo del Popular e inst\u00f3 a la comunidad a preservar el parque remozado.<\/p>\n\n\n\n<p>La alcaldesa del Distrito Nacional, se\u00f1ora Carolina Mej\u00eda, agradeci\u00f3 el apoyo del Popular y dijo que \u201cel inter\u00e9s de esta alianza no es financiero ni econ\u00f3mico; es el bienestar de la comunidad. En cada uno de los 11 hermosos espacios que hemos intervenido y transformado de manera integral con el Banco Popular Dominicano, hemos logrado devolverle a la comunidad mucho m\u00e1s de lo que originalmente hab\u00edamos pensado.\u201d<\/p>\n\n\n\n<p><strong>Detalles del remozamiento&nbsp;&nbsp;<\/strong><\/p>\n\n\n\n<figure class=\"wp-block-image size-large\"><img loading=\"lazy\" decoding=\"async\" width=\"691\" height=\"1024\" src=\"https:\/\/diariodominicano.com\/wp-content\/uploads\/2024\/11\/AND04028-1-691x1024.jpg\" alt=\"\" class=\"wp-image-574881\" srcset=\"https:\/\/diariodominicano.com\/wp-content\/uploads\/2024\/11\/AND04028-1-691x1024.jpg 691w, https:\/\/diariodominicano.com\/wp-content\/uploads\/2024\/11\/AND04028-1-202x300.jpg 202w, https:\/\/diariodominicano.com\/wp-content\/uploads\/2024\/11\/AND04028-1-768x1138.jpg 768w, https:\/\/diariodominicano.com\/wp-content\/uploads\/2024\/11\/AND04028-1-1036x1536.jpg 1036w, https:\/\/diariodominicano.com\/wp-content\/uploads\/2024\/11\/AND04028-1-1382x2048.jpg 1382w, https:\/\/diariodominicano.com\/wp-content\/uploads\/2024\/11\/AND04028-1-816x1210.jpg 816w, https:\/\/diariodominicano.com\/wp-content\/uploads\/2024\/11\/AND04028-1-scaled.jpg 1727w\" sizes=\"auto, (max-width: 691px) 100vw, 691px\" \/><\/figure>\n\n\n\n<p><strong> El ingeniero Jos\u00e9 Hern\u00e1ndez Caama\u00f1o, vicepresidente del \u00c1rea de Ingenier\u00eda y Mantenimiento del Popular, detall\u00f3 las mejoras realizadas.<\/strong><\/p>\n\n\n\n<p>El ingeniero Jos\u00e9 Hern\u00e1ndez Caama\u00f1o, vicepresidente del \u00c1rea de Ingenier\u00eda y Mantenimiento del Popular, detall\u00f3 las mejoras realizadas en el Parque AESA, que incluyen nuevos equipamientos de seguridad y la renovaci\u00f3n de aceras para facilitar la accesibilidad de los visitantes.<\/p>\n\n\n\n<p>El parque cuenta ahora con una cancha de baloncesto renovada, con murales en honor a atletas dominicanos de \u00e9lite como&nbsp;Marileidy Paulino y Francisco Garc\u00eda, adem\u00e1s de \u00e1reas recreativas como una zona infantil, un \u00f3valo para mascotas, gimnasio al aire libre y un gazebo con vista panor\u00e1mica. Para promover la sostenibilidad, se embelleci\u00f3 el paisajismo y se instal\u00f3 un sistema de riego que facilita su mantenimiento. Por igual, se colocaron estaciones de reciclaje para fomentar la educaci\u00f3n ambiental.<\/p>\n\n\n\n<figure class=\"wp-block-image size-large\"><img loading=\"lazy\" decoding=\"async\" width=\"1024\" height=\"683\" src=\"https:\/\/diariodominicano.com\/wp-content\/uploads\/2024\/11\/ISM02814-1024x683.jpg\" alt=\"\" class=\"wp-image-574884\" srcset=\"https:\/\/diariodominicano.com\/wp-content\/uploads\/2024\/11\/ISM02814-1024x683.jpg 1024w, https:\/\/diariodominicano.com\/wp-content\/uploads\/2024\/11\/ISM02814-300x200.jpg 300w, https:\/\/diariodominicano.com\/wp-content\/uploads\/2024\/11\/ISM02814-768x512.jpg 768w, https:\/\/diariodominicano.com\/wp-content\/uploads\/2024\/11\/ISM02814-1536x1024.jpg 1536w, https:\/\/diariodominicano.com\/wp-content\/uploads\/2024\/11\/ISM02814-2048x1365.jpg 2048w, https:\/\/diariodominicano.com\/wp-content\/uploads\/2024\/11\/ISM02814-816x544.jpg 816w\" sizes=\"auto, (max-width: 1024px) 100vw, 1024px\" \/><\/figure>\n\n\n\n<p>En nombre de la comunidad, el cogestor del parque, se\u00f1or Elinton Matos, expres\u00f3 su agradecimiento al Banco Popular y la Alcald\u00eda del Distrito Nacional \u201cpor el renovado parque, un nuevo espacio para toda la comunidad de la Urbanizaci\u00f3n AESA\u201d.<\/p>\n\n\n\n<p><strong>Inauguraci\u00f3n del parque<\/strong><\/p>\n\n\n\n<p>Representando al Popular, estuvieron presentes los se\u00f1ores Jos\u00e9 M\u00e1rmol, vicepresidente ejecutivo de Comunicaciones Corporativas, Reputaci\u00f3n y Banca Responsable; Mariel Bera, vicepresidenta del \u00c1rea de Relaciones Corporativas y Banca Responsable; Esteban Mart\u00ednez-Murga, vicepresidente del \u00c1rea de Comunicaci\u00f3n y Reputaci\u00f3n Corporativa; y Leonte Brea, vicepresidente del \u00c1rea de Negocios Zona Metro Oeste y Canales Comerciales.&nbsp;<\/p>\n\n\n\n<p>Por parte de la Alcald\u00eda y la comunidad, asistieron los se\u00f1ores Stalin Alc\u00e1ntara, vicealcalde del Distrito Nacional; Elizabeth Mateo, secretaria general de la Alcald\u00eda; Yovany Moya, presidente del Consejo Municipal; Yolanda De La Rosa, directora de Innovaci\u00f3n y Proyectos Especiales; y Enriquillo Matos, presidente de la junta de vecinos del sector AESA.<\/p>\n\n\n\n<p><strong>Vicepresidencia Ejecutiva<\/strong><br><strong>Comunicaciones Corporativas, Reputaci\u00f3n y Banca Responsable<\/strong><\/p>\n\n\n\n<p><strong>Grupo Popular, S. A<\/strong><\/p>\n","protected":false},"excerpt":{"rendered":"<p>El parque incluye \u00e1reas recreativas como zona infantil, \u00f3valo para mascotas y gimnasio al aire libre. El ADN dice Esta alianza p\u00fablico-privada ha rescatado 11 parques con 42,000 m\u00b2 En la inauguraci\u00f3n estuvieron presentes residentes de la comunidad, ejecutivos del Banco Popular Dominicano y funcionarios de la Alcald\u00eda del Distrito Nacional. Santo Domingo, D.N. \u2013 [&hellip;]<\/p>\n","protected":false},"author":28,"featured_media":574877,"comment_status":"closed","ping_status":"closed","sticky":true,"template":"","format":"standard","meta":{"footnotes":""},"categories":[36,25,27],"tags":[],"class_list":["post-574876","post","type-post","status-publish","format-standard","has-post-thumbnail","hentry","category-hombresmujeresycosas","category-gente","category-portada"],"_links":{"self":[{"href":"https:\/\/diariodominicano.com\/index.php?rest_route=\/wp\/v2\/posts\/574876","targetHints":{"allow":["GET"]}}],"collection":[{"href":"https:\/\/diariodominicano.com\/index.php?rest_route=\/wp\/v2\/posts"}],"about":[{"href":"https:\/\/diariodominicano.com\/index.php?rest_route=\/wp\/v2\/types\/post"}],"author":[{"embeddable":true,"href":"https:\/\/diariodominicano.com\/index.php?rest_route=\/wp\/v2\/users\/28"}],"replies":[{"embeddable":true,"href":"https:\/\/diariodominicano.com\/index.php?rest_route=%2Fwp%2Fv2%2Fcomments&post=574876"}],"version-history":[{"count":3,"href":"https:\/\/diariodominicano.com\/index.php?rest_route=\/wp\/v2\/posts\/574876\/revisions"}],"predecessor-version":[{"id":574888,"href":"https:\/\/diariodominicano.com\/index.php?rest_route=\/wp\/v2\/posts\/574876\/revisions\/574888"}],"wp:featuredmedia":[{"embeddable":true,"href":"https:\/\/diariodominicano.com\/index.php?rest_route=\/wp\/v2\/media\/574877"}],"wp:attachment":[{"href":"https:\/\/diariodominicano.com\/index.php?rest_route=%2Fwp%2Fv2%2Fmedia&parent=574876"}],"wp:term":[{"taxonomy":"category","embeddable":true,"href":"https:\/\/diariodominicano.com\/index.php?rest_route=%2Fwp%2Fv2%2Fcategories&post=574876"},{"taxonomy":"post_tag","embeddable":true,"href":"https:\/\/diariodominicano.com\/index.php?rest_route=%2Fwp%2Fv2%2Ftags&post=574876"}],"curies":[{"name":"wp","href":"https:\/\/api.w.org\/{rel}","templated":true}]}}