{"id":574845,"date":"2024-11-15T22:16:49","date_gmt":"2024-11-16T02:16:49","guid":{"rendered":"https:\/\/diariodominicano.com\/?p=574845"},"modified":"2024-11-15T22:18:42","modified_gmt":"2024-11-16T02:18:42","slug":"lideres-de-la-apec-se-reunen-en-lima-enfocados-en-reforzar-alianzas","status":"publish","type":"post","link":"https:\/\/diariodominicano.com\/?p=574845","title":{"rendered":"L\u00edderes de la APEC se re\u00fanen en Lima enfocados en reforzar alianzas"},"content":{"rendered":"\n<p>Vista general de la reuni\u00f3n de di\u00e1logo informal entre los l\u00edderes participantes de la cumbre de la APEC en Lima, Per\u00fa, mientras interviene la presidenta de esa naci\u00f3n, Dina Boluarte, el 15 de noviembre de 2024. (AFP\/Saul Loeb)<\/p>\n\n\n\n<p>noviembre 15, 2024<\/p>\n\n\n\n<ul class=\"wp-block-list\">\n<li><a href=\"https:\/\/www.vozdeamerica.com\/author\/voz-de-america-redaccion\/p_kym\">Voz de Am\u00e9rica &#8211; Redacci\u00f3n<\/a><\/li>\n<\/ul>\n\n\n\n<ul class=\"wp-block-list\">\n<li><a href=\"https:\/\/facebook.com\/sharer.php?u=https%3a%2f%2fwww.vozdeamerica.com%2fa%2flideres-de-la-apec-se-reunen-en-lima-enfocados-en-impulsar-el-crecimiento-inclusivo%2f7864930.html\" target=\"_blank\" rel=\"noreferrer noopener\"><\/a><\/li>\n\n\n\n<li><a href=\"https:\/\/twitter.com\/share?url=https%3a%2f%2fwww.vozdeamerica.com%2fa%2flideres-de-la-apec-se-reunen-en-lima-enfocados-en-impulsar-el-crecimiento-inclusivo%2f7864930.html&amp;text=L%c3%adderes+de+la+APEC+se+re%c3%banen+en+Lima+enfocados+en+reforzar+alianzas+\" target=\"_blank\" rel=\"noreferrer noopener\"><\/a><\/li>\n\n\n\n<li><\/li>\n\n\n\n<li><a href=\"mailto:?body=https%3a%2f%2fwww.vozdeamerica.com%2fa%2flideres-de-la-apec-se-reunen-en-lima-enfocados-en-impulsar-el-crecimiento-inclusivo%2f7864930.html&amp;subject=L%C3%ADderes%20de%20la%20APEC%20se%20re%C3%BAnen%20en%20Lima%20enfocados%20en%20reforzar%20alianzas\"><\/a><\/li>\n<\/ul>\n\n\n\n<p><a href=\"https:\/\/www.vozdeamerica.com\/a\/lideres-de-la-apec-se-reunen-en-lima-enfocados-en-impulsar-el-crecimiento-inclusivo\/7864930.html#comments\">&nbsp;Vea comentarios<\/a><\/p>\n\n\n\n<p>Presidentes y dignatarios de los 21 pa\u00edses miembros de la APEC se re\u00fanen en Lima en una cumbre enfocada en ampliar la colaboraci\u00f3n, impulsar el crecimiento econ\u00f3mico inclusivo y reforzar alianzas, a s\u00f3lo dos meses de un cambio de gobierno en EEUU.<\/p>\n\n\n\n<p>L\u00edderes y representantes de los 21 pa\u00edses que integran el Foro de Cooperaci\u00f3n Econ\u00f3mica Asia Pac\u00edfico (APEC en ingl\u00e9s), se re\u00fanen&nbsp;<em><strong><a href=\"https:\/\/www.vozdeamerica.com\/a\/lo-que-sabemos-del-foro-de-apec-que-reune-en-peru-a-las-21-economias-mas-importantes-del-mundo\/7862349.html\" target=\"_blank\" rel=\"noreferrer noopener\">en una cumbre este viernes en Lima<\/a><\/strong><\/em>, Per\u00fa, para fortalecer alianzas, descubrir nuevas rutas de cooperaci\u00f3n que prioricen el crecimiento inclusivo y dialogar sobre el futuro econ\u00f3mico mundial, a apenas dos meses de un cambio de gobierno en Estados Unidos<\/p>\n\n\n\n<p>La reuni\u00f3n anual, que agrupa a naciones que en conjunto representan casi dos tercios del PIB global y la mitad del comercio mundial, es la primera cita econ\u00f3mica internacional desde la victoria del ahora presidente electo Donald Trump en las elecciones estadounidenses y mientras el mundo se pregunta c\u00f3mo su segundo mandato podr\u00eda alterar las din\u00e1micas existentes.<\/p>\n\n\n\n<p>El mandatario saliente Joe Biden lleg\u00f3 ayer a la capital peruana, donde se espera se re\u00fana con su hom\u00f3logo chino, Xi Jinping, por primera vez desde su encuentro en la edici\u00f3n del a\u00f1o pasado. El foro de la APEC ser\u00e1 una de las \u00faltimas reuniones globales a las que el presidente estadounidense asistir\u00e1 antes de su salida del cargo el pr\u00f3ximo 20 de enero.<\/p>\n\n\n\n<p><a href=\"https:\/\/www.vozdeamerica.com\/a\/biden-llega-a-cumbre-apec-en-peru-expectativas-por-su-reunion-con-xi-jinping\/7864399.html\"><\/a><\/p>\n\n\n\n<p><a href=\"https:\/\/www.vozdeamerica.com\/a\/biden-llega-a-cumbre-apec-en-peru-expectativas-por-su-reunion-con-xi-jinping\/7864399.html\">Tambi\u00e9n lea<\/a><\/p>\n\n\n\n<h4 class=\"wp-block-heading\"><a href=\"https:\/\/www.vozdeamerica.com\/a\/biden-llega-a-cumbre-apec-en-peru-expectativas-por-su-reunion-con-xi-jinping\/7864399.html\">Biden llega a cumbre APEC en Per\u00fa, expectativas por su reuni\u00f3n con Xi Jinping<\/a><\/h4>\n\n\n\n<p>Adem\u00e1s de Biden y Xi, tambi\u00e9n se encuentran en Lima el primer ministro de Canad\u00e1, Justin Trudeau; el presidente de Indonesia, Prabowo Subianto; el primer ministro de Jap\u00f3n, Shigeru Ishiba, y el de Australia, Anthony Albanese.<\/p>\n\n\n\n<p>El jefe de la Casa Blanca tambi\u00e9n tiene previstas reuniones con su hom\u00f3logo surcoreano Yoon Suk Yeol, con el premier japon\u00e9s y con la presidenta de Per\u00fa, Dina Boluarte.<\/p>\n\n\n\n<p>Los miembros de la APEC sostendr\u00e1n conversaciones a puerta cerrada en la ma\u00f1ana y se reunir\u00e1n en la tarde con miembros del consejo asesor empresarial del bloque. Esta entidad se reuni\u00f3 el mi\u00e9rcoles y pidi\u00f3 a los socios del bloque que impulsen el crecimiento inclusivo y prioricen las necesidades de las micro, peque\u00f1as y medianas empresas, especialmente las dirigidas por mujeres y emprendedores ind\u00edgenas.<\/p>\n\n\n\n<p>\u201cAunque la econom\u00eda global sigue resistiendo, las econom\u00edas de APEC est\u00e1n lidiando con una inflaci\u00f3n persistente, disparidades econ\u00f3micas, altas tasas de inter\u00e9s y la urgente necesidad de aumentar las inversiones para un futuro verde y resistente al clima\u201d, afirm\u00f3 la presidenta del consejo, Julia Torreblanca.<\/p>\n\n\n\n<p>De la cumbre de la APEC, el presidente Biden viajar\u00e1 a Brasil para participar en la reuni\u00f3n del G20, donde sus asesores han adelantado que se enfocar\u00e1 &#8211; al igual que en Lima- en insistir en la importancia de mantener el apoyo a Ucrania en su lucha contra la invasi\u00f3n de Rusia y para insistir en la negociaci\u00f3n del final de las guerras de Israel en L\u00edbano y la Franja de Gaza.<\/p>\n\n\n\n<p><a href=\"https:\/\/www.vozdeamerica.com\/a\/lo-que-sabemos-del-megapuerto-de-peru-que-inaugura-esta-semana-el-presidente-de-china\/7861030.html\"><\/a><\/p>\n\n\n\n<p><a href=\"https:\/\/www.vozdeamerica.com\/a\/lo-que-sabemos-del-megapuerto-de-peru-que-inaugura-esta-semana-el-presidente-de-china\/7861030.html\">Tambi\u00e9n lea<\/a><\/p>\n\n\n\n<h4 class=\"wp-block-heading\"><a href=\"https:\/\/www.vozdeamerica.com\/a\/lo-que-sabemos-del-megapuerto-de-peru-que-inaugura-esta-semana-el-presidente-de-china\/7861030.html\">Lo que sabemos del megapuerto chino en Per\u00fa que ya empieza operaciones<\/a><\/h4>\n\n\n\n<p>La agenda del Xi Jinping rivaliza la de Biden. El l\u00edder chino&nbsp;<em><strong><a href=\"https:\/\/www.vozdeamerica.com\/a\/presidente-xi-jinping-inaugura-megapuerto-chino-en-peru\/7864707.html\" target=\"_blank\" rel=\"noreferrer noopener\">inaugur\u00f3 un megapuerto de 1.300 millones de d\u00f3lares<\/a><\/strong><\/em>&nbsp;que es quiz\u00e1s la se\u00f1al m\u00e1s clara de la reorientaci\u00f3n en curso en Am\u00e9rica Latina.<\/p>\n\n\n\n<h3 class=\"wp-block-heading\">Trump, el ausente presente<\/h3>\n\n\n\n<p>Sin embargo, los analistas afirman que tanto las cumbres de la APEC como la del G20 estar\u00e1n dominadas por la incertidumbre ante el regreso de Trump a Washington.<\/p>\n\n\n\n<p>\u00abLa APEC y el G20 girar\u00e1n en torno a una sola cosa&#8230; y eso ser\u00e1 Donald Trump, y qu\u00e9 esperar de la pr\u00f3xima administraci\u00f3n Trump en materia de comercio, alianzas y otros temas\u00bb, dijo Victor Cha, presidente del Departamento de Geopol\u00edtica y Pol\u00edtica Exterior del Centro de Estudios Estrat\u00e9gicos e Internacionales.<\/p>\n\n\n\n<p>Trump derrot\u00f3 a la vicepresidenta y candidata dem\u00f3crata Kamala Harris en las elecciones presidenciales del 5 de noviembre despu\u00e9s de prometer a los estadounidenses que impondr\u00eda fuertes aranceles a todas las importaciones, con \u00e9nfasis en los productos chinos, y se\u00f1al\u00f3 un apoyo mucho m\u00e1s suave a Ucrania en su guerra contra Rusia.<\/p>\n\n\n\n<p>La derrota de Harris se produjo despu\u00e9s de que Biden, de 81 a\u00f1os, se hizo a un lado en la carrera.<\/p>\n\n\n\n<p>El partido republicano de Trump tambi\u00e9n gan\u00f3 el control de ambas c\u00e1maras del Congreso, lo que le da al mandatario electo un poder adicional para impulsar medidas sobre comercio y otros temas.<\/p>\n\n\n\n<p><a href=\"https:\/\/www.vozdeamerica.com\/a\/del-eeuu-de-regreso-de-biden-al-eeuu-primero-de-trump-incognitas-en-el-foro-de-apec\/7863439.html\"><\/a><\/p>\n\n\n\n<p><a href=\"https:\/\/www.vozdeamerica.com\/a\/del-eeuu-de-regreso-de-biden-al-eeuu-primero-de-trump-incognitas-en-el-foro-de-apec\/7863439.html\">Tambi\u00e9n lea<\/a><\/p>\n\n\n\n<h4 class=\"wp-block-heading\"><a href=\"https:\/\/www.vozdeamerica.com\/a\/del-eeuu-de-regreso-de-biden-al-eeuu-primero-de-trump-incognitas-en-el-foro-de-apec\/7863439.html\">Del \u00abEEUU de regreso\u00bb de Biden al \u00abEEUU primero\u00bb de Trump: inc\u00f3gnitas en el foro de la APEC<\/a><\/h4>\n\n\n\n<p>Biden asumi\u00f3 el cargo en 2020 buscando reconstruir alianzas tensas durante el primer mandato de Trump y trat\u00f3 de demostrar que Estados Unidos segu\u00eda comprometido m\u00e1s all\u00e1 de sus fronteras. Fortaleci\u00f3 y expandi\u00f3 la Organizaci\u00f3n del Tratado del Atl\u00e1ntico Norte (OTAN) adem\u00e1s de trabajar para contrarrestar a China en el Indo-Pac\u00edfico construyendo alianzas multilaterales en Asia.<\/p>\n\n\n\n<p>Trump tiene una visi\u00f3n del mundo fundamentalmente diferente a la de Biden, prefiriendo reuniones bilaterales donde puede practicar la diplomacia transaccional en lugar de asociaciones multilaterales como la OTAN.<\/p>\n\n\n\n<p><em>[Con informaci\u00f3n de Associated Press y Reuters]<\/em><\/p>\n","protected":false},"excerpt":{"rendered":"<p>Vista general de la reuni\u00f3n de di\u00e1logo informal entre los l\u00edderes participantes de la cumbre de la APEC en Lima, Per\u00fa, mientras interviene la presidenta de esa naci\u00f3n, Dina Boluarte, el 15 de noviembre de 2024. (AFP\/Saul Loeb) noviembre 15, 2024 &nbsp;Vea comentarios Presidentes y dignatarios de los 21 pa\u00edses miembros de la APEC se [&hellip;]<\/p>\n","protected":false},"author":28,"featured_media":574846,"comment_status":"closed","ping_status":"closed","sticky":true,"template":"","format":"standard","meta":{"footnotes":""},"categories":[18,23],"tags":[],"class_list":["post-574845","post","type-post","status-publish","format-standard","has-post-thumbnail","hentry","category-economia","category-internacional"],"_links":{"self":[{"href":"https:\/\/diariodominicano.com\/index.php?rest_route=\/wp\/v2\/posts\/574845","targetHints":{"allow":["GET"]}}],"collection":[{"href":"https:\/\/diariodominicano.com\/index.php?rest_route=\/wp\/v2\/posts"}],"about":[{"href":"https:\/\/diariodominicano.com\/index.php?rest_route=\/wp\/v2\/types\/post"}],"author":[{"embeddable":true,"href":"https:\/\/diariodominicano.com\/index.php?rest_route=\/wp\/v2\/users\/28"}],"replies":[{"embeddable":true,"href":"https:\/\/diariodominicano.com\/index.php?rest_route=%2Fwp%2Fv2%2Fcomments&post=574845"}],"version-history":[{"count":2,"href":"https:\/\/diariodominicano.com\/index.php?rest_route=\/wp\/v2\/posts\/574845\/revisions"}],"predecessor-version":[{"id":574848,"href":"https:\/\/diariodominicano.com\/index.php?rest_route=\/wp\/v2\/posts\/574845\/revisions\/574848"}],"wp:featuredmedia":[{"embeddable":true,"href":"https:\/\/diariodominicano.com\/index.php?rest_route=\/wp\/v2\/media\/574846"}],"wp:attachment":[{"href":"https:\/\/diariodominicano.com\/index.php?rest_route=%2Fwp%2Fv2%2Fmedia&parent=574845"}],"wp:term":[{"taxonomy":"category","embeddable":true,"href":"https:\/\/diariodominicano.com\/index.php?rest_route=%2Fwp%2Fv2%2Fcategories&post=574845"},{"taxonomy":"post_tag","embeddable":true,"href":"https:\/\/diariodominicano.com\/index.php?rest_route=%2Fwp%2Fv2%2Ftags&post=574845"}],"curies":[{"name":"wp","href":"https:\/\/api.w.org\/{rel}","templated":true}]}}