{"id":574842,"date":"2024-11-15T16:58:07","date_gmt":"2024-11-15T20:58:07","guid":{"rendered":"https:\/\/diariodominicano.com\/?p=574842"},"modified":"2024-11-15T16:58:15","modified_gmt":"2024-11-15T20:58:15","slug":"canciller-roberto-alvarez-propone-replantear-acciones-para-abordar-la-seguridad-en-diferentes-sectores-de-iberoamerica","status":"publish","type":"post","link":"https:\/\/diariodominicano.com\/?p=574842","title":{"rendered":"Canciller Roberto \u00c1lvarez propone replantear acciones para abordar la seguridad en diferentes sectores de Iberoam\u00e9rica"},"content":{"rendered":"\n<p>diariodominicano.com<\/p>\n\n\n\n<p>Cuenca, Ecuador,\u200215 de noviembre, 2024.-\u00a0<strong>El canciller Roberto \u00c1lvarez<\/strong>\u00a0llam\u00f3 este viernes a los\u00a0<strong>Gobiernos de Iberoam\u00e9rica<\/strong>\u00a0a repensar las acciones que se est\u00e1n implementando para<strong>\u00a0garantizar la seguridad<\/strong>\u00a0a los pueblos de esta comunidad, no solo en materia de\u00a0<strong>seguridad ciudadana<\/strong>, sino tambi\u00e9n\u00a0<strong>alimentaria, energ\u00e9tica e h\u00eddrica<\/strong>, temas de especial trascendencia para los\u00a0<strong>pa\u00edses del Caribe.<\/strong><\/p>\n\n\n\n<p>En representaci\u00f3n del&nbsp;<strong>presidente Luis Abinader<\/strong>, el ministro de Relaciones Exteriores plante\u00f3 en su discurso ante la&nbsp;<strong>XXIX Cumbre Iberoamericana de Jefas y Jefes de Estado y de Gobierno<\/strong>, que se realiz\u00f3&nbsp;<strong>en Ecuador<\/strong>, que la ausencia de conflictos interestatales y la&nbsp;<strong>prevalencia de la democracia<\/strong>&nbsp;como forma de gobierno en la comunidad iberoamericana son logros por los que la comunidad debe sentirse orgullosa,&nbsp;<em>\u201csin olvidar que esta es una realidad por la que debemos constantemente luchar. Sin embargo, la ausencia de conflictos interestatales no supone la ausencia de criminalidad y violencia, \u00e1reas donde lamentablemente pareciera, por momentos, que nuestras acciones son insuficientes\u201d,<\/em>&nbsp;agreg\u00f3 el diplom\u00e1tico.<\/p>\n\n\n\n<p>Roberto \u00c1lvarez consider\u00f3 que la violencia y el crimen organizado erosionan la base sobre la que se construye la&nbsp;<strong>convivencia pac\u00edfica y democr\u00e1tica<\/strong>&nbsp;de las sociedades, es decir, la confianza en las instituciones p\u00fablicas, y a su juicio, esa desconfianza en el poder p\u00fablico para&nbsp;<strong>combatir a los infractores&nbsp;<\/strong>de la ley,&nbsp;<strong>a los corruptos y al crimen organizado<\/strong>, debilita la capacidad de la democracia para resolver agudos problemas sociales.<\/p>\n\n\n\n<p>\u201c<em>En virtud de lo anterior, hacemos un llamado a un nuevo enfoque de cooperaci\u00f3n en materia de seguridad ciudadana para compartir mejores pr\u00e1cticas y recursos que nos permitan reducir la incidencia y fortaleza del crimen organizado en nuestra comunidad. Resulta ir\u00f3nico que, siendo Am\u00e9rica Latina una de las mayores productoras de alimentos del planeta, la prevalencia del hambre y la subnutrici\u00f3n se mantenga como una sombra que opaca los importantes avances en la ruta hacia el desarrollo que hemos alcanzado en las \u00faltimas tres d\u00e9cadas\u201d,&nbsp;<\/em>expres\u00f3 el canciller dominicano.<\/p>\n\n\n\n<p>Por otro lado, el ministro \u00c1lvarez resalt\u00f3 que los notorios cambios en el clima y en los patrones de lluvia incrementan la exposici\u00f3n a&nbsp;<strong>fen\u00f3menos naturales<\/strong>&nbsp;cada vez m\u00e1s&nbsp;<strong>poderosos e impredecibles<\/strong>, sumado a&nbsp;<strong>otras amenazas<\/strong>&nbsp;como la afloraci\u00f3n descontrolada del sargazo en el&nbsp;<strong>Caribe y Centroam\u00e9rica.<\/strong><\/p>\n\n\n\n<p>En la cumbre, cuyo lema fue&nbsp;<strong>Innovaci\u00f3n, Inclusi\u00f3n y Sostenibilidad<\/strong>, el canciller agreg\u00f3 que&nbsp;<em>\u201csin cooperaci\u00f3n para mejorar nuestra resiliencia y adaptaci\u00f3n a los efectos del cambio clim\u00e1tico habr\u00e1 m\u00e1s hambre, menos disponibilidad h\u00eddrica y por v\u00eda de consecuencia mayor inseguridad alimentaria y ciudadana\u201d.<\/em><\/p>\n\n\n\n<p>En este c\u00f3nclave, el canciller estuvo acompa\u00f1ado del ministro de Industria, Comercio y Mipymes,&nbsp;<strong>V\u00edctor -Ito- Bison\u00f3;<\/strong>&nbsp;el viceministro de Pol\u00edtica Exterior Multilateral,&nbsp;<strong>Rub\u00e9n Sili\u00e9;<\/strong>&nbsp;el embajador dominicano en Ecuador,&nbsp;<strong>Luis Kalaff<\/strong>; la directora de Integraci\u00f3n Regional del Mirex,&nbsp;<strong>Ana Idalia Castellanos<\/strong>, y&nbsp;<strong>Aurea Terrero<\/strong>, encargada de la Divisi\u00f3n de Iberoam\u00e9rica.<\/p>\n\n\n\n<p><a href=\"https:\/\/presidencia.gob.do\/taxonomy\/term\/73\">MIREX<\/a><\/p>\n","protected":false},"excerpt":{"rendered":"<p>diariodominicano.com Cuenca, Ecuador,\u200215 de noviembre, 2024.-\u00a0El canciller Roberto \u00c1lvarez\u00a0llam\u00f3 este viernes a los\u00a0Gobiernos de Iberoam\u00e9rica\u00a0a repensar las acciones que se est\u00e1n implementando para\u00a0garantizar la seguridad\u00a0a los pueblos de esta comunidad, no solo en materia de\u00a0seguridad ciudadana, sino tambi\u00e9n\u00a0alimentaria, energ\u00e9tica e h\u00eddrica, temas de especial trascendencia para los\u00a0pa\u00edses del Caribe. En representaci\u00f3n del&nbsp;presidente Luis Abinader, el [&hellip;]<\/p>\n","protected":false},"author":5,"featured_media":574843,"comment_status":"closed","ping_status":"closed","sticky":true,"template":"","format":"standard","meta":{"footnotes":""},"categories":[20,27],"tags":[],"class_list":["post-574842","post","type-post","status-publish","format-standard","has-post-thumbnail","hentry","category-dominicana-hoy","category-portada"],"_links":{"self":[{"href":"https:\/\/diariodominicano.com\/index.php?rest_route=\/wp\/v2\/posts\/574842","targetHints":{"allow":["GET"]}}],"collection":[{"href":"https:\/\/diariodominicano.com\/index.php?rest_route=\/wp\/v2\/posts"}],"about":[{"href":"https:\/\/diariodominicano.com\/index.php?rest_route=\/wp\/v2\/types\/post"}],"author":[{"embeddable":true,"href":"https:\/\/diariodominicano.com\/index.php?rest_route=\/wp\/v2\/users\/5"}],"replies":[{"embeddable":true,"href":"https:\/\/diariodominicano.com\/index.php?rest_route=%2Fwp%2Fv2%2Fcomments&post=574842"}],"version-history":[{"count":1,"href":"https:\/\/diariodominicano.com\/index.php?rest_route=\/wp\/v2\/posts\/574842\/revisions"}],"predecessor-version":[{"id":574844,"href":"https:\/\/diariodominicano.com\/index.php?rest_route=\/wp\/v2\/posts\/574842\/revisions\/574844"}],"wp:featuredmedia":[{"embeddable":true,"href":"https:\/\/diariodominicano.com\/index.php?rest_route=\/wp\/v2\/media\/574843"}],"wp:attachment":[{"href":"https:\/\/diariodominicano.com\/index.php?rest_route=%2Fwp%2Fv2%2Fmedia&parent=574842"}],"wp:term":[{"taxonomy":"category","embeddable":true,"href":"https:\/\/diariodominicano.com\/index.php?rest_route=%2Fwp%2Fv2%2Fcategories&post=574842"},{"taxonomy":"post_tag","embeddable":true,"href":"https:\/\/diariodominicano.com\/index.php?rest_route=%2Fwp%2Fv2%2Ftags&post=574842"}],"curies":[{"name":"wp","href":"https:\/\/api.w.org\/{rel}","templated":true}]}}