{"id":574827,"date":"2024-11-15T15:57:40","date_gmt":"2024-11-15T19:57:40","guid":{"rendered":"https:\/\/diariodominicano.com\/?p=574827"},"modified":"2024-11-15T15:57:47","modified_gmt":"2024-11-15T19:57:47","slug":"condenan-a-15-anos-de-prision-hombre-que-violo-hijastra-de-13-anos","status":"publish","type":"post","link":"https:\/\/diariodominicano.com\/?p=574827","title":{"rendered":"Condenan a 15 a\u00f1os de prisi\u00f3n hombre que viol\u00f3 hijastra de 13 a\u00f1os"},"content":{"rendered":"\n<p>diariodominicano.com<\/p>\n\n\n\n<p>Santo Domingo Oeste, R. D.,\u200215 de noviembre, 2024.-\u2002\u00a0La Fiscal\u00eda de Santo Domingo Oeste logr\u00f3 que un tribunal de esta jurisdicci\u00f3n condene a 15 a\u00f1os de prisi\u00f3n a un hombre por violaci\u00f3n sexual, en perjuicio de una hijastra de 13 a\u00f1os de edad, a quien tambi\u00e9n embaraz\u00f3, en un hecho ocurrido en el a\u00f1o 2023.<\/p>\n\n\n\n<p>La condena fue impuesta por los jueces Julio de los Santos Morlan, Clara Yoselin Rivera Franco y Nelcy Ortega, contra el acusado, cuyo nombre no ser\u00e1 revelado, \u00fanicamente para proteger la identidad de la v\u00edctima.<\/p>\n\n\n\n<p>Los fiscales litigantes M\u00e1ximo Rodr\u00edguez y Sugely M. Valdez, se\u00f1alaron durante la audiencia, que el hoy condenado comenz\u00f3 a violar a la adolescente cuando ella ten\u00eda 11 a\u00f1os de edad, prueba que fue aportada al conjunto de otras evidencias, ante el tribunal, y con las cuales fue fundamentada la culpabilidad del acusado.<\/p>\n\n\n\n<p>Con relaci\u00f3n a los hechos, el padre de la adolescente fue la persona que hizo la denuncia en la Unidad de Atenci\u00f3n a V\u00edctimas de Violencia de G\u00e9nero, Intrafamiliar y Delitos Sexuales de esta demarcaci\u00f3n, y quien declar\u00f3 que en septiembre del 2023, en horas de la noche, se enter\u00f3 de que su hija hab\u00eda sido ingresada en un centro m\u00e9dico de asistencia p\u00fablica.<\/p>\n\n\n\n<p>El padre de la menor tambi\u00e9n agreg\u00f3, mediante su testimonio, que, al llegar al centro de salud, se enter\u00f3 de que los m\u00e9dicos le estaban practicando a su hija una ces\u00e1rea de emergencia, ya que, al momento de la intervenci\u00f3n quir\u00fargica, la adolescente ten\u00eda ocho meses de embarazo, producto de la violaci\u00f3n sexual incestuosa, cometida por el marido de la madre.<\/p>\n\n\n\n<p>El documento judicial, se\u00f1ala que al reci\u00e9n nacido le fue practicado un an\u00e1lisis de filiaci\u00f3n por \u00c1cido Desoxirribonucleico (ADN), y que el resultado revel\u00f3 que el acusado es el padre del beb\u00e9, una prueba irrefutable de su culpabilidad.<\/p>\n\n\n\n<p>En el comunicado de prensa, mediante el cual se ofreci\u00f3 la informaci\u00f3n, la instituci\u00f3n destac\u00f3 que tambi\u00e9n omiti\u00f3 los nombres de los progenitores de la v\u00edctima como una medida para evitar que la misma sea objeto de revictimizaci\u00f3n.&nbsp;<\/p>\n\n\n\n<p>El tribunal acogi\u00f3 la calificaci\u00f3n jur\u00eddica propuesta por el Ministerio P\u00fablico, en las que se\u00f1ala al acusado culpable de violaci\u00f3n incestuosa, contenida en los art\u00edculos 332-1 y 332-2 del C\u00f3digo Penal Dominicano y de infringir los art\u00edculos 12 y 396, literales A, B y C, de la Ley 136-03, para la Protecci\u00f3n de los Derechos de los Ni\u00f1os, Ni\u00f1as y Adolescentes.<\/p>\n\n\n\n<p>El justiciable cumplir\u00e1 prisi\u00f3n en el Centro de Privaci\u00f3n de Libertad (CPL) La Victoria, en Santo Domingo Norte.<\/p>\n\n\n\n<p><strong>Direcci\u00f3n General de Comunicaci\u00f3n, Prensa, y RRPP<\/strong><strong><\/strong><\/p>\n\n\n\n<p>Ministerio P\u00fablico.&nbsp;R.D.<\/p>\n\n\n\n<p>Viernes, 15 de noviembre de 2024<\/p>\n\n\n\n<p><strong>COMUNICACIONES PGR<\/strong><\/p>\n","protected":false},"excerpt":{"rendered":"<p>diariodominicano.com Santo Domingo Oeste, R. D.,\u200215 de noviembre, 2024.-\u2002\u00a0La Fiscal\u00eda de Santo Domingo Oeste logr\u00f3 que un tribunal de esta jurisdicci\u00f3n condene a 15 a\u00f1os de prisi\u00f3n a un hombre por violaci\u00f3n sexual, en perjuicio de una hijastra de 13 a\u00f1os de edad, a quien tambi\u00e9n embaraz\u00f3, en un hecho ocurrido en el a\u00f1o 2023. [&hellip;]<\/p>\n","protected":false},"author":5,"featured_media":566859,"comment_status":"closed","ping_status":"closed","sticky":true,"template":"","format":"standard","meta":{"footnotes":""},"categories":[24,27],"tags":[],"class_list":["post-574827","post","type-post","status-publish","format-standard","has-post-thumbnail","hentry","category-justicia-y-derecho","category-portada"],"_links":{"self":[{"href":"https:\/\/diariodominicano.com\/index.php?rest_route=\/wp\/v2\/posts\/574827","targetHints":{"allow":["GET"]}}],"collection":[{"href":"https:\/\/diariodominicano.com\/index.php?rest_route=\/wp\/v2\/posts"}],"about":[{"href":"https:\/\/diariodominicano.com\/index.php?rest_route=\/wp\/v2\/types\/post"}],"author":[{"embeddable":true,"href":"https:\/\/diariodominicano.com\/index.php?rest_route=\/wp\/v2\/users\/5"}],"replies":[{"embeddable":true,"href":"https:\/\/diariodominicano.com\/index.php?rest_route=%2Fwp%2Fv2%2Fcomments&post=574827"}],"version-history":[{"count":1,"href":"https:\/\/diariodominicano.com\/index.php?rest_route=\/wp\/v2\/posts\/574827\/revisions"}],"predecessor-version":[{"id":574828,"href":"https:\/\/diariodominicano.com\/index.php?rest_route=\/wp\/v2\/posts\/574827\/revisions\/574828"}],"wp:featuredmedia":[{"embeddable":true,"href":"https:\/\/diariodominicano.com\/index.php?rest_route=\/wp\/v2\/media\/566859"}],"wp:attachment":[{"href":"https:\/\/diariodominicano.com\/index.php?rest_route=%2Fwp%2Fv2%2Fmedia&parent=574827"}],"wp:term":[{"taxonomy":"category","embeddable":true,"href":"https:\/\/diariodominicano.com\/index.php?rest_route=%2Fwp%2Fv2%2Fcategories&post=574827"},{"taxonomy":"post_tag","embeddable":true,"href":"https:\/\/diariodominicano.com\/index.php?rest_route=%2Fwp%2Fv2%2Ftags&post=574827"}],"curies":[{"name":"wp","href":"https:\/\/api.w.org\/{rel}","templated":true}]}}