{"id":574813,"date":"2024-11-15T23:30:27","date_gmt":"2024-11-16T03:30:27","guid":{"rendered":"https:\/\/diariodominicano.com\/?p=574813"},"modified":"2024-11-15T23:30:29","modified_gmt":"2024-11-16T03:30:29","slug":"realizaran-marcha-de-las-novias-este-domingo-17-partira-del-parque-de-san-carlos","status":"publish","type":"post","link":"https:\/\/diariodominicano.com\/?p=574813","title":{"rendered":"Realizar\u00e1n \u201cMarcha de las Novias\u201d este domingo 17, partir\u00e1 del parque de San Carlos"},"content":{"rendered":"\n<p>SANTO DOMINGO.-Bajo el lema \u201cAlza la voz Contra el Feminicidio entre Parejas\u201d, el colectivo Viviendo el Retorno, realizar\u00e1 este domingo 17 de noviembre la \u201cMarcha de las Novias\u201d, la cual partir\u00e1 desde el parque de San Carlos, del Distrito Nacional a las 9:00 de la ma\u00f1ana y culminar\u00e1 en la puerta del Conde, del parque Independencia.<\/p>\n\n\n\n<p>La actividad tiene el objetivo crear conciencia sobre la violencia dom\u00e9stica y de g\u00e9nero, y para recordar a quienes han perdido la vida a causa de feminicidio. Cada a\u00f1o decenas de mujeres vestidas de blanco marchan en diferentes ciudades de Estados Unidos, Rep\u00fablica Dominicana y otros pa\u00edses para recordar el crimen contra Gladys Ricart.<\/p>\n\n\n\n<p>Mireya Cruz, dirigente del colectivo, inform\u00f3 que la marcha es un evento que se realiza en solidaridad y para visibilizar el feminicidio en pareja y la violencia contra la mujer, que est\u00e1 inspirada en la historia de la dominicana Gladys Ricart, a quien su exnovio, Agustin Garcia, le quit\u00f3 la vida el d\u00eda de su boda en Nueva Jersey, Estados Unidos.<\/p>\n\n\n\n<p>\u201cCon esta actividad buscamos honrar la memoria de Ricart y de todas las mujeres que han sido v\u00edctimas de violencia de g\u00e9nero, y esta hacemos la marcha en colaboraci\u00f3n con el comit\u00e9 \u201cViviendo el Retorno\u201d, indica una nota de los organizadores.<\/p>\n\n\n\n<p>Cruz, dio la informaci\u00f3n durante su participaci\u00f3n en el programa \u201cEn Nombre de la Democracia\u201d que producen y conducen cada jueves por el canal 26, de Carivisi\u00f3n de 2:00 a 3:00 de la tarde los periodistas Lilian Mateo y Eugenio Ferrand.<\/p>\n\n\n\n<p>Se invita a todos los participantes -indic\u00f3 Cruz- a vestirse con trajes blanco y negro, como s\u00edmbolo de respeto con todas \u201caquellas f\u00e9minas que ya no pueden hablar s\u00ed misma\u201d. Los organizadores informaron que tendr\u00e1n trajes de hombre y mujer para facilitarlos a los participantes.<\/p>\n\n\n\n<p>Se considera como alarmante la situaci\u00f3n de violencia de g\u00e9nero en Rep\u00fablica Dominicana, \u201cpor lo que eventos como estos son fundamentales para crear conciencia y reclamar pol\u00edticas publicas efectivas de protecci\u00f3n a las mujeres\u201d, manifest\u00f3 Cruz.<\/p>\n\n\n\n<p>La \u201cMarcha de las Novias\u201d, que se realiza con la participaci\u00f3n de mujeres activistas sobrevivientes de violencia y sus familiares, constituye una plataforma \u201cpara elevar las voces de las v\u00edctimas para que sean escuchadas \u201cy para que el pa\u00eds avance hacia un futuro sin violencia\u201d.<\/p>\n\n\n\n<p>Al concluir la marcha, despu\u00e9s de algunas arengas en el parque Independencia, Cruz dijo que los participantes en la \u201cMarcha de las Novias\u201d se dirigir\u00e1n a la avenida George Washington (el Malec\u00f3n), donde arrojaran flores al mar en memoria de las dominicanas victimas de feminicidios.<\/p>\n\n\n\n<h1 class=\"wp-block-heading\">GLADYSRICART Y # ROMPEELSILENCIO<\/h1>\n\n\n\n<p>Mar\u00eda Alejandra Alc\u00e1ntara<br>mariaalejandra@cicom.do<\/p>\n","protected":false},"excerpt":{"rendered":"<p>SANTO DOMINGO.-Bajo el lema \u201cAlza la voz Contra el Feminicidio entre Parejas\u201d, el colectivo Viviendo el Retorno, realizar\u00e1 este domingo 17 de noviembre la \u201cMarcha de las Novias\u201d, la cual partir\u00e1 desde el parque de San Carlos, del Distrito Nacional a las 9:00 de la ma\u00f1ana y culminar\u00e1 en la puerta del Conde, del parque [&hellip;]<\/p>\n","protected":false},"author":7,"featured_media":574882,"comment_status":"closed","ping_status":"closed","sticky":false,"template":"","format":"standard","meta":{"footnotes":""},"categories":[25],"tags":[877,878],"class_list":["post-574813","post","type-post","status-publish","format-standard","has-post-thumbnail","hentry","category-gente","tag-marcha-de-las-novias","tag-parque-de-san-carlos"],"_links":{"self":[{"href":"https:\/\/diariodominicano.com\/index.php?rest_route=\/wp\/v2\/posts\/574813","targetHints":{"allow":["GET"]}}],"collection":[{"href":"https:\/\/diariodominicano.com\/index.php?rest_route=\/wp\/v2\/posts"}],"about":[{"href":"https:\/\/diariodominicano.com\/index.php?rest_route=\/wp\/v2\/types\/post"}],"author":[{"embeddable":true,"href":"https:\/\/diariodominicano.com\/index.php?rest_route=\/wp\/v2\/users\/7"}],"replies":[{"embeddable":true,"href":"https:\/\/diariodominicano.com\/index.php?rest_route=%2Fwp%2Fv2%2Fcomments&post=574813"}],"version-history":[{"count":1,"href":"https:\/\/diariodominicano.com\/index.php?rest_route=\/wp\/v2\/posts\/574813\/revisions"}],"predecessor-version":[{"id":574901,"href":"https:\/\/diariodominicano.com\/index.php?rest_route=\/wp\/v2\/posts\/574813\/revisions\/574901"}],"wp:featuredmedia":[{"embeddable":true,"href":"https:\/\/diariodominicano.com\/index.php?rest_route=\/wp\/v2\/media\/574882"}],"wp:attachment":[{"href":"https:\/\/diariodominicano.com\/index.php?rest_route=%2Fwp%2Fv2%2Fmedia&parent=574813"}],"wp:term":[{"taxonomy":"category","embeddable":true,"href":"https:\/\/diariodominicano.com\/index.php?rest_route=%2Fwp%2Fv2%2Fcategories&post=574813"},{"taxonomy":"post_tag","embeddable":true,"href":"https:\/\/diariodominicano.com\/index.php?rest_route=%2Fwp%2Fv2%2Ftags&post=574813"}],"curies":[{"name":"wp","href":"https:\/\/api.w.org\/{rel}","templated":true}]}}