{"id":57481,"date":"2020-11-01T11:03:07","date_gmt":"2020-11-01T11:03:07","guid":{"rendered":"http:\/\/diariodominicano.ddns.net\/?p=57481"},"modified":"2020-11-01T11:03:07","modified_gmt":"2020-11-01T11:03:07","slug":"fabio-guzman-ariza-presenta-el-instituto-guzman-ariza-de-lexicografia","status":"publish","type":"post","link":"https:\/\/diariodominicano.com\/?p=57481","title":{"rendered":"Fabio Guzm\u00e1n Ariza Presenta el Instituto Guzm\u00e1n Ariza de Lexicograf\u00eda"},"content":{"rendered":"<p><body><\/p>\n<p><img decoding=\"async\" src=\"img3\/Fabio Guzman Ariza.jpeg\" \/>  <\/p>\n<p><strong>Diariodominicano.com<\/strong><\/p>\n<p><strong>Fabio Guzm\u00e1n Ariza Presenta el Instituto Guzm\u00e1n Ariza de Lexicograf\u00eda <\/strong><\/p>\n<p><strong>Santo Domingo, Rep\u00fablica Dominicana. <\/strong>El licenciado Fabio J. Guzm\u00e1n Ariza, presidente de la firma de abogados y de la Fundaci\u00f3n que llevan su mismo nombre, anunci\u00f3 la puesta en marcha del Instituto Guzm\u00e1n Ariza de Lexicograf\u00eda (IGALEX), una instituci\u00f3n sin fines de lucro, cuya misi\u00f3n ser\u00e1 la investigaci\u00f3n lexicogr\u00e1fica del espa\u00f1ol en sus variedades dominicana, antillana, americana y general. <\/p>\n<\/p>\n<p>El objetivo del instituto ser\u00e1 dise\u00f1ar, elaborar y publicar corpus ling\u00fc\u00edsticos y diccionarios de la lengua espa\u00f1ola, especialmente los dirigidos a registrar la realidad l\u00e9xica del espa\u00f1ol de la Rep\u00fablica Dominicana y de las zonas ling\u00fc\u00edsticas en las que esta variedad se inscribe (Antillas y Am\u00e9rica), as\u00ed como colaborar en la preparaci\u00f3n de los diccionarios del espa\u00f1ol que edita la Real Academia Espa\u00f1ola (RAE) y la Asociaci\u00f3n de Academias de la Lengua Espa\u00f1ola (ASALE).  <\/p>\n<\/p>\n<p>Adem\u00e1s, el instituto cooperar\u00e1 con la Academia Dominicana de la Lengua (ADL) en la formaci\u00f3n acad\u00e9mica en lexicograf\u00eda y la divulgaci\u00f3n sobre el uso y el conocimiento de los diccionarios. <\/p>\n<\/p>\n<p>La lexic\u00f3grafa Mar\u00eda Jos\u00e9 Rinc\u00f3n, miembro de n\u00famero de la ADL, dirigir\u00e1 el equipo de trabajo, que completan los miembros correspondientes de la ADL Roberto Guzm\u00e1n Silverio, Rita Evelin D\u00edaz Blanco y Ruth J. Ruiz P\u00e9rez. <\/p>\n<\/p>\n<p>Como primera tarea el Instituto Guzm\u00e1n Ariza se ha propuesto la preparaci\u00f3n de una nueva edici\u00f3n del Diccionario del espa\u00f1ol dominicano, publicado por la ADL en el a\u00f1o 2013, a la cual se tendr\u00e1 acceso gratis en l\u00ednea. <\/p>\n<\/p>\n<p>Est\u00e1 iniciativa ser\u00e1 financiada por la Fundaci\u00f3n Guzm\u00e1n Ariza, y complementar\u00e1 los otros proyectos que a favor del buen uso del espa\u00f1ol promueve la fundaci\u00f3n, que incluyen a Fund\u00e9u Guzm\u00e1n Ariza. <\/p>\n<\/p>\n<p>### <\/p>\n<p><strong>Acerca de Guzm\u00e1n Ariza, Abogados y Consultores <\/strong><\/p>\n<\/p>\n<p>Fundado en 1927, Guzm\u00e1n Ariza es el bufete de abogados de mayor alcance en la Rep\u00fablica Dominicana con ocho oficinas ubicadas estrat\u00e9gicamente en todo el pa\u00eds, permiti\u00e9ndole proveer respuestas precisas e inmediatas y resultados r\u00e1pidos. <\/p>\n<\/p>\n<\/p>\n<p>La firma est\u00e1 orientada al cliente y ofrece una gama completa de servicios, a trav\u00e9s de un equipo multiling\u00fce de expertos. Sus pr\u00e1cticas le han valido una reputaci\u00f3n en la comunidad empresarial local e internacional de ser una firma respetada y confiable que produce resultados. <\/p>\n<p> Ibelca Mencia<\/p>\n<p>ibelca@timmrd.com<\/p>\n<\/p>\n<h6> 2020-11-01 11:03:07 <\/h6>\n<p><!--\n<link rel=\"stylesheet\" href=\"css\/bootstrap.min.css\">\n\n\n<ul class=\"pagination\">\n\t    \n\t\n\n<li >\n\t<a href='?page_no=92'>Previous<\/a>\n\t<\/li>\n\n\n       \n    \n\n<li><a href='?page_no=1'>1<\/a><\/li>\n\n\n\n<li><a href='?page_no=2'>2<\/a><\/li>\n\n\n\n<li><a>...<\/a><\/li>\n\n\n\n<li><a href='?page_no=91'>91<\/a><\/li>\n\n\n\n<li><a href='?page_no=92'>92<\/a><\/li>\n\n\n\n<li class='active'><a>93<\/a><\/li>\n\n\n\n<li><a href='?page_no=94'>94<\/a><\/li>\n\n\n\n<li><a href='?page_no=95'>95<\/a><\/li>\n\n\n\n<li><a>...<\/a><\/li>\n\n\n\n<li><a href='?page_no=22911'>22911<\/a><\/li>\n\n\n\n<li><a href='?page_no=22912'>22912<\/a><\/li>\n\n    \n\t\n\n<li >\n\t<a href='?page_no=94'>Next<\/a>\n\t<\/li>\n\n\n    \n\n<li><a href='?page_no=22912'>Last &rsaquo;&rsaquo;<\/a><\/li>\n\n<\/ul>\n\n\n--><br \/>\n<\/body><\/p>\n","protected":false},"excerpt":{"rendered":"<p>Diariodominicano.com Fabio Guzm\u00e1n Ariza Presenta el Instituto Guzm\u00e1n Ariza de Lexicograf\u00eda Santo Domingo, Rep\u00fablica Dominicana. El licenciado Fabio J. Guzm\u00e1n Ariza, presidente de la firma de abogados y de la Fundaci\u00f3n que llevan su mismo nombre, anunci\u00f3 la puesta en marcha del Instituto Guzm\u00e1n Ariza de Lexicograf\u00eda (IGALEX), una instituci\u00f3n sin fines de lucro, cuya [&hellip;]<\/p>\n","protected":false},"author":3,"featured_media":0,"comment_status":"open","ping_status":"open","sticky":false,"template":"","format":"standard","meta":{"footnotes":""},"categories":[21],"tags":[],"class_list":["post-57481","post","type-post","status-publish","format-standard","hentry","category-cultura"],"_links":{"self":[{"href":"https:\/\/diariodominicano.com\/index.php?rest_route=\/wp\/v2\/posts\/57481","targetHints":{"allow":["GET"]}}],"collection":[{"href":"https:\/\/diariodominicano.com\/index.php?rest_route=\/wp\/v2\/posts"}],"about":[{"href":"https:\/\/diariodominicano.com\/index.php?rest_route=\/wp\/v2\/types\/post"}],"author":[{"embeddable":true,"href":"https:\/\/diariodominicano.com\/index.php?rest_route=\/wp\/v2\/users\/3"}],"replies":[{"embeddable":true,"href":"https:\/\/diariodominicano.com\/index.php?rest_route=%2Fwp%2Fv2%2Fcomments&post=57481"}],"version-history":[{"count":0,"href":"https:\/\/diariodominicano.com\/index.php?rest_route=\/wp\/v2\/posts\/57481\/revisions"}],"wp:attachment":[{"href":"https:\/\/diariodominicano.com\/index.php?rest_route=%2Fwp%2Fv2%2Fmedia&parent=57481"}],"wp:term":[{"taxonomy":"category","embeddable":true,"href":"https:\/\/diariodominicano.com\/index.php?rest_route=%2Fwp%2Fv2%2Fcategories&post=57481"},{"taxonomy":"post_tag","embeddable":true,"href":"https:\/\/diariodominicano.com\/index.php?rest_route=%2Fwp%2Fv2%2Ftags&post=57481"}],"curies":[{"name":"wp","href":"https:\/\/api.w.org\/{rel}","templated":true}]}}