{"id":574723,"date":"2024-11-15T01:12:21","date_gmt":"2024-11-15T05:12:21","guid":{"rendered":"https:\/\/diariodominicano.com\/?p=574723"},"modified":"2024-11-15T01:12:52","modified_gmt":"2024-11-15T05:12:52","slug":"minerd-e-inefi-realizaran-torneo-nacional-de-tenis-de-mesa-escolar-2024","status":"publish","type":"post","link":"https:\/\/diariodominicano.com\/?p=574723","title":{"rendered":"MINERD e INEFI realizar\u00e1n Torneo Nacional de Tenis de Mesa Escolar 2024"},"content":{"rendered":"\n<p>La justa forma parte del calendario de actividades del a\u00f1o 2024 que incluye b\u00e9isbol, baloncesto y b\u00e1dminton<\/p>\n\n\n\n<p>SANTO DOMINGO.- El Ministerio de Educaci\u00f3n de la Rep\u00fablica Dominicana (MINERD) y el Instituto Nacional de Educaci\u00f3n F\u00edsica (INEFI) iniciar\u00e1n este viernes (4:00 pm) el Torneo de Tenis de Mesa Escolar en el Parque de Este y en el mismo participar\u00e1n alumnos en edades comprendidas entre los 13 y 15 a\u00f1os, representantes de 17 de las 18 regionales.<\/p>\n\n\n\n<p>El director ejecutivo del INEFI, Alberto Rodr\u00edguez Mella, inform\u00f3 que la justa, a desarrollarse del 14 al 17 del presente mes, forma parte del calendario de torneos deportivos escolares del a\u00f1o 2024, que incluye b\u00e9isbol, baloncesto y b\u00e1dminton.<\/p>\n\n\n\n<figure class=\"wp-block-gallery has-nested-images columns-default is-cropped wp-block-gallery-1 is-layout-flex wp-block-gallery-is-layout-flex\">\n<figure class=\"wp-block-image size-large\"><img loading=\"lazy\" decoding=\"async\" width=\"853\" height=\"963\" data-id=\"574744\" src=\"https:\/\/diariodominicano.com\/wp-content\/uploads\/2024\/11\/Vista-de-una-de-las-clinicas-de-tenis-de-mesa-ofrecida-en-un-centro-escolar-por-el-Instituto-Nacional-de-Educacion-Fisica-INEFI-a-cargo-de-la-Inmortal-del-Deporte-Blanca-Iris-Alejo.jpeg\" alt=\"\" class=\"wp-image-574744\" srcset=\"https:\/\/diariodominicano.com\/wp-content\/uploads\/2024\/11\/Vista-de-una-de-las-clinicas-de-tenis-de-mesa-ofrecida-en-un-centro-escolar-por-el-Instituto-Nacional-de-Educacion-Fisica-INEFI-a-cargo-de-la-Inmortal-del-Deporte-Blanca-Iris-Alejo.jpeg 853w, https:\/\/diariodominicano.com\/wp-content\/uploads\/2024\/11\/Vista-de-una-de-las-clinicas-de-tenis-de-mesa-ofrecida-en-un-centro-escolar-por-el-Instituto-Nacional-de-Educacion-Fisica-INEFI-a-cargo-de-la-Inmortal-del-Deporte-Blanca-Iris-Alejo-266x300.jpeg 266w, https:\/\/diariodominicano.com\/wp-content\/uploads\/2024\/11\/Vista-de-una-de-las-clinicas-de-tenis-de-mesa-ofrecida-en-un-centro-escolar-por-el-Instituto-Nacional-de-Educacion-Fisica-INEFI-a-cargo-de-la-Inmortal-del-Deporte-Blanca-Iris-Alejo-768x867.jpeg 768w, https:\/\/diariodominicano.com\/wp-content\/uploads\/2024\/11\/Vista-de-una-de-las-clinicas-de-tenis-de-mesa-ofrecida-en-un-centro-escolar-por-el-Instituto-Nacional-de-Educacion-Fisica-INEFI-a-cargo-de-la-Inmortal-del-Deporte-Blanca-Iris-Alejo-816x921.jpeg 816w\" sizes=\"auto, (max-width: 853px) 100vw, 853px\" \/><\/figure>\n<\/figure>\n\n\n\n<p>Confi\u00f3 en que el certamenm de \u201cping pong\u201d se llevar\u00e1 a cabo con mucho \u00e9xito, con la participaci\u00f3n de alumnos de los diversos distritos escolares del pa\u00eds.<\/p>\n\n\n\n<p>\u201cNuestro objetivo es impulsar el deporte escolar en cada rinc\u00f3n del pa\u00eds y asegurar que todos los estudiantes tengan la oportunidad de desarrollar sus habilidades f\u00edsicas y personales a trav\u00e9s de la competencia sana\u00bb, se\u00f1al\u00f3 Rodr\u00edguez.<\/p>\n\n\n\n<figure class=\"wp-block-gallery has-nested-images columns-default is-cropped wp-block-gallery-2 is-layout-flex wp-block-gallery-is-layout-flex\">\n<figure class=\"wp-block-image size-full\"><img loading=\"lazy\" decoding=\"async\" width=\"672\" height=\"353\" data-id=\"574742\" src=\"https:\/\/diariodominicano.com\/wp-content\/uploads\/2024\/11\/Panoramica-del-Torneo-de-Tenis-de-Mesa-correspondiente-a-los-Decimos-Juegos-Escolares-Deportivos-Nacionales-Barahona-2023-que-se-celebraron-en-noviembre-pasado.jpeg\" alt=\"\" class=\"wp-image-574742\" srcset=\"https:\/\/diariodominicano.com\/wp-content\/uploads\/2024\/11\/Panoramica-del-Torneo-de-Tenis-de-Mesa-correspondiente-a-los-Decimos-Juegos-Escolares-Deportivos-Nacionales-Barahona-2023-que-se-celebraron-en-noviembre-pasado.jpeg 672w, https:\/\/diariodominicano.com\/wp-content\/uploads\/2024\/11\/Panoramica-del-Torneo-de-Tenis-de-Mesa-correspondiente-a-los-Decimos-Juegos-Escolares-Deportivos-Nacionales-Barahona-2023-que-se-celebraron-en-noviembre-pasado-300x158.jpeg 300w\" sizes=\"auto, (max-width: 672px) 100vw, 672px\" \/><\/figure>\n<\/figure>\n\n\n\n<p>\u201cEstamos comprometidos con la formaci\u00f3n integral de nuestros estudiantes, y el deporte es una herramienta fundamental para lograrlo\u201d, argument\u00f3.<\/p>\n\n\n\n<figure class=\"wp-block-gallery has-nested-images columns-default is-cropped wp-block-gallery-3 is-layout-flex wp-block-gallery-is-layout-flex\">\n<figure class=\"wp-block-image size-large\"><img loading=\"lazy\" decoding=\"async\" width=\"421\" height=\"221\" data-id=\"574743\" src=\"https:\/\/diariodominicano.com\/wp-content\/uploads\/2024\/11\/Dos-alumnos-compiten-en-un-partido-de-dobles-en-el-Torneo-de-Tenis-de-Mesa-correspondiente-a-los-X-Juegos-Escolares-Deportivos-Nacionales-Barahona-2023-que-se-disputaron-en-noviembre-pasado.jpeg\" alt=\"\" class=\"wp-image-574743\" srcset=\"https:\/\/diariodominicano.com\/wp-content\/uploads\/2024\/11\/Dos-alumnos-compiten-en-un-partido-de-dobles-en-el-Torneo-de-Tenis-de-Mesa-correspondiente-a-los-X-Juegos-Escolares-Deportivos-Nacionales-Barahona-2023-que-se-disputaron-en-noviembre-pasado.jpeg 421w, https:\/\/diariodominicano.com\/wp-content\/uploads\/2024\/11\/Dos-alumnos-compiten-en-un-partido-de-dobles-en-el-Torneo-de-Tenis-de-Mesa-correspondiente-a-los-X-Juegos-Escolares-Deportivos-Nacionales-Barahona-2023-que-se-disputaron-en-noviembre-pasado-300x157.jpeg 300w\" sizes=\"auto, (max-width: 421px) 100vw, 421px\" \/><\/figure>\n<\/figure>\n\n\n\n<p>En tanto, el director t\u00e9cnico de INEFI, Eddy Gonz\u00e1lez, afirm\u00f3 que este \u201ces una excelente oportunidad para que los estudiantes demuestren su talento y compromiso en su disciplina, al tiempo que desarrollan el esp\u00edritu deportivo y aprenden a trabajar en equipo\u201d.<\/p>\n\n\n\n<p>Gonz\u00e1lez tambi\u00e9n destac\u00f3 que todos los atletas participantes ser\u00e1n uniformados por el INEFI, y los equipos ganadores recibir\u00e1n utiler\u00eda deportiva como premio.<\/p>\n\n\n\n<p><strong>PRENSA INEFI<\/strong>\u00a0&lt;prensainefi@gmail.com> <\/p>\n","protected":false},"excerpt":{"rendered":"<p>La justa forma parte del calendario de actividades del a\u00f1o 2024 que incluye b\u00e9isbol, baloncesto y b\u00e1dminton SANTO DOMINGO.- El Ministerio de Educaci\u00f3n de la Rep\u00fablica Dominicana (MINERD) y el Instituto Nacional de Educaci\u00f3n F\u00edsica (INEFI) iniciar\u00e1n este viernes (4:00 pm) el Torneo de Tenis de Mesa Escolar en el Parque de Este y en [&hellip;]<\/p>\n","protected":false},"author":7,"featured_media":574741,"comment_status":"closed","ping_status":"closed","sticky":false,"template":"","format":"standard","meta":{"footnotes":""},"categories":[17],"tags":[491,280],"class_list":["post-574723","post","type-post","status-publish","format-standard","has-post-thumbnail","hentry","category-deportes","tag-inefi","tag-minerd"],"_links":{"self":[{"href":"https:\/\/diariodominicano.com\/index.php?rest_route=\/wp\/v2\/posts\/574723","targetHints":{"allow":["GET"]}}],"collection":[{"href":"https:\/\/diariodominicano.com\/index.php?rest_route=\/wp\/v2\/posts"}],"about":[{"href":"https:\/\/diariodominicano.com\/index.php?rest_route=\/wp\/v2\/types\/post"}],"author":[{"embeddable":true,"href":"https:\/\/diariodominicano.com\/index.php?rest_route=\/wp\/v2\/users\/7"}],"replies":[{"embeddable":true,"href":"https:\/\/diariodominicano.com\/index.php?rest_route=%2Fwp%2Fv2%2Fcomments&post=574723"}],"version-history":[{"count":2,"href":"https:\/\/diariodominicano.com\/index.php?rest_route=\/wp\/v2\/posts\/574723\/revisions"}],"predecessor-version":[{"id":574756,"href":"https:\/\/diariodominicano.com\/index.php?rest_route=\/wp\/v2\/posts\/574723\/revisions\/574756"}],"wp:featuredmedia":[{"embeddable":true,"href":"https:\/\/diariodominicano.com\/index.php?rest_route=\/wp\/v2\/media\/574741"}],"wp:attachment":[{"href":"https:\/\/diariodominicano.com\/index.php?rest_route=%2Fwp%2Fv2%2Fmedia&parent=574723"}],"wp:term":[{"taxonomy":"category","embeddable":true,"href":"https:\/\/diariodominicano.com\/index.php?rest_route=%2Fwp%2Fv2%2Fcategories&post=574723"},{"taxonomy":"post_tag","embeddable":true,"href":"https:\/\/diariodominicano.com\/index.php?rest_route=%2Fwp%2Fv2%2Ftags&post=574723"}],"curies":[{"name":"wp","href":"https:\/\/api.w.org\/{rel}","templated":true}]}}