{"id":574717,"date":"2024-11-15T00:48:47","date_gmt":"2024-11-15T04:48:47","guid":{"rendered":"https:\/\/diariodominicano.com\/?p=574717"},"modified":"2024-11-15T01:03:15","modified_gmt":"2024-11-15T05:03:15","slug":"biden-llega-a-cumbre-apec-en-peru-expectativas-por-su-reunion-con-xi-jinping","status":"publish","type":"post","link":"https:\/\/diariodominicano.com\/?p=574717","title":{"rendered":"Biden llega a cumbre APEC en Per\u00fa, expectativas por su reuni\u00f3n con Xi Jinping"},"content":{"rendered":"\n<p>El presidente de Estados Unidos, Joe Biden, y el primer ministro de Per\u00fa, Gustavo Adrianzen, saludan en la pista del aeropuerto tras la llegada de Biden a la cumbre de Cooperaci\u00f3n Econ\u00f3mica Asia-Pac\u00edfico (APEC), en Lima, Per\u00fa, el jueves 14 de noviembre de 2024.<\/p>\n\n\n\n<p>noviembre 14, 2024<\/p>\n\n\n\n<ul class=\"wp-block-list\">\n<li><a href=\"https:\/\/www.vozdeamerica.com\/author\/voz-de-america-redaccion\/p_kym\">Voz de Am\u00e9rica &#8211; Redacci\u00f3n<\/a><\/li>\n<\/ul>\n\n\n\n<ul class=\"wp-block-list\">\n<li><a href=\"https:\/\/facebook.com\/sharer.php?u=https%3a%2f%2fwww.vozdeamerica.com%2fa%2fbiden-llega-a-cumbre-apec-en-peru-expectativas-por-su-reunion-con-xi-jinping%2f7864399.html\" target=\"_blank\" rel=\"noreferrer noopener\"><\/a><\/li>\n\n\n\n<li><a href=\"https:\/\/twitter.com\/share?url=https%3a%2f%2fwww.vozdeamerica.com%2fa%2fbiden-llega-a-cumbre-apec-en-peru-expectativas-por-su-reunion-con-xi-jinping%2f7864399.html&amp;text=Biden+llega+a+cumbre+APEC+en+Per%c3%ba%2c+expectativas+por+su+reuni%c3%b3n+con+Xi+Jinping\" target=\"_blank\" rel=\"noreferrer noopener\"><\/a><\/li>\n\n\n\n<li><\/li>\n\n\n\n<li><a href=\"mailto:?body=https%3a%2f%2fwww.vozdeamerica.com%2fa%2fbiden-llega-a-cumbre-apec-en-peru-expectativas-por-su-reunion-con-xi-jinping%2f7864399.html&amp;subject=Biden%20llega%20a%20cumbre%20APEC%20en%20Per%C3%BA,%20expectativas%20por%20su%20reuni%C3%B3n%20con%20Xi%20Jinping\"><\/a><\/li>\n<\/ul>\n\n\n\n<p><a href=\"https:\/\/www.vozdeamerica.com\/a\/biden-llega-a-cumbre-apec-en-peru-expectativas-por-su-reunion-con-xi-jinping\/7864399.html#comments\">&nbsp;Vea comentarios<\/a><\/p>\n\n\n\n<p>El presidente de Estados Unidos, Joe Biden, se encuentra en Per\u00fa para participar del foro Cooperaci\u00f3n Econ\u00f3mica Asia-Pac\u00edfico, APEC, en uno de sus \u00faltimos periplos como mandatario. Hay expectativas por la reuni\u00f3n que sostendr\u00e1 con su par chino Xi Jinping.<\/p>\n\n\n\n<p>LIMA, PER\u00da \u2014&nbsp;<\/p>\n\n\n\n<p>El presidente estadounidense Joe Biden lleg\u00f3 la tarde del jueves a Per\u00fa para participar de la cumbre de Cooperaci\u00f3n Econ\u00f3mica Asia-Pac\u00edfico (APEC), en medio de expectativas por la&nbsp;<strong><em><a href=\"https:\/\/www.vozdeamerica.com\/a\/biden-xi-reuniran-sabado-peru-funcionarios-eeuu-\/7862721.html\" target=\"_blank\" rel=\"noreferrer noopener\">reuni\u00f3n que sostendr\u00e1 con su par chino Xi Jinping<\/a><\/em><\/strong>, quien arrib\u00f3 horas antes.<\/p>\n\n\n\n<p>Biden inicia as\u00ed un periplo de seis d\u00edas que lo llevar\u00e1 adem\u00e1s a Brasil, donde se realizar\u00e1 la reuni\u00f3n de l\u00edderes del Grupo de los 20.<\/p>\n\n\n\n<p>La visita a la cumbre en Per\u00fa y sus posteriores paradas en la selva amaz\u00f3nica y en la cumbre de l\u00edderes del Grupo de los 20 en Brasil ofrecen a Biden una de sus \u00faltimas oportunidades para reunirse con jefes de Estado con los que ha trabajado por a\u00f1os. Esas visitas ser\u00e1n sustanciales, seg\u00fan funcionarios de la Casa Blanca.<\/p>\n\n\n\n<figure class=\"wp-block-image\"><img decoding=\"async\" src=\"https:\/\/gdb.voanews.com\/74154aa4-d83c-47fa-adb0-f1262dcd73de_w250_r1.png\" alt=\"Joe Biden en el foro de la APEC\" title=\"Joe Biden en el foro de la APEC\"\/><\/figure>\n\n\n\n<h5 class=\"wp-block-heading\"><a href=\"https:\/\/www.vozdeamerica.com\/a\/7864021.html\" target=\"_blank\" rel=\"noreferrer noopener\">Joe Biden en el foro de la APEC<\/a><\/h5>\n\n\n\n<p><small>Por&nbsp;<a href=\"https:\/\/www.vozdeamerica.com\/\" target=\"_blank\" rel=\"noreferrer noopener\">Voz de Am\u00e9rica<\/a><\/small><\/p>\n\n\n\n<p>\u00a0<\/p>\n\n\n\n<ul class=\"wp-block-list\">\n<li><a href=\"https:\/\/facebook.com\/sharer.php?u=https%3a%2f%2fwww.vozdeamerica.com%2fa%2f7864021.html\" target=\"_blank\" rel=\"noreferrer noopener\">Comparta en Facebook<\/a><\/li>\n\n\n\n<li><a href=\"https:\/\/twitter.com\/share?url=https%3a%2f%2fwww.vozdeamerica.com%2fa%2f7864021.html&amp;text=Joe+Biden+en+el+foro+de+la+APEC\" target=\"_blank\" rel=\"noreferrer noopener\">Comparta en Twitter<\/a><\/li>\n<\/ul>\n\n\n\n<hr class=\"wp-block-separator has-alpha-channel-opacity\"\/>\n\n\n\n<p><\/p>\n\n\n\n<p>&nbsp;Descargar&nbsp;&nbsp;Pop-out player<\/p>\n\n\n\n<p>Entre su agenda, destaca su encuentro conjunto con el presidente surcoreano Yoon Suk Yeol y el primer ministro japon\u00e9s Shigeru Ishiba, donde se procurar\u00e1 consolidar el progreso logrado desde su reuni\u00f3n inicial el a\u00f1o pasado, dijo Jake Sullivan, asesor de seguridad nacional de la Casa Blanca, en el Air Force One.<\/p>\n\n\n\n<p>Tambi\u00e9n, Biden podr\u00e1 hablar sobre el env\u00edo de soldados norcoreanos a Rusia para ayudar en la guerra en Ucrania, agreg\u00f3 Sullivan. Adem\u00e1s, el asesor indic\u00f3 que los funcionarios de la Casa Blanca han enfatizado al equipo de Trump que la relaci\u00f3n entre Estados Unidos y China debe ser la \u201cprioridad m\u00e1xima para el gobierno entrante\u201d.<\/p>\n\n\n\n<h3 class=\"wp-block-heading\">Inminente reuni\u00f3n con Xi<\/h3>\n\n\n\n<p>Funcionarios estadounidenses informaron que los presidentes Biden y Xi se reunir\u00edan el s\u00e1bado para abordar una serie de temas, entre ellos las crecientes tensiones entre Washington y Beijing.<\/p>\n\n\n\n<p>Ser\u00e1 la primera interacci\u00f3n conocida entre ambos en meses y se producir\u00e1 luego de que Donald Trump gan\u00f3 las elecciones en Estados Unidos prometiendo, entre otros temas, adoptar aranceles generales del 60 % a las importaciones de productos chinos como parte de un paquete de medidas comerciales bajo el lema \u00abEstados Unidos primero\u00bb.<\/p>\n\n\n\n<p>Biden y Xi se encontraron cara a cara por \u00faltima vez en una finca en California al margen de la cumbre APEC del a\u00f1o pasado y sostuvieron despu\u00e9s una conversaci\u00f3n telef\u00f3nica en abril.<\/p>\n\n\n\n<figure class=\"wp-block-image\"><img decoding=\"async\" src=\"https:\/\/gdb.voanews.com\/d5543e3b-1014-4454-b43d-776bc81ecdde_w650_r1_s.jpg\" alt=\"El presidente chino Xi Jinping es recibido por la presidenta de Per\u00fa, Dina Boluarte, en Palacio de Gobierno, en el marco de la cumbre de Cooperaci\u00f3n Econ\u00f3mica Asia-Pac\u00edfico (APEC), en Lima, Per\u00fa, el 14 de noviembre de 2024.\"\/><figcaption class=\"wp-element-caption\">El presidente chino Xi Jinping es recibido por la presidenta de Per\u00fa, Dina Boluarte, en Palacio de Gobierno, en el marco de la cumbre de Cooperaci\u00f3n Econ\u00f3mica Asia-Pac\u00edfico (APEC), en Lima, Per\u00fa, el 14 de noviembre de 2024.<\/figcaption><\/figure>\n\n\n\n<p>Mientras Joe Biden aterrizaba en Lima, el presidente chino era recibido con honores en Palacio de Gobierno por la mandataria peruana Dina Boluarte.<\/p>\n\n\n\n<p>Ambos mandatarios sostuvieron una reuni\u00f3n de trabajo junto a varios de sus ministros de Estado.<\/p>\n\n\n\n<p>\u00abLos megaproyectos de cooperaci\u00f3n binacional en materia de miner\u00eda y construcci\u00f3n infraestructural han venido avanzando a pasos seguros, trayendo beneficios tangibles para ambos pueblos\u201d, dijo Xi en una declaraci\u00f3n difundida a periodistas.<\/p>\n\n\n\n<p>Durante su visita a Per\u00fa, Xi inaugur\u00f3 el&nbsp;<em><strong><a href=\"https:\/\/www.vozdeamerica.com\/a\/presidente-xi-jinping-inaugura-megapuerto-chino-en-peru\/7864707.html\" target=\"_blank\" rel=\"noreferrer noopener\">megapuerto de Chancay<\/a><\/strong><\/em>, ubicado unos 70 kil\u00f3metros al norte de Lima y construido por la empresa estatal china Cosco Shipping.<\/p>\n\n\n\n<p><em>(Con informaci\u00f3n de Patsy Widakuswara desde el Air Force One y Celia Mendoza enviada especial a Lima, Per\u00fa)<\/em><\/p>\n","protected":false},"excerpt":{"rendered":"<p>El presidente de Estados Unidos, Joe Biden, y el primer ministro de Per\u00fa, Gustavo Adrianzen, saludan en la pista del aeropuerto tras la llegada de Biden a la cumbre de Cooperaci\u00f3n Econ\u00f3mica Asia-Pac\u00edfico (APEC), en Lima, Per\u00fa, el jueves 14 de noviembre de 2024. noviembre 14, 2024 &nbsp;Vea comentarios El presidente de Estados Unidos, Joe [&hellip;]<\/p>\n","protected":false},"author":28,"featured_media":574719,"comment_status":"closed","ping_status":"closed","sticky":true,"template":"","format":"standard","meta":{"footnotes":""},"categories":[18,23,27],"tags":[],"class_list":["post-574717","post","type-post","status-publish","format-standard","has-post-thumbnail","hentry","category-economia","category-internacional","category-portada"],"_links":{"self":[{"href":"https:\/\/diariodominicano.com\/index.php?rest_route=\/wp\/v2\/posts\/574717","targetHints":{"allow":["GET"]}}],"collection":[{"href":"https:\/\/diariodominicano.com\/index.php?rest_route=\/wp\/v2\/posts"}],"about":[{"href":"https:\/\/diariodominicano.com\/index.php?rest_route=\/wp\/v2\/types\/post"}],"author":[{"embeddable":true,"href":"https:\/\/diariodominicano.com\/index.php?rest_route=\/wp\/v2\/users\/28"}],"replies":[{"embeddable":true,"href":"https:\/\/diariodominicano.com\/index.php?rest_route=%2Fwp%2Fv2%2Fcomments&post=574717"}],"version-history":[{"count":1,"href":"https:\/\/diariodominicano.com\/index.php?rest_route=\/wp\/v2\/posts\/574717\/revisions"}],"predecessor-version":[{"id":574721,"href":"https:\/\/diariodominicano.com\/index.php?rest_route=\/wp\/v2\/posts\/574717\/revisions\/574721"}],"wp:featuredmedia":[{"embeddable":true,"href":"https:\/\/diariodominicano.com\/index.php?rest_route=\/wp\/v2\/media\/574719"}],"wp:attachment":[{"href":"https:\/\/diariodominicano.com\/index.php?rest_route=%2Fwp%2Fv2%2Fmedia&parent=574717"}],"wp:term":[{"taxonomy":"category","embeddable":true,"href":"https:\/\/diariodominicano.com\/index.php?rest_route=%2Fwp%2Fv2%2Fcategories&post=574717"},{"taxonomy":"post_tag","embeddable":true,"href":"https:\/\/diariodominicano.com\/index.php?rest_route=%2Fwp%2Fv2%2Ftags&post=574717"}],"curies":[{"name":"wp","href":"https:\/\/api.w.org\/{rel}","templated":true}]}}