{"id":574655,"date":"2024-11-14T17:42:39","date_gmt":"2024-11-14T21:42:39","guid":{"rendered":"https:\/\/diariodominicano.com\/?p=574655"},"modified":"2024-11-14T19:32:30","modified_gmt":"2024-11-14T23:32:30","slug":"crecimiento-de-las-exportaciones-de-bienes-en-america-latina-y-el-caribe-enfrenta-riesgos-mientras-los-servicios-continuan-en-expansion","status":"publish","type":"post","link":"https:\/\/diariodominicano.com\/?p=574655","title":{"rendered":"Crecimiento de las exportaciones de bienes en Am\u00e9rica Latina y el Caribe enfrenta riesgos mientras los servicios contin\u00faan en expansi\u00f3n"},"content":{"rendered":"\n<ul class=\"wp-block-list\">\n<li>El crecimiento de los vol\u00famenes y la estabilizaci\u00f3n de los precios explicaron la recuperaci\u00f3n de las ventas externas de bienes.\u00a0\u00a0<\/li>\n\n\n\n<li>Las exportaciones de servicios continuaron en expansi\u00f3n.\u00a0<\/li>\n\n\n\n<li>El incremento de los flujos extrarregionales fue contrarrestado por la contracci\u00f3n de los intrarregionales.<\/li>\n<\/ul>\n\n\n\n<p>El valor de las exportaciones de bienes de Am\u00e9rica Latina y el Caribe creci\u00f3 3,2% interanual en el primer semestre de 2024, tras haber ca\u00eddo 1,6% en 2023, seg\u00fan un nuevo reporte del Banco Interamericano de Desarrollo (BID). La mejora es resultado de la aceleraci\u00f3n en el aumento de las cantidades exportadas y la estabilizaci\u00f3n de los precios respecto al a\u00f1o anterior.&nbsp;<\/p>\n\n\n\n<p>De acuerdo con la nueva edici\u00f3n del informe anual Monitor de Comercio e Integraci\u00f3n \u201cDesafiar la tendencia: el potencial de los servicios basados en conocimiento\u201d, los indicadores m\u00e1s recientes no confirman la consolidaci\u00f3n de la recuperaci\u00f3n de las ventas externas de la regi\u00f3n.<\/p>\n\n\n\n<p>El estudio revela que las exportaciones de servicios experimentaron una leve desaceleraci\u00f3n en el primer trimestre del 2024, con una expansi\u00f3n de 9,5% en comparaci\u00f3n al ritmo promedio de 12,2% de 2023, aunque continuaron creciendo a una tasa superior a la media global de 7,1%.<\/p>\n\n\n\n<p>\u201cTras el rebote pospandemia, las exportaciones de bienes de Am\u00e9rica Latina y el Caribe volvieron a un sendero de bajo crecimiento, en un contexto de mayor fragmentaci\u00f3n global y alta volatilidad de los precios, mientras que los servicios, especialmente los basados en conocimiento, se destacan por su resiliencia y dinamismo\u201d, dijo Paolo Giordano, Economista Principal del Sector de Integraci\u00f3n y Comercio del BID y coordinador del informe.&nbsp;<\/p>\n\n\n\n<p>Luego de caer 2,3% en 2023, en el primer semestre de 2024 los precios de las exportaciones de la regi\u00f3n se redujeron 0,5% interanual, mientras que la tasa de crecimiento de las cantidades se aceler\u00f3 de 1,0% a 3,3%.<\/p>\n\n\n\n<p>Los precios de las importaciones (-3,1%) bajaron m\u00e1s que los de las exportaciones, lo que mejor\u00f3 los t\u00e9rminos de intercambio.&nbsp;&nbsp;&nbsp;<\/p>\n\n\n\n<p>La reducci\u00f3n de las ventas intrarregionales (-4,5%) contrarrest\u00f3 parcialmente la expansi\u00f3n de los env\u00edos al resto del mundo (4,1%) y la participaci\u00f3n del comercio intrarregional disminuy\u00f3, situ\u00e1ndose en 13,7% del total.<\/p>\n\n\n\n<p>El reporte concluye que la regi\u00f3n enfrenta un escenario externo caracterizado por alta incertidumbre y riesgos a la baja, asociados a tensiones geopol\u00edticas, resurgimiento de pol\u00edticas industriales y proteccionismo, impacto del cambio clim\u00e1tico y condiciones macroecon\u00f3micas a\u00fan desafiantes, que podr\u00edan reprimir la demanda externa y acentuar la volatilidad de los precios de los productos b\u00e1sicos.<\/p>\n\n\n\n<p><strong>El potencial de los servicios basados en conocimiento<\/strong><\/p>\n\n\n\n<p>El reporte profundiza el an\u00e1lisis de largo plazo de los servicios basados en conocimiento, entre los cuales se destacan los servicios empresariales y de inform\u00e1tica.<\/p>\n\n\n\n<p>Las exportaciones de estos servicios en Am\u00e9rica Latina y el Caribe crecieron a una tasa anual promedio de 4,7% en la \u00faltima d\u00e9cada, superior a la de las ventas externas de bienes y de servicios totales. Sin embargo, fueron menos din\u00e1micas en comparaci\u00f3n con el resto del mundo (7,0%) y se concentraron en rubros de menor sofisticaci\u00f3n, expuestos al impacto disruptivo de la inteligencia artificial.<\/p>\n\n\n\n<p>Para aprovechar el potencial y desarrollar las exportaciones en este segmento din\u00e1mico del comercio global, la regi\u00f3n debe superar desaf\u00edos internos vinculados a los rezagos en los determinantes de la productividad como el capital humano, la infraestructura digital, el clima de negocios y el acceso al financiamiento. Asimismo, debe enfrentar barreras externas que restringen el acceso a los mercados internacionales y debilitan la competitividad.<\/p>\n\n\n\n<p>El <a href=\"https:\/\/publications.iadb.org\/es\/monitor-de-comercio-e-integracion-2024-desafiar-la-tendencia-el-potencial-de-los-servicios-basados\">Monitor de Comercio e Integraci\u00f3n 2024<\/a> fue preparado por el Sector de Integraci\u00f3n y Comercio del BID.<\/p>\n\n\n\n<p><strong>EXPORTACIONES DE BIENES DE AM\u00c9RICA LATINA Y EL CARIBE<\/strong><\/p>\n\n\n\n<figure class=\"wp-block-image is-resized\"><img decoding=\"async\" src=\"https:\/\/lh7-rt.googleusercontent.com\/docsz\/AD_4nXdLLgWlz_vK_JPCpVih0MJ0LqEp823uHP4cEInY2n13KJ6SyR7534GEaZ2S3PqS7wNnU1JARWYBBfUylc7nmImn_YBHCbdYaYdM5d2LbVRua3Y0NAyuGxRmnxsYKq67kO7Fp1o2X2gvNB0bBGrkM2I?key=JR0wGEIKTPFG4yKSuKlBJ3C9\" alt=\"\" style=\"width:613px;height:auto\"\/><\/figure>\n\n\n\n<p><strong>Sobre el BID<\/strong><\/p>\n\n\n\n<p>El Banco Interamericano de Desarrollo (BID) tiene como objetivo mejorar vidas en Am\u00e9rica Latina y el Caribe. Fundado en 1959, el BID trabaja con el sector p\u00fablico de la regi\u00f3n para dise\u00f1ar y facilitar soluciones innovadoras de impacto para el desarrollo sostenible e inclusivo. Apalancando el financiamiento, la experiencia t\u00e9cnica y el conocimiento, promueve el crecimiento y el bienestar en 26 pa\u00edses. Visita nuestro sitio web <a href=\"https:\/\/www.iadb.org\/es\">https:\/\/www.iadb.org\/es<\/a>&nbsp;Reinoso Nunez, Patricia <a href=\"mailto:PATRICIAREI@iadb.org\">PATRICIAREI@iadb.org<\/a><\/p>\n","protected":false},"excerpt":{"rendered":"<p>El valor de las exportaciones de bienes de Am\u00e9rica Latina y el Caribe creci\u00f3 3,2% interanual en el primer semestre de 2024, tras haber ca\u00eddo 1,6% en 2023, seg\u00fan un nuevo reporte del Banco Interamericano de Desarrollo (BID). La mejora es resultado de la aceleraci\u00f3n en el aumento de las cantidades exportadas y la estabilizaci\u00f3n [&hellip;]<\/p>\n","protected":false},"author":7,"featured_media":547028,"comment_status":"closed","ping_status":"closed","sticky":false,"template":"","format":"standard","meta":{"footnotes":""},"categories":[18],"tags":[682],"class_list":["post-574655","post","type-post","status-publish","format-standard","has-post-thumbnail","hentry","category-economia","tag-bid"],"_links":{"self":[{"href":"https:\/\/diariodominicano.com\/index.php?rest_route=\/wp\/v2\/posts\/574655","targetHints":{"allow":["GET"]}}],"collection":[{"href":"https:\/\/diariodominicano.com\/index.php?rest_route=\/wp\/v2\/posts"}],"about":[{"href":"https:\/\/diariodominicano.com\/index.php?rest_route=\/wp\/v2\/types\/post"}],"author":[{"embeddable":true,"href":"https:\/\/diariodominicano.com\/index.php?rest_route=\/wp\/v2\/users\/7"}],"replies":[{"embeddable":true,"href":"https:\/\/diariodominicano.com\/index.php?rest_route=%2Fwp%2Fv2%2Fcomments&post=574655"}],"version-history":[{"count":1,"href":"https:\/\/diariodominicano.com\/index.php?rest_route=\/wp\/v2\/posts\/574655\/revisions"}],"predecessor-version":[{"id":574685,"href":"https:\/\/diariodominicano.com\/index.php?rest_route=\/wp\/v2\/posts\/574655\/revisions\/574685"}],"wp:featuredmedia":[{"embeddable":true,"href":"https:\/\/diariodominicano.com\/index.php?rest_route=\/wp\/v2\/media\/547028"}],"wp:attachment":[{"href":"https:\/\/diariodominicano.com\/index.php?rest_route=%2Fwp%2Fv2%2Fmedia&parent=574655"}],"wp:term":[{"taxonomy":"category","embeddable":true,"href":"https:\/\/diariodominicano.com\/index.php?rest_route=%2Fwp%2Fv2%2Fcategories&post=574655"},{"taxonomy":"post_tag","embeddable":true,"href":"https:\/\/diariodominicano.com\/index.php?rest_route=%2Fwp%2Fv2%2Ftags&post=574655"}],"curies":[{"name":"wp","href":"https:\/\/api.w.org\/{rel}","templated":true}]}}