{"id":574650,"date":"2024-11-14T16:42:29","date_gmt":"2024-11-14T20:42:29","guid":{"rendered":"https:\/\/diariodominicano.com\/?p=574650"},"modified":"2025-12-29T02:58:54","modified_gmt":"2025-12-29T06:58:54","slug":"disenador-faraon-gana-premio-a-la-moda-2024","status":"publish","type":"post","link":"https:\/\/diariodominicano.com\/?p=574650","title":{"rendered":"Dise\u00f1ador Fara\u00f3n gana premio A la Moda 2024"},"content":{"rendered":"\n<p><em>El artesano de la moda estuvo nominado junto a otros destacados dise\u00f1adores en la categor\u00eda de Chacabanas.<\/em><\/p>\n\n\n\n<p>SANTO DOMINGO:- El renombrado dise\u00f1ador dominicano Francisco Rodr\u00edguez, Fara\u00f3n, se alza con la estatuilla de los Premios a la Moda Dominicana 2024, en la categor\u00eda de Chacabanas, donde fue nominado junto a Tony Boga, Hip\u00f3lito Pe\u00f1a, Cristian Lagares y Arcadio D\u00edaz.<\/p>\n\n\n\n<p>Con este premio, se reconoce la trayectoria de Fara\u00f3n, quien por m\u00e1s de tres d\u00e9cadas ha estado presente en los principales eventos de moda realizados tanto en el pa\u00eds como en el extranjero y que, seg\u00fan sus palabras \u201cNo descansar\u00e1 hasta lograr&nbsp;una moda nacional que se pueda posicionar como la marca que identifique a un dominicano en cualquier rinc\u00f3n del mundo\u201d.<\/p>\n\n\n\n<p>Durante su larga trayectoria profesional, Fara\u00f3n se ha destacado en la lucha por los beneficios de su clase, perteneciendo desde sus inicios a la&nbsp;Asociaci\u00f3n de Dise\u00f1adores Dominicanos (ADD), instituci\u00f3n que hoy preside, y siendo el presidente fundador de laAsociaci\u00f3n de Artesanos de Chacabanas de la Rep\u00fablica Dominicana (ACHADOM).<\/p>\n\n\n\n<figure class=\"wp-block-gallery has-nested-images columns-default is-cropped wp-block-gallery-1 is-layout-flex wp-block-gallery-is-layout-flex\">\n<figure class=\"wp-block-image size-large\"><img loading=\"lazy\" decoding=\"async\" width=\"1024\" height=\"690\" data-id=\"574658\" src=\"https:\/\/diariodominicano.com\/wp-content\/uploads\/2024\/11\/El-disenador-dominicano-Faraon-Premios-a-la-Moda-Dominicana-2024-en-la-categoria-de-Chacabanas-1024x690.png\" alt=\"\" class=\"wp-image-574658\" srcset=\"https:\/\/diariodominicano.com\/wp-content\/uploads\/2024\/11\/El-disenador-dominicano-Faraon-Premios-a-la-Moda-Dominicana-2024-en-la-categoria-de-Chacabanas-1024x690.png 1024w, https:\/\/diariodominicano.com\/wp-content\/uploads\/2024\/11\/El-disenador-dominicano-Faraon-Premios-a-la-Moda-Dominicana-2024-en-la-categoria-de-Chacabanas-300x202.png 300w, https:\/\/diariodominicano.com\/wp-content\/uploads\/2024\/11\/El-disenador-dominicano-Faraon-Premios-a-la-Moda-Dominicana-2024-en-la-categoria-de-Chacabanas-768x518.png 768w, https:\/\/diariodominicano.com\/wp-content\/uploads\/2024\/11\/El-disenador-dominicano-Faraon-Premios-a-la-Moda-Dominicana-2024-en-la-categoria-de-Chacabanas-816x550.png 816w, https:\/\/diariodominicano.com\/wp-content\/uploads\/2024\/11\/El-disenador-dominicano-Faraon-Premios-a-la-Moda-Dominicana-2024-en-la-categoria-de-Chacabanas.png 1184w\" sizes=\"auto, (max-width: 1024px) 100vw, 1024px\" \/><\/figure>\n<\/figure>\n\n\n\n<p>Su constante y arduo trabajo en la promoci\u00f3n de la chacabana&nbsp;como la prenda distintiva de la Rep\u00fablica Dominicana, ha dado lugar a que se le catalogue como el principal promotor de las chacabanas a nivel internacional, siendo el \u00fanico dise\u00f1ador dominicano en presentarse a la vez en las pasarelas m\u00e1s reconocidas del mundo, como son Paris, Francia; y Mil\u00e1n, Italia; adem\u00e1s de ser el \u00fanico Chacabanero en exponer su colecci\u00f3n en estas pasarelas de las llamadas capitales de la moda.<\/p>\n\n\n\n<p>Recientemente, Fara\u00f3n fue seleccionado para representar a la Rep\u00fablica Dominicana en el \u201cFestival de Cultura de Latinoam\u00e9rica y El Caribe\u201d, que organiza cada a\u00f1o el gobierno de Rusia, con el\u00a0objetivo de estrechar las relaciones de amistad que existen entre las naciones latinoamericanas y Rusia. Asimismo,\u00a0present\u00f3 su Colecci\u00f3n Or\u00edgenes, en la Primera Semana de la Moda de Cuba, celebrada\u00a0en la ciudad de Santiago de Cuba,\u00a0del 3 al 9 de julio de 2024, en el marco de la\u00a043\u00b0 edici\u00f3n del Festival del Caribe \u201cFiesta del Fuego\u201d.\u00a0\u00a0<\/p>\n\n\n\n<figure class=\"wp-block-gallery has-nested-images columns-default is-cropped wp-block-gallery-2 is-layout-flex wp-block-gallery-is-layout-flex\">\n<figure class=\"wp-block-image size-large\"><img loading=\"lazy\" decoding=\"async\" width=\"549\" height=\"780\" data-id=\"574660\" src=\"https:\/\/diariodominicano.com\/wp-content\/uploads\/2024\/11\/El-disenador-dominicano-Francisco-Rodriguez-Faraon-Premios-a-la-Moda-Dominicana-2024-en-la-categoria-de-Chacabanas.png\" alt=\"\" class=\"wp-image-574660\" srcset=\"https:\/\/diariodominicano.com\/wp-content\/uploads\/2024\/11\/El-disenador-dominicano-Francisco-Rodriguez-Faraon-Premios-a-la-Moda-Dominicana-2024-en-la-categoria-de-Chacabanas.png 549w, https:\/\/diariodominicano.com\/wp-content\/uploads\/2024\/11\/El-disenador-dominicano-Francisco-Rodriguez-Faraon-Premios-a-la-Moda-Dominicana-2024-en-la-categoria-de-Chacabanas-211x300.png 211w\" sizes=\"auto, (max-width: 549px) 100vw, 549px\" \/><\/figure>\n<\/figure>\n\n\n\n<p>En adici\u00f3n, Fara\u00f3n&nbsp;ha expuesto sus colecciones en Estados Unidos (Washington, New York, Miami, Las Vegas, Los Angeles); Puerto Rico; Canad\u00e1 (Toronto); El Salvador y Barbados (Bridgetown). De igual forma, ha llevado sus chacabanas a Colombia, Trinidad y Tobago, Francia (Burdeos), Kenia (Nairobi), Per\u00fa y Suiza.<\/p>\n\n\n\n<p>En su tercera edici\u00f3n, Premios a la Moda Dominicana, seg\u00fan las palabras de su CEO, Stalin Victoria, adem\u00e1s de premiar a todos sus protagonistas tuvo una raz\u00f3n m\u00e1s humana, pues se llev\u00f3 a cabo a beneficio de la Fundaci\u00f3n Oncoserv, Inc. que tiene como meta elevar la calidad del tratamiento oncol\u00f3gico integral, fusionando la parte m\u00e9dica y humana para obtener el mejor resultado posible para el paciente.<\/p>\n\n\n\n<p>Redes sociales @chacabanasfaraon&nbsp;&nbsp;&nbsp;&nbsp;&nbsp;&#8212;<\/p>\n\n\n\n<figure class=\"wp-block-image is-resized\"><img decoding=\"async\" src=\"https:\/\/ci3.googleusercontent.com\/mail-sig\/AIorK4y08Ub_GuaLaPi7bLP-XyWXkLldfDbBARUcVXT-apNPT7h5W93HkKlPBUat5YqzIhQlIEHBPy_KNl2s\" alt=\"\" style=\"width:199px;height:auto\"\/><\/figure>\n\n\n\n<p>Leidy P\u00e9rez<\/p>\n\n\n\n<p><strong>Leidy Felicia P\u00e9rez<\/strong>\u00a0&lt;leidyproducctions@gmail.com> <\/p>\n","protected":false},"excerpt":{"rendered":"<p>El artesano de la moda estuvo nominado junto a otros destacados dise\u00f1adores en la categor\u00eda de Chacabanas. SANTO DOMINGO:- El renombrado dise\u00f1ador dominicano Francisco Rodr\u00edguez, Fara\u00f3n, se alza con la estatuilla de los Premios a la Moda Dominicana 2024, en la categor\u00eda de Chacabanas, donde fue nominado junto a Tony Boga, Hip\u00f3lito Pe\u00f1a, Cristian Lagares [&hellip;]<\/p>\n","protected":false},"author":7,"featured_media":574660,"comment_status":"closed","ping_status":"closed","sticky":false,"template":"","format":"standard","meta":{"footnotes":""},"categories":[25],"tags":[868,3884],"class_list":["post-574650","post","type-post","status-publish","format-standard","has-post-thumbnail","hentry","category-gente","tag-disenador-faraon","tag-premio-a-la-moda"],"_links":{"self":[{"href":"https:\/\/diariodominicano.com\/index.php?rest_route=\/wp\/v2\/posts\/574650","targetHints":{"allow":["GET"]}}],"collection":[{"href":"https:\/\/diariodominicano.com\/index.php?rest_route=\/wp\/v2\/posts"}],"about":[{"href":"https:\/\/diariodominicano.com\/index.php?rest_route=\/wp\/v2\/types\/post"}],"author":[{"embeddable":true,"href":"https:\/\/diariodominicano.com\/index.php?rest_route=\/wp\/v2\/users\/7"}],"replies":[{"embeddable":true,"href":"https:\/\/diariodominicano.com\/index.php?rest_route=%2Fwp%2Fv2%2Fcomments&post=574650"}],"version-history":[{"count":1,"href":"https:\/\/diariodominicano.com\/index.php?rest_route=\/wp\/v2\/posts\/574650\/revisions"}],"predecessor-version":[{"id":574661,"href":"https:\/\/diariodominicano.com\/index.php?rest_route=\/wp\/v2\/posts\/574650\/revisions\/574661"}],"wp:featuredmedia":[{"embeddable":true,"href":"https:\/\/diariodominicano.com\/index.php?rest_route=\/wp\/v2\/media\/574660"}],"wp:attachment":[{"href":"https:\/\/diariodominicano.com\/index.php?rest_route=%2Fwp%2Fv2%2Fmedia&parent=574650"}],"wp:term":[{"taxonomy":"category","embeddable":true,"href":"https:\/\/diariodominicano.com\/index.php?rest_route=%2Fwp%2Fv2%2Fcategories&post=574650"},{"taxonomy":"post_tag","embeddable":true,"href":"https:\/\/diariodominicano.com\/index.php?rest_route=%2Fwp%2Fv2%2Ftags&post=574650"}],"curies":[{"name":"wp","href":"https:\/\/api.w.org\/{rel}","templated":true}]}}