{"id":574629,"date":"2024-11-14T12:50:44","date_gmt":"2024-11-14T16:50:44","guid":{"rendered":"https:\/\/diariodominicano.com\/?p=574629"},"modified":"2024-11-14T12:50:56","modified_gmt":"2024-11-14T16:50:56","slug":"presidenta-de-mexico-con-eeuu-coordinacion-pero-no-subordinacion","status":"publish","type":"post","link":"https:\/\/diariodominicano.com\/?p=574629","title":{"rendered":"Presidenta de M\u00e9xico: Con EEUU coordinaci\u00f3n, pero no subordinaci\u00f3n"},"content":{"rendered":"\n<p>diariodominicano.com<\/p>\n\n\n\n<p>Ciudad de M\u00e9xico, 14 nov (Prensa Latina) La presidenta Claudia Sheinbaum subray\u00f3 hoy que M\u00e9xico es un pa\u00eds libre, independiente y soberano y ratific\u00f3 la existencia de coordinaci\u00f3n en varios \u00e1mbitos con Estados Unidos, pero no subordinaci\u00f3n.<\/p>\n\n\n\n<p>\u201cHay coordinaci\u00f3n y va a seguir habiendo coordinaci\u00f3n, porque es muy importante, porque tenemos una frontera com\u00fan, entonces tiene que haber di\u00e1logo de alto nivel que nos permita coordinarnos en diferentes temas (\u2026) adem\u00e1s, somos socios comerciales, pero no subordinaci\u00f3n\u201d, dijo.<\/p>\n\n\n\n<p>Al responder a la pregunta de una periodista acerca de la nota diplom\u00e1tica enviada a la naci\u00f3n norte\u00f1a ayer por declaraciones del embajador Ken Salazar en materia de seguridad, la mandataria subray\u00f3 que entre ambos pa\u00edses existe una relaci\u00f3n de iguales.<\/p>\n\n\n\n<p>Es una relaci\u00f3n distinta, de iguales entre dos pa\u00edses independientes, soberanos, que compartimos familias, cultura, econom\u00eda, \u201ccomercio y tambi\u00e9n problemas, y esos problemas nos coordinamos para resolverlos\u201d, asever\u00f3 la dignataria durante su habitual conferencia de prensa.<\/p>\n\n\n\n<p>Salazar dijo la v\u00edspera que la estrategia del expresidente Andr\u00e9s Manuel L\u00f3pez Obrador (2018-2024) basada en el lema de \u201cabrazos y no balazos\u201d no funcion\u00f3 y acus\u00f3 a su gobierno de haber cerrado las puertas a la cooperaci\u00f3n bilateral en la materia.<\/p>\n\n\n\n<p>\u201cCon el presidente (estadounidense Joe) Biden, el presidente L\u00f3pez Obrador tuvo un di\u00e1logo de alto nivel que le llamaron el di\u00e1logo Bicentenario, en distintos temas: tr\u00e1fico de drogas, de armas (porque es de un lado y del otro), migraci\u00f3n, seguridad\u2026\u201d, expuso la mandataria.<\/p>\n\n\n\n<p>Sheinbaum se\u00f1al\u00f3, asimismo, la disparidad en las declaraciones de Salazar y present\u00f3 un video en el cual el diplom\u00e1tico mencionaba ejemplos de la colaboraci\u00f3n en seguridad.<\/p>\n\n\n\n<p>\u201c\u00bfCual declaraci\u00f3n escuchamos? \u00bfLa de ayer o la de hace unos meses? Porque tiene que haber consecuencia, tiene que haber l\u00f3gica en las declaraciones. No puede uno declarar primero una cosa y luego otra\u201d, asever\u00f3.<\/p>\n\n\n\n<p>La Secretar\u00eda de Relaciones Exteriores envi\u00f3 anoche la nota diplom\u00e1tica a la embajada de Washington aqu\u00ed, en la cual \u201cmanifest\u00f3 su extra\u00f1amiento por los mensajes emitidos por el actual embajador de Estados Unidos\u201d.<\/p>\n\n\n\n<p>La estrategia nacional de seguridad impulsada por la administraci\u00f3n que encabeza la presidenta Claudia Sheinbaum y que da continuidad en buena medida a la de L\u00f3pez Obrador, se enfoca en ejes como la atenci\u00f3n a las causas estructurales de la violencia.<\/p>\n\n\n\n<p>Sobresale, asimismo, el fortalecimiento y consolidaci\u00f3n de la Guardia Nacional, el impulso a la inteligencia y la investigaci\u00f3n y la coordinaci\u00f3n efectiva entre el Gabinete de Seguridad y los estados.<\/p>\n\n\n\n<p>Como resultado de esta, las autoridades detuvieron a tres mil 15 individuos por delitos de alto impacto, confiscaron mil 334 armas de fuego y decomisaron 42 toneladas de droga durante los primeros 39 d\u00edas del gobierno.<\/p>\n\n\n\n<p>Entre los estupefacientes incautados figuran 20 mil 75 kilogramos de coca\u00edna y 390 mil 740 pastillas de fentanilo.<\/p>\n\n\n\n<p>ro\/las<\/p>\n","protected":false},"excerpt":{"rendered":"<p>diariodominicano.com Ciudad de M\u00e9xico, 14 nov (Prensa Latina) La presidenta Claudia Sheinbaum subray\u00f3 hoy que M\u00e9xico es un pa\u00eds libre, independiente y soberano y ratific\u00f3 la existencia de coordinaci\u00f3n en varios \u00e1mbitos con Estados Unidos, pero no subordinaci\u00f3n. \u201cHay coordinaci\u00f3n y va a seguir habiendo coordinaci\u00f3n, porque es muy importante, porque tenemos una frontera com\u00fan, [&hellip;]<\/p>\n","protected":false},"author":5,"featured_media":574634,"comment_status":"closed","ping_status":"closed","sticky":true,"template":"","format":"standard","meta":{"footnotes":""},"categories":[23,27],"tags":[],"class_list":["post-574629","post","type-post","status-publish","format-standard","has-post-thumbnail","hentry","category-internacional","category-portada"],"_links":{"self":[{"href":"https:\/\/diariodominicano.com\/index.php?rest_route=\/wp\/v2\/posts\/574629","targetHints":{"allow":["GET"]}}],"collection":[{"href":"https:\/\/diariodominicano.com\/index.php?rest_route=\/wp\/v2\/posts"}],"about":[{"href":"https:\/\/diariodominicano.com\/index.php?rest_route=\/wp\/v2\/types\/post"}],"author":[{"embeddable":true,"href":"https:\/\/diariodominicano.com\/index.php?rest_route=\/wp\/v2\/users\/5"}],"replies":[{"embeddable":true,"href":"https:\/\/diariodominicano.com\/index.php?rest_route=%2Fwp%2Fv2%2Fcomments&post=574629"}],"version-history":[{"count":1,"href":"https:\/\/diariodominicano.com\/index.php?rest_route=\/wp\/v2\/posts\/574629\/revisions"}],"predecessor-version":[{"id":574636,"href":"https:\/\/diariodominicano.com\/index.php?rest_route=\/wp\/v2\/posts\/574629\/revisions\/574636"}],"wp:featuredmedia":[{"embeddable":true,"href":"https:\/\/diariodominicano.com\/index.php?rest_route=\/wp\/v2\/media\/574634"}],"wp:attachment":[{"href":"https:\/\/diariodominicano.com\/index.php?rest_route=%2Fwp%2Fv2%2Fmedia&parent=574629"}],"wp:term":[{"taxonomy":"category","embeddable":true,"href":"https:\/\/diariodominicano.com\/index.php?rest_route=%2Fwp%2Fv2%2Fcategories&post=574629"},{"taxonomy":"post_tag","embeddable":true,"href":"https:\/\/diariodominicano.com\/index.php?rest_route=%2Fwp%2Fv2%2Ftags&post=574629"}],"curies":[{"name":"wp","href":"https:\/\/api.w.org\/{rel}","templated":true}]}}