{"id":574508,"date":"2024-11-13T23:23:17","date_gmt":"2024-11-14T03:23:17","guid":{"rendered":"https:\/\/diariodominicano.com\/?p=574508"},"modified":"2024-11-13T23:23:51","modified_gmt":"2024-11-14T03:23:51","slug":"presidente-elogia-transformacion-de-economia-de-venezuela-foto","status":"publish","type":"post","link":"https:\/\/diariodominicano.com\/?p=574508","title":{"rendered":"Presidente elogia transformaci\u00f3n de econom\u00eda de Venezuela (+Foto)"},"content":{"rendered":"\n<p>Caracas, 13 nov (Prensa Latina) El presidente Nicol\u00e1s Maduro elogi\u00f3 hoy la transformaci\u00f3n alcanzada en la econom\u00eda de Venezuela en los \u00faltimos seis a\u00f1os, al pasar del rentismo petrolero a convertirse en productiva y real.<\/p>\n\n\n\n<ul class=\"wp-block-list\">\n<li><a href=\"https:\/\/www.prensa-latina.cu\/2024\/11\/13\/\"><time>noviembre 13, 2024 | 18:14<\/time><\/a><\/li>\n<\/ul>\n\n\n\n<ul class=\"wp-block-list\">\n<li><a href=\"https:\/\/www.prensa-latina.cu\/2024\/11\/13\/presidente-elogia-transformacion-de-economia-de-venezuela\/#\"><\/a><\/li>\n\n\n\n<li><a href=\"https:\/\/www.prensa-latina.cu\/2024\/11\/13\/presidente-elogia-transformacion-de-economia-de-venezuela\/#\"><\/a><\/li>\n\n\n\n<li><a href=\"https:\/\/www.prensa-latina.cu\/2024\/11\/13\/presidente-elogia-transformacion-de-economia-de-venezuela\/#\"><\/a><\/li>\n\n\n\n<li><a href=\"https:\/\/www.prensa-latina.cu\/2024\/11\/13\/presidente-elogia-transformacion-de-economia-de-venezuela\/#\"><\/a><\/li>\n<\/ul>\n\n\n<div class=\"wp-block-image\">\n<figure class=\"aligncenter\"><img decoding=\"async\" src=\"https:\/\/www.prensa-latina.cu\/wp-content\/uploads\/2024\/11\/Maduro-1-1.jpg\" alt=\"\" class=\"wp-image-1349081\"\/><\/figure>\n<\/div>\n\n\n<p>En sesi\u00f3n del Consejo Nacional de Econom\u00eda Productiva, dedicado a la calidad, el mandatario convoc\u00f3 a construir un nuevo estado moderno, ampliamente democr\u00e1tico y que tenga el poder para echar andar a la sociedad en sus m\u00faltiples dimensiones.<\/p>\n\n\n\n<p>As\u00ed como erigir un pa\u00eds en paz, con fuerza, sobre la base de una econom\u00eda productiva, y conciencia superior, que solo se puede lograr con valores, se\u00f1al\u00f3.<\/p>\n\n\n\n<p>\u201cS\u00e9 que estamos en el camino correcto de la historia, y cada vez se suman voluntades para ver a nuestro pa\u00eds pr\u00f3spero, elev\u00e1ndose\u201d, asever\u00f3.<\/p>\n\n\n\n<p>Coment\u00f3 que para los venezolanos no hay nada imposible y la transformaci\u00f3n se logr\u00f3 en seis a\u00f1os cuando mucho no lo cre\u00edan, pero \u201cnosotros sab\u00edamos que era posible un cambio estructural y lo alcanzamos en las condiciones m\u00e1s adversas de bloqueo y sanciones, con la innovaci\u00f3n de f\u00f3rmulas nuevas\u201d.<\/p>\n\n\n\n<p>Subray\u00f3 que en ese periodo transformaron un pa\u00eds dependiente, con escasez, con alt\u00edsima inflaci\u00f3n, improductivo, en \u201cuna naci\u00f3n autoabastecida, con econom\u00eda cada vez m\u00e1s robusta y perspectivas de futuro\u201d.<\/p>\n\n\n\n<p>Maduro afirm\u00f3 que en esta primera etapa hemos logrado grandes objetivos y lo mejor con una econom\u00eda encaminada, productiva, y destac\u00f3 que Venezuela vive de su esfuerzo.<\/p>\n\n\n\n<p>\u201cNo hay nada imposible para nosotros los venezolanos y lo veo en la palabra clara, optimista de quienes trabajan\u00bb, enfatiz\u00f3.<\/p>\n\n\n\n<p>El dignatario signific\u00f3 que el cambio de mentalidad fue fundamental para avanzar en las transformaciones y llam\u00f3 a consolidarlo.<\/p>\n\n\n\n<p>Coment\u00f3 que el petr\u00f3leo, el gas, el oro, el colt\u00e1n y otros minerales siempre estar\u00e1n ah\u00ed y convoc\u00f3 a seguir construyendo una econom\u00eda productiva de la econom\u00eda real, no de la econom\u00eda ficticia, como alternativa al rentismo.<\/p>\n\n\n\n<p>Maduro llam\u00f3 a unirse para construir una econom\u00eda de lo real, consolidar el clima de paz prevaleciente y nadie venga a perturbar la paz interna, y demand\u00f3 desarrollar -de manera arm\u00f3nica y simult\u00e1nea- la vocaci\u00f3n exportadora de todos los sectores para construir la ruta e ir a conquistar mercados internacionales.<\/p>\n\n\n\n<p>El Presidente firm\u00f3 el Acuerdo de Promoci\u00f3n y Protecci\u00f3n de Inversiones Venezuela-China, que fuera aprobado por la Asamblea Nacional, y reforzar\u00e1 todav\u00eda m\u00e1s las relaciones estrat\u00e9gicas entre los dos pa\u00edses.<\/p>\n\n\n\n<p>Como resultado coordinado del sector privado, el Estado, el Poder Popular organizado y los emprendedores, la vicepresidenta ejecutiva Delcy Rodr\u00edguez anunci\u00f3 la instalaci\u00f3n en todo el territorio de m\u00e1s de 100 Ferias Navide\u00f1as con variados productos de calidad, de los que el 85 por ciento son producci\u00f3n nacional.<\/p>\n\n\n\n<p>arc\/jcd<\/p>\n\n\n\n<ul class=\"wp-block-list\">\n<li>#<a href=\"https:\/\/www.prensa-latina.cu\/etiqueta\/china\/\">China<\/a>\u00a0#<a href=\"https:\/\/www.prensa-latina.cu\/etiqueta\/rentismo-petrolero\/\">rentismo petrolero<\/a>\u00a0#<a href=\"https:\/\/www.prensa-latina.cu\/etiqueta\/venezuela\/\">Venezuela<\/a><\/li>\n<\/ul>\n","protected":false},"excerpt":{"rendered":"<p>Caracas, 13 nov (Prensa Latina) El presidente Nicol\u00e1s Maduro elogi\u00f3 hoy la transformaci\u00f3n alcanzada en la econom\u00eda de Venezuela en los \u00faltimos seis a\u00f1os, al pasar del rentismo petrolero a convertirse en productiva y real. En sesi\u00f3n del Consejo Nacional de Econom\u00eda Productiva, dedicado a la calidad, el mandatario convoc\u00f3 a construir un nuevo estado [&hellip;]<\/p>\n","protected":false},"author":28,"featured_media":574509,"comment_status":"closed","ping_status":"closed","sticky":true,"template":"","format":"standard","meta":{"footnotes":""},"categories":[18,23],"tags":[],"class_list":["post-574508","post","type-post","status-publish","format-standard","has-post-thumbnail","hentry","category-economia","category-internacional"],"_links":{"self":[{"href":"https:\/\/diariodominicano.com\/index.php?rest_route=\/wp\/v2\/posts\/574508","targetHints":{"allow":["GET"]}}],"collection":[{"href":"https:\/\/diariodominicano.com\/index.php?rest_route=\/wp\/v2\/posts"}],"about":[{"href":"https:\/\/diariodominicano.com\/index.php?rest_route=\/wp\/v2\/types\/post"}],"author":[{"embeddable":true,"href":"https:\/\/diariodominicano.com\/index.php?rest_route=\/wp\/v2\/users\/28"}],"replies":[{"embeddable":true,"href":"https:\/\/diariodominicano.com\/index.php?rest_route=%2Fwp%2Fv2%2Fcomments&post=574508"}],"version-history":[{"count":2,"href":"https:\/\/diariodominicano.com\/index.php?rest_route=\/wp\/v2\/posts\/574508\/revisions"}],"predecessor-version":[{"id":574511,"href":"https:\/\/diariodominicano.com\/index.php?rest_route=\/wp\/v2\/posts\/574508\/revisions\/574511"}],"wp:featuredmedia":[{"embeddable":true,"href":"https:\/\/diariodominicano.com\/index.php?rest_route=\/wp\/v2\/media\/574509"}],"wp:attachment":[{"href":"https:\/\/diariodominicano.com\/index.php?rest_route=%2Fwp%2Fv2%2Fmedia&parent=574508"}],"wp:term":[{"taxonomy":"category","embeddable":true,"href":"https:\/\/diariodominicano.com\/index.php?rest_route=%2Fwp%2Fv2%2Fcategories&post=574508"},{"taxonomy":"post_tag","embeddable":true,"href":"https:\/\/diariodominicano.com\/index.php?rest_route=%2Fwp%2Fv2%2Ftags&post=574508"}],"curies":[{"name":"wp","href":"https:\/\/api.w.org\/{rel}","templated":true}]}}