{"id":574471,"date":"2024-11-13T20:52:31","date_gmt":"2024-11-14T00:52:31","guid":{"rendered":"https:\/\/diariodominicano.com\/?p=574471"},"modified":"2024-11-13T22:54:03","modified_gmt":"2024-11-14T02:54:03","slug":"presidente-abinader-inaugura-escuela-primaria-en-los-jardines-del-norte-para-beneficio-de-1890-estudiantes-y-un-centro-de-desarrollo-integral-de-la-mujer-en-sdn","status":"publish","type":"post","link":"https:\/\/diariodominicano.com\/?p=574471","title":{"rendered":"Presidente Abinader inaugura escuela primaria en Los Jardines del Norte  y un Centro de Desarrollo Integral de la Mujer, en SDN"},"content":{"rendered":"\n<p>diariodominicano.com<\/p>\n\n\n\n<p>Santo Domingo, R. D.,\u200213 de noviembre, 2024.- Con la finalidad de seguir expandiendo el servicio educativo a todos los puntos del territorio nacional,&nbsp;<strong>el presidente Luis Abinader<\/strong>&nbsp;inaugur\u00f3 este mi\u00e9rcoles la primera etapa de la&nbsp;<strong>Escuela Primaria Fray Ram\u00f3n Pan\u00e9<\/strong>, en Los Jardines del Norte, Distrito Nacional, que albergar\u00e1 en su totalidad&nbsp;<strong>42 aulas<\/strong>&nbsp;para beneficio de unos&nbsp;<strong>1,890 estudiantes<\/strong>.<\/p>\n\n\n\n<p>Tambi\u00e9n inaugur\u00f3 en Santo Domingo Norte el\u00a0<strong>Centro de Desarrollo Integral de la Mujer (CEDI-Mujer),<\/strong>\u00a0el cual tiene como prop\u00f3sito que todas las mujeres dominicanas sean\u00a0<strong>econ\u00f3micamente aut\u00f3nomas<\/strong>, vivan en un\u00a0<strong>entorno libre de violenci<\/strong>a y cuiden de su\u00a0<strong>salud<\/strong>\u00a0en todos los \u00e1mbitos.\u00a0<\/p>\n\n\n\n<p>Durante la inauguraci\u00f3n de la  escuela b\u00e1sica, el ministro de Educaci\u00f3n,\u00a0<strong>\u00c1ngel Hern\u00e1ndez<\/strong>, inform\u00f3 que en este nuevo plantel educativo los estudiantes comenzar\u00e1n en el\u00a0<strong>nivel inicial, a partir de los 3 a\u00f1os y podr\u00e1n terminar el bachillerato<\/strong>. Tambi\u00e9n tendr\u00e1n la oportunidad de aprender el\u00a0<strong>ingl\u00e9s como segunda lengua<\/strong>.<em>\u00a0\u201cAqu\u00ed se formar\u00e1n los ciudadanos que van a cambiar el pa\u00eds\u201d, se\u00f1al\u00f3 el funcionario.<\/em>\u00a0<\/p>\n\n\n\n<p>Hern\u00e1ndez destac\u00f3 la importancia de la educaci\u00f3n de calidad y dijo que para lograrlo la sociedad, como un todo, debe poner en primer lugar la&nbsp;<strong>educaci\u00f3n como la herramienta fundamental del desarrollo.<\/strong>&nbsp;<em>\u201cPodemos cambiar el pa\u00eds desde las aulas; el presidente ya lo ha hecho, disponiendo de los recursos para que esta escuela se finalice\u201d.<\/em><\/p>\n\n\n\n<p>El nuevo plantel dispondr\u00e1 de un comedor, cancha mixta, enfermer\u00eda, biblioteca, aula virtual, oficinas de direcci\u00f3n, subdirecci\u00f3n, sal\u00f3n de profesores, recepci\u00f3n, t\u00e9cnicos, dep\u00f3sito, archivo y ba\u00f1os. Adem\u00e1s, en el \u00e1rea exterior, estar\u00e1 dotada de cisterna de 8,000 galones, acceso principal, \u00e1rea c\u00edvica y patio, paisajismo, verja perimetral, front\u00f3n con garita en verja perimetral, instalaci\u00f3n el\u00e9ctrica general en m\u00f3dulos, muros de contenci\u00f3n, limpieza continua y final, entre otros.<\/p>\n\n\n\n<p>La directora del centro educativo,&nbsp;<strong>Sandra Jaime<\/strong>, expres\u00f3 su agradecimiento al presidente Abinader por hacer realidad el anhelo de este sector.&nbsp;<em>\u00abQuiero agradecer profundamente al presidente Luis Rodolfo Abinader por ese compromiso que tiene con la educaci\u00f3n dominicana y el desarrollo de nuestra comunidad, por su visi\u00f3n, que ha sido dada por Dios y su dedicaci\u00f3n fundamental para seguir construyendo un pa\u00eds m\u00e1s justo y m\u00e1s equitativo\u201d.<\/em>&nbsp;<\/p>\n\n\n\n<p>Al hablar en representaci\u00f3n de los estudiantes, la ni\u00f1a&nbsp;<strong>Leila Encarnaci\u00f3n Mercedes<\/strong>, de 4.\u00ba grado, expres\u00f3 su agradecimiento al presidente Abinader por hacer realidad el sue\u00f1o de los alumnos de tener un&nbsp;<strong>lugar digno donde puedan recibir el pan de la ense\u00f1anza<\/strong>.<em>&nbsp;\u00abNuestra comunidad educativa se compromete a cuidar y hacer el mejor uso de estas instalaciones que hoy entregan en nuestras manos\u00bb.<\/em><\/p>\n\n\n\n<p><strong>Inaugura nuevo Centro de Desarrollo Integral de la Mujer (CEDI-Mujer), en Santo Domingo Norte<\/strong>&nbsp;<\/p>\n\n\n\n<p>El CEDI-Mujer es una iniciativa desarrollada por el&nbsp;<strong>Gabinete de Pol\u00edtica Social (GPS)<\/strong>, con el apoyo del Banco Interamericano de Desarrollo&nbsp;<strong>(BID)<\/strong>. Su modelo de operaci\u00f3n se basa en la articulaci\u00f3n y coordinaci\u00f3n de servicios espec\u00edficos de diferentes instituciones, insertados estrat\u00e9gicamente en un&nbsp;<strong>plan de atenci\u00f3n integral para cada mujer en funci\u00f3n de sus necesidades, y para el logro de su pleno desarrollo.<\/strong><\/p>\n\n\n\n<p>En la actividad, el coordinador del Gabinete de Pol\u00edticas Sociales,&nbsp;<strong>Tony Pe\u00f1a<\/strong>, inform\u00f3 que este nuevo CEDI Mujer cuenta con una capacidad de atenci\u00f3n de hasta de&nbsp;<strong>800 usuarias<\/strong>al d\u00eda. Todas las \u00e1reas est\u00e1n conectadas de manera interna y subray\u00f3 que esta iniciativa es un testimonio del&nbsp;<strong>compromiso del Gobierno con la mejora de la calidad de vida de las mujeres dominicanas<\/strong>, el cual les proporciona un espacio seguro y acogedor para las que se encuentran en&nbsp;<strong>situaci\u00f3n de vulnerabilidad<\/strong>.&nbsp;<\/p>\n\n\n\n<p>En tanto, la ministra de la Mujer,&nbsp;<strong>Mayra Jim\u00e9nez<\/strong>, afirm\u00f3 que con la apertura de este nuevo centro se evidencia el compromiso del presidente Abinader en el fortalecimiento de las pol\u00edticas p\u00fablicas para&nbsp;<strong>la igualdad y para el bienestar colectivo de las mujeres y sus familias.<\/strong>&nbsp;<\/p>\n\n\n\n<p>Tambi\u00e9n, las directoras del CEDI-MUJER,&nbsp;<strong>Ana Lendor,<\/strong>&nbsp;y contra la Violencia de G\u00e9nero,&nbsp;<strong>Ana Andrea Villa Camacho<\/strong>, destacaron que en este espacio operar\u00e1 la&nbsp;<strong>primera fiscal\u00eda de g\u00e9nero<\/strong>&nbsp;de Santo Domingo Norte, tendr\u00e1&nbsp;<strong>12 instituciones del Estado<\/strong>&nbsp;para el servicio de los ciudadanos y las mujeres de la zona tendr\u00e1n acceso r\u00e1pido a la justicia mediante la&nbsp;<strong>Unidad de Atenci\u00f3n Integral a la Violencia de G\u00e9nero.<\/strong><\/p>\n\n\n\n<p>Este es el&nbsp;<strong>segundo centro<\/strong>&nbsp;que inaugura el presidente Abinader, el primero fue en Santiago. Con estas acciones se busca reducir todo tipo de&nbsp;<strong>violencia contra las mujeres<\/strong>, promover la&nbsp;<strong>autonom\u00eda<\/strong>&nbsp;de las mujeres, mejorar su&nbsp;<strong>salud sexual y reproductiva, al igual que prevenir el embarazo en las adolescentes.<\/strong><\/p>\n\n\n\n<p>Para las mujeres adultas el centro ofrecer\u00e1 servicios de ginecolog\u00eda y obstetricia, planificaci\u00f3n familiar y atenci\u00f3n a la violencia; mientras que, para mujeres adolescentes, brindar\u00e1 ginecolog\u00eda y obstetricia especializada, planificaci\u00f3n familiar especializada y atenci\u00f3n a la violencia especializada.&nbsp;<\/p>\n\n\n\n<p>Asistieron a las actividades, la gobernadora de Santo Domingo,&nbsp;<strong>Lucrecia Leyba<\/strong>; la alcaldesa de Santo Domingo Norte,&nbsp;<strong>Betty Ger\u00f3nimo<\/strong>; los directores de los Centros Tecnol\u00f3gicos Comunitarios (CTC),&nbsp;<strong>Isidro Torres<\/strong>; de la Corporaci\u00f3n del Acueducto y Alcantarillado de Santo Domingo (Caasd),&nbsp;<strong>Felipe \u201cFellito\u201d Suberv\u00ed<\/strong>; de Mantenimiento e Infraestructura Escolar del Minerd,&nbsp;<strong>Fernando Taveras,<\/strong>&nbsp;y del Telef\u00e9rico SDN,&nbsp;<strong>Juan Herrera<\/strong>.<\/p>\n\n\n\n<p>Fuente: Direcci\u00f3n de Estrategia y Comunicaci\u00f3n<\/p>\n\n\n\n<p>Ministerio Administrativo de la Presidencia de la Rep\u00fablica Dominicana<\/p>\n","protected":false},"excerpt":{"rendered":"<p>diariodominicano.com Santo Domingo, R. D.,\u200213 de noviembre, 2024.- Con la finalidad de seguir expandiendo el servicio educativo a todos los puntos del territorio nacional,&nbsp;el presidente Luis Abinader&nbsp;inaugur\u00f3 este mi\u00e9rcoles la primera etapa de la&nbsp;Escuela Primaria Fray Ram\u00f3n Pan\u00e9, en Los Jardines del Norte, Distrito Nacional, que albergar\u00e1 en su totalidad&nbsp;42 aulas&nbsp;para beneficio de unos&nbsp;1,890 estudiantes. [&hellip;]<\/p>\n","protected":false},"author":5,"featured_media":574472,"comment_status":"closed","ping_status":"closed","sticky":true,"template":"","format":"standard","meta":{"footnotes":""},"categories":[20,27],"tags":[],"class_list":["post-574471","post","type-post","status-publish","format-standard","has-post-thumbnail","hentry","category-dominicana-hoy","category-portada"],"_links":{"self":[{"href":"https:\/\/diariodominicano.com\/index.php?rest_route=\/wp\/v2\/posts\/574471","targetHints":{"allow":["GET"]}}],"collection":[{"href":"https:\/\/diariodominicano.com\/index.php?rest_route=\/wp\/v2\/posts"}],"about":[{"href":"https:\/\/diariodominicano.com\/index.php?rest_route=\/wp\/v2\/types\/post"}],"author":[{"embeddable":true,"href":"https:\/\/diariodominicano.com\/index.php?rest_route=\/wp\/v2\/users\/5"}],"replies":[{"embeddable":true,"href":"https:\/\/diariodominicano.com\/index.php?rest_route=%2Fwp%2Fv2%2Fcomments&post=574471"}],"version-history":[{"count":3,"href":"https:\/\/diariodominicano.com\/index.php?rest_route=\/wp\/v2\/posts\/574471\/revisions"}],"predecessor-version":[{"id":574491,"href":"https:\/\/diariodominicano.com\/index.php?rest_route=\/wp\/v2\/posts\/574471\/revisions\/574491"}],"wp:featuredmedia":[{"embeddable":true,"href":"https:\/\/diariodominicano.com\/index.php?rest_route=\/wp\/v2\/media\/574472"}],"wp:attachment":[{"href":"https:\/\/diariodominicano.com\/index.php?rest_route=%2Fwp%2Fv2%2Fmedia&parent=574471"}],"wp:term":[{"taxonomy":"category","embeddable":true,"href":"https:\/\/diariodominicano.com\/index.php?rest_route=%2Fwp%2Fv2%2Fcategories&post=574471"},{"taxonomy":"post_tag","embeddable":true,"href":"https:\/\/diariodominicano.com\/index.php?rest_route=%2Fwp%2Fv2%2Ftags&post=574471"}],"curies":[{"name":"wp","href":"https:\/\/api.w.org\/{rel}","templated":true}]}}