{"id":574462,"date":"2024-11-13T20:20:25","date_gmt":"2024-11-14T00:20:25","guid":{"rendered":"https:\/\/diariodominicano.com\/?p=574462"},"modified":"2024-11-14T00:23:18","modified_gmt":"2024-11-14T04:23:18","slug":"presidente-chileno-quiere-fortalecer-la-fuerza-policial-para-contener-el-crimen-organizado","status":"publish","type":"post","link":"https:\/\/diariodominicano.com\/?p=574462","title":{"rendered":"Presidente chileno quiere fortalecer la fuerza policial para contener el crimen organizado"},"content":{"rendered":"\n<p>diariodominicano.com<\/p>\n\n\n\n<p>SANTIAGO, 13 nov (Xinhua) &#8212; El presidente chileno, Gabriel Boric, enfatiz\u00f3 hoy en la importancia de fortalecer la fuerza policial y reforzar las medidas de prevenci\u00f3n para hacer frente a la ola de delitos violentos y el avance del crimen organizado en el pa\u00eds, tras la serie de asesinatos ocurridos la noche anterior en diferentes ciudades de la naci\u00f3n austral.<\/p>\n\n\n\n<p>\u00abTenemos que fortalecer a la polic\u00eda y fortalecer la prevenci\u00f3n del delito, evitar que en particular j\u00f3venes caigan en manos de la delincuencia, con m\u00e1s cultura, m\u00e1s deporte, mejor educaci\u00f3n\u00bb, dijo Boric en una actividad p\u00fablica enmarcada en el Plan Nacional contra el Crimen Organizado.<\/p>\n\n\n\n<p>El mandatario chileno se refiri\u00f3 en su discurso a los homicidios ocurridos en los municipios capitalinos de Providencia y La Pintana, as\u00ed como en la ciudad costera de Vi\u00f1a del Mar, en la regi\u00f3n de Valpara\u00edso, adem\u00e1s de la localidad de Antofagasta, en el norte del pa\u00eds.<\/p>\n\n\n\n<p>Se\u00f1al\u00f3 respecto al actuar del Gobierno para contener la violencia en el pa\u00eds que \u00ablos delincuentes esperan que nos debilitemos, que bajemos los brazos, que normalicemos y que nos dejen de indignar los delitos que cometen\u00bb.<\/p>\n\n\n\n<p>\u00abComo presidente de la Rep\u00fablica les digo que no va a ser as\u00ed, que cada ciudadano honesto, trabajador, que fallece, que es asesinado por la delincuencia, nos desgarra, y vamos a trabajar con m\u00e1s fuerza\u00bb, a\u00f1adi\u00f3.<\/p>\n\n\n\n<p>Boric encabez\u00f3 este mi\u00e9rcoles la segunda entrega de veh\u00edculos policiales del a\u00f1o para completar 1.054 autom\u00f3viles por una inversi\u00f3n superior a 34 millones de d\u00f3lares.<\/p>\n\n\n\n<p>El objetivo de la medida es dotar a Carabineros (polic\u00eda militarizada) de 4.217 nuevos autos policiales con plazo hasta 2026 y dar de baja hasta un 57 por ciento la cantidad de veh\u00edculos cuya vida \u00fatil est\u00e1 vencida.<\/p>\n\n\n\n<p>\u00abPara combatir el crimen necesitamos a Carabineros, a la Polic\u00eda de Investigaciones, a todas las instituciones del Estado con las herramientas fortalecidas para poder enfrentar este tremendo desaf\u00edo\u00bb, declar\u00f3 Boric en esa l\u00ednea.<\/p>\n\n\n\n<p>Chile pas\u00f3 de ocupar el lugar 29 en 2008 entre los pa\u00edses m\u00e1s seguros del mundo, al sitio 58 en 2023, seg\u00fan el \u00cdndice de Paz Global.<\/p>\n\n\n\n<p>En 2023, la tasa de homicidios en el pa\u00eds fue de 6,3 v\u00edctimas por cada 100.000 habitantes, una disminuci\u00f3n respecto a 2022 (6,7), pero creciente respecto a 2018, cuando anot\u00f3 4,5, de acuerdo con datos del Gobierno chileno.<\/p>\n\n\n\n<p><a href=\"https:\/\/www.facebook.com\/sharer\/sharer.php?u=https:\/\/spanish.xinhuanet.com\/20241114\/bfbbe3bfc25b48bcbce7b29285b70003\/c.html\" target=\"_blank\" rel=\"noreferrer noopener\"><\/a><\/p>\n","protected":false},"excerpt":{"rendered":"<p>diariodominicano.com SANTIAGO, 13 nov (Xinhua) &#8212; El presidente chileno, Gabriel Boric, enfatiz\u00f3 hoy en la importancia de fortalecer la fuerza policial y reforzar las medidas de prevenci\u00f3n para hacer frente a la ola de delitos violentos y el avance del crimen organizado en el pa\u00eds, tras la serie de asesinatos ocurridos la noche anterior en [&hellip;]<\/p>\n","protected":false},"author":5,"featured_media":574464,"comment_status":"closed","ping_status":"closed","sticky":true,"template":"","format":"standard","meta":{"footnotes":""},"categories":[23,27],"tags":[],"class_list":["post-574462","post","type-post","status-publish","format-standard","has-post-thumbnail","hentry","category-internacional","category-portada"],"_links":{"self":[{"href":"https:\/\/diariodominicano.com\/index.php?rest_route=\/wp\/v2\/posts\/574462","targetHints":{"allow":["GET"]}}],"collection":[{"href":"https:\/\/diariodominicano.com\/index.php?rest_route=\/wp\/v2\/posts"}],"about":[{"href":"https:\/\/diariodominicano.com\/index.php?rest_route=\/wp\/v2\/types\/post"}],"author":[{"embeddable":true,"href":"https:\/\/diariodominicano.com\/index.php?rest_route=\/wp\/v2\/users\/5"}],"replies":[{"embeddable":true,"href":"https:\/\/diariodominicano.com\/index.php?rest_route=%2Fwp%2Fv2%2Fcomments&post=574462"}],"version-history":[{"count":2,"href":"https:\/\/diariodominicano.com\/index.php?rest_route=\/wp\/v2\/posts\/574462\/revisions"}],"predecessor-version":[{"id":574554,"href":"https:\/\/diariodominicano.com\/index.php?rest_route=\/wp\/v2\/posts\/574462\/revisions\/574554"}],"wp:featuredmedia":[{"embeddable":true,"href":"https:\/\/diariodominicano.com\/index.php?rest_route=\/wp\/v2\/media\/574464"}],"wp:attachment":[{"href":"https:\/\/diariodominicano.com\/index.php?rest_route=%2Fwp%2Fv2%2Fmedia&parent=574462"}],"wp:term":[{"taxonomy":"category","embeddable":true,"href":"https:\/\/diariodominicano.com\/index.php?rest_route=%2Fwp%2Fv2%2Fcategories&post=574462"},{"taxonomy":"post_tag","embeddable":true,"href":"https:\/\/diariodominicano.com\/index.php?rest_route=%2Fwp%2Fv2%2Ftags&post=574462"}],"curies":[{"name":"wp","href":"https:\/\/api.w.org\/{rel}","templated":true}]}}