{"id":574432,"date":"2024-11-13T18:03:36","date_gmt":"2024-11-13T22:03:36","guid":{"rendered":"https:\/\/diariodominicano.com\/?p=574432"},"modified":"2024-11-13T18:03:45","modified_gmt":"2024-11-13T22:03:45","slug":"dictan-prision-a-9-reos-por-rina-que-dejo-15-muertos-en-la-carcel-de-ecuador","status":"publish","type":"post","link":"https:\/\/diariodominicano.com\/?p=574432","title":{"rendered":"Dictan prisi\u00f3n a 9 reos por ri\u00f1a que dej\u00f3 15 muertos en la c\u00e1rcel de Ecuador"},"content":{"rendered":"\n<p>diariodominicano.com<\/p>\n\n\n\n<p>QUITO, 13 nov (Xinhua) &#8212; Un juez de Ecuador dict\u00f3 hoy mi\u00e9rcoles prisi\u00f3n preventiva a nueve presos por el presunto delito de asesinato cometido durante enfrentamientos ocurridos el martes en una c\u00e1rcel con saldo de 15 reclusos muertos y 14 heridos, inform\u00f3 la Fiscal\u00eda General. del Estado. La entidad indic\u00f3 en su cuenta de la red social X que el juez acogi\u00f3 el pedido de la Fiscal\u00eda y orden\u00f3 la medida cautelar contra nueve reos por su presunta participaci\u00f3n en el hecho que tuvo lugar en la Penitenciar\u00eda del Litoral, la c\u00e1rcel m\u00e1s grande de Ecuador. , en la ciudad de Guayaquil (suroeste). \u00abLos procesados \u200b\u200bfueron identificados como \u00c1lvaro AE, Bryan SR, Carlos RV, Irwin CM, Carlos MF, Edgar BV, Ronny UM, Nelson CP y Darwin CL\u00bb, detall\u00f3 la Fiscal\u00eda, al tiempo que indic\u00f3 que se \u00abindaga la participaci\u00f3n de otros reclusos\u00bb y que de ser el caso, \u00abser\u00e1n vinculados en los pr\u00f3ximos d\u00edas\u00bb. El Servicio Nacional de Atenci\u00f3n Integral (SNAI) a Personas Adultas Privadas de la Libertad y Adolescentes Infractores, instancia que maneja las prisiones en Ecuador, confirm\u00f3 el martes la cifra de fallecidos y heridos como resultado de \u00abgraves incidentes\u00bb en un pabell\u00f3n de la Penitenciar\u00eda del Litoral, una de las c\u00e1rceles m\u00e1s conflictivas del pa\u00eds. Medios locales difundieron que el pabell\u00f3n donde se produjo la ri\u00f1a entre internos alberga a miembros de nuevas bandas criminales. Los enfrentamientos incluyen detonaciones de armas de fuego, lo que llev\u00f3 a las Fuerzas de Seguridad a incursionar en el penal para tomar el control de las instalaciones y activar un operativo de solicitud a gran escala. El SNAI indic\u00f3 que la prisi\u00f3n ya se encontraba \u00abbajo control absoluto\u00bb y que un contingente significativo de personal militar y policial estaba desplegado para resguardar la seguridad, as\u00ed como para evitar nuevos incidentes. La Penitenciar\u00eda del Litoral ha sido escenario de constantes enfrentamientos entre grupos de delincuencia organizada ligados al narcotr\u00e1fico que se disputan el control de los penales. El evento m\u00e1s grave en esa prisi\u00f3n ocurri\u00f3 en septiembre de 2021, cuando 119 reclusos fueron asesinados en la peor masacre carcelaria registrada en Ecuador. Ecuador enfrenta desde febrero de 2021 una crisis carcelaria que han dejado m\u00e1s de 400 presos asesinados, seg\u00fan estad\u00edsticas oficiales. Desde enero pasado, polic\u00edas y militares custodian todas las c\u00e1rceles ecuatorianas en el marco del \u00abconflicto armado interno\u00bb declarado por el Gobierno contra el crimen organizado.<\/p>\n","protected":false},"excerpt":{"rendered":"<p>diariodominicano.com QUITO, 13 nov (Xinhua) &#8212; Un juez de Ecuador dict\u00f3 hoy mi\u00e9rcoles prisi\u00f3n preventiva a nueve presos por el presunto delito de asesinato cometido durante enfrentamientos ocurridos el martes en una c\u00e1rcel con saldo de 15 reclusos muertos y 14 heridos, inform\u00f3 la Fiscal\u00eda General. del Estado. La entidad indic\u00f3 en su cuenta de [&hellip;]<\/p>\n","protected":false},"author":5,"featured_media":574438,"comment_status":"closed","ping_status":"closed","sticky":true,"template":"","format":"standard","meta":{"footnotes":""},"categories":[23,27],"tags":[],"class_list":["post-574432","post","type-post","status-publish","format-standard","has-post-thumbnail","hentry","category-internacional","category-portada"],"_links":{"self":[{"href":"https:\/\/diariodominicano.com\/index.php?rest_route=\/wp\/v2\/posts\/574432","targetHints":{"allow":["GET"]}}],"collection":[{"href":"https:\/\/diariodominicano.com\/index.php?rest_route=\/wp\/v2\/posts"}],"about":[{"href":"https:\/\/diariodominicano.com\/index.php?rest_route=\/wp\/v2\/types\/post"}],"author":[{"embeddable":true,"href":"https:\/\/diariodominicano.com\/index.php?rest_route=\/wp\/v2\/users\/5"}],"replies":[{"embeddable":true,"href":"https:\/\/diariodominicano.com\/index.php?rest_route=%2Fwp%2Fv2%2Fcomments&post=574432"}],"version-history":[{"count":1,"href":"https:\/\/diariodominicano.com\/index.php?rest_route=\/wp\/v2\/posts\/574432\/revisions"}],"predecessor-version":[{"id":574439,"href":"https:\/\/diariodominicano.com\/index.php?rest_route=\/wp\/v2\/posts\/574432\/revisions\/574439"}],"wp:featuredmedia":[{"embeddable":true,"href":"https:\/\/diariodominicano.com\/index.php?rest_route=\/wp\/v2\/media\/574438"}],"wp:attachment":[{"href":"https:\/\/diariodominicano.com\/index.php?rest_route=%2Fwp%2Fv2%2Fmedia&parent=574432"}],"wp:term":[{"taxonomy":"category","embeddable":true,"href":"https:\/\/diariodominicano.com\/index.php?rest_route=%2Fwp%2Fv2%2Fcategories&post=574432"},{"taxonomy":"post_tag","embeddable":true,"href":"https:\/\/diariodominicano.com\/index.php?rest_route=%2Fwp%2Fv2%2Ftags&post=574432"}],"curies":[{"name":"wp","href":"https:\/\/api.w.org\/{rel}","templated":true}]}}