{"id":574424,"date":"2024-11-13T17:51:29","date_gmt":"2024-11-13T21:51:29","guid":{"rendered":"https:\/\/diariodominicano.com\/?p=574424"},"modified":"2024-11-13T17:51:38","modified_gmt":"2024-11-13T21:51:38","slug":"juzgado-de-atencion-permanente-de-san-juan-impone-presentacion-periodica-a-wander-franco-por-porte-ilegal-de-arma-de-fuego","status":"publish","type":"post","link":"https:\/\/diariodominicano.com\/?p=574424","title":{"rendered":"Juzgado de Atenci\u00f3n Permanente de San Juan impone presentaci\u00f3n peri\u00f3dica a Wander Franco por porte ilegal de arma de fuego"},"content":{"rendered":"\n<p><strong>SAN JUAN DE LA MAGUANA (Rep\u00fablica Dominicana).- Acogiendo<\/strong>&nbsp;la solicitud de la Fiscal\u00eda de San Juan de la Maguana, el Juzgado de Atenci\u00f3n Permanente de este distrito judicial, impuso presentaci\u00f3n peri\u00f3dica, como medida de coerci\u00f3n, al jugador de b\u00e9isbol, Wander Samuel Franco Aybar, a quien el Ministerio P\u00fablico le imputa el uso y porte ilegal de arma de fuego.<\/p>\n\n\n\n<p>La jueza Viamerca Ruiz acogi\u00f3 los argumentos presentados por la fiscal Petronila Santos, e impuso la medida coercitiva en contra de Franco Aybar, quien fue arrestado en flagrante delito el pasado domingo 10 del presente mes, en la calle Doctor Cabral, del residencial Sara de los \u00c1ngeles, de San Juan de la Maguana, donde la Polic\u00eda Nacional se present\u00f3 luego de que protagonizara una discusi\u00f3n con otro ciudadano y el padre de este.<\/p>\n\n\n\n<p>Al inspeccionar el veh\u00edculo marca Mercedes Benz, color negro, placa No. G584255, en el que se transportaba Franco Aybar, los agentes de la Polic\u00eda Nacional encontraron un arma de fuego marca Glock, modelo 19 GHT121, con su cargador y 15 c\u00e1psulas, sin ning\u00fan tipo de documentaci\u00f3n, la cual, seg\u00fan versiones del proprio imputado, es de su t\u00edo.<\/p>\n\n\n\n<p>La medida obtenida por el Ministerio Publico solo retiene a Franco Aybar por la conducta relacionada con el porte ilegal de arma de fuego. Ya que existe la necesidad de atarlo al proceso hasta tanto se puedan esclarecer los hechos con las investigaciones correspondientes.<\/p>\n\n\n\n<p>El \u00f3rgano persecutor ha otorgado al presente hecho la calificaci\u00f3n jur\u00eddica provisional de uso y porte ilegal de arma de fuego, en violaci\u00f3n de los tipos penales contenidos en los art\u00edculos 66 y 67, de la Ley 631-16 para el control y Regulaci\u00f3n de Armas, Municiones y Materiales Relacionados.<\/p>\n\n\n\n<p>Se recuerda que Franco Aybar tiene abierto otro proceso judicial por abuso psicol\u00f3gico y sexual contra una adolescente, cuyo juicio iniciar\u00e1 el pr\u00f3ximo 12 de diciembre en el Tribunal Colegiado de Puerto Plata.<\/p>\n\n\n\n<p>.<\/p>\n\n\n\n<p><strong>Direcci\u00f3n General de Comunicaci\u00f3n, Prensa, y RRPP<\/strong><strong><\/strong><\/p>\n\n\n\n<p>Ministerio P\u00fablico.&nbsp;R.D.<\/p>\n\n\n\n<p>Mi\u00e9rcoles, 13 de noviembre de 2024<\/p>\n","protected":false},"excerpt":{"rendered":"<p>SAN JUAN DE LA MAGUANA (Rep\u00fablica Dominicana).- Acogiendo&nbsp;la solicitud de la Fiscal\u00eda de San Juan de la Maguana, el Juzgado de Atenci\u00f3n Permanente de este distrito judicial, impuso presentaci\u00f3n peri\u00f3dica, como medida de coerci\u00f3n, al jugador de b\u00e9isbol, Wander Samuel Franco Aybar, a quien el Ministerio P\u00fablico le imputa el uso y porte ilegal de [&hellip;]<\/p>\n","protected":false},"author":2,"featured_media":285168,"comment_status":"closed","ping_status":"closed","sticky":true,"template":"","format":"standard","meta":{"footnotes":""},"categories":[17,24,29,27],"tags":[],"class_list":["post-574424","post","type-post","status-publish","format-standard","has-post-thumbnail","hentry","category-deportes","category-justicia-y-derecho","category-policiasucesos","category-portada"],"_links":{"self":[{"href":"https:\/\/diariodominicano.com\/index.php?rest_route=\/wp\/v2\/posts\/574424","targetHints":{"allow":["GET"]}}],"collection":[{"href":"https:\/\/diariodominicano.com\/index.php?rest_route=\/wp\/v2\/posts"}],"about":[{"href":"https:\/\/diariodominicano.com\/index.php?rest_route=\/wp\/v2\/types\/post"}],"author":[{"embeddable":true,"href":"https:\/\/diariodominicano.com\/index.php?rest_route=\/wp\/v2\/users\/2"}],"replies":[{"embeddable":true,"href":"https:\/\/diariodominicano.com\/index.php?rest_route=%2Fwp%2Fv2%2Fcomments&post=574424"}],"version-history":[{"count":1,"href":"https:\/\/diariodominicano.com\/index.php?rest_route=\/wp\/v2\/posts\/574424\/revisions"}],"predecessor-version":[{"id":574426,"href":"https:\/\/diariodominicano.com\/index.php?rest_route=\/wp\/v2\/posts\/574424\/revisions\/574426"}],"wp:featuredmedia":[{"embeddable":true,"href":"https:\/\/diariodominicano.com\/index.php?rest_route=\/wp\/v2\/media\/285168"}],"wp:attachment":[{"href":"https:\/\/diariodominicano.com\/index.php?rest_route=%2Fwp%2Fv2%2Fmedia&parent=574424"}],"wp:term":[{"taxonomy":"category","embeddable":true,"href":"https:\/\/diariodominicano.com\/index.php?rest_route=%2Fwp%2Fv2%2Fcategories&post=574424"},{"taxonomy":"post_tag","embeddable":true,"href":"https:\/\/diariodominicano.com\/index.php?rest_route=%2Fwp%2Fv2%2Ftags&post=574424"}],"curies":[{"name":"wp","href":"https:\/\/api.w.org\/{rel}","templated":true}]}}