{"id":574344,"date":"2024-11-13T10:01:25","date_gmt":"2024-11-13T14:01:25","guid":{"rendered":"https:\/\/diariodominicano.com\/?p=574344"},"modified":"2024-11-13T10:09:00","modified_gmt":"2024-11-13T14:09:00","slug":"comisionado-dot-se-une-alcalde-nyc-para-honrar-victimas-del-vuelo-587","status":"publish","type":"post","link":"https:\/\/diariodominicano.com\/?p=574344","title":{"rendered":"Comisionado DOT se une alcalde NYC para honrar v\u00edctimas del vuelo 587"},"content":{"rendered":"\n<p><strong>Por Ram\u00f3n Mercedes<\/strong><\/p>\n\n\n\n<p><strong>NUEVA YORK.-<\/strong>&nbsp;El comisionado del Departamento de Transporte de NYC (DOT), Ydanis Rodr\u00edguez, se uni\u00f3 este martes al alcalde Eric Adams en la 23ava. ceremonia de recordaci\u00f3n de los fallecidos en el fat\u00eddico Vuelo 587, ca\u00eddo en noviembre de 2001 en la zona de Belle Harbor en Queens.<\/p>\n\n\n\n<p>Hablando ante el memorial levantado en la zona del siniestro, el comisionado Rodr\u00edguez agradeci\u00f3 a Belkis Lora por su dedicaci\u00f3n a mantener viva la memoria de las v\u00edctimas, la mayor\u00eda dominicanas.<\/p>\n\n\n\n<p>\u201cEste memorial y la \u2018Calle Vuelo 587\u2019 en Washington Heights son recordatorios del dolor compartido de nuestra comunidad\u201d, expres\u00f3 el comisionado Rodr\u00edguez.<\/p>\n\n\n\n<p>Concluy\u00f3 con un mensaje de esperanza, deseando que cada a\u00f1o traiga \u201cm\u00e1s sonrisas que l\u00e1grimas\u201d en su recuerdo.<\/p>\n\n\n\n<p>Durante el acto se dio un campanazo por cada uno de los 265 fallecidos.<\/p>\n\n\n\n<p>El 12 de noviembre del 2001, el vuelo 587 de American Airlines despeg\u00f3 desde el aeropuerto J.J. Kennedy de Nueva York, Estados Unidos, con destino al Aeropuerto Internacional Las Am\u00e9ricas de Santo Domingo, Rep\u00fablica Dominicana.<\/p>\n\n\n\n<p>Un minuto despu\u00e9s de despegar, el avi\u00f3n se estrell\u00f3 en el \u00e1rea de Queens, muriendo sus 260 ocupantes y 5 personas m\u00e1s en tierra, siendo el segundo peor accidente a\u00e9reo de la historia de Estados Unidos, solo superado por el vuelo 191 de la misma aerol\u00ednea en donde murieron 273 personas<\/p>\n\n\n\n<p>Diariodominicano.com<\/p>\n\n\n\n<p>#vuelo 587\u2003\u2003\u2003\u2003#aeropuerto J.J. Kennedy de Nueva York,<\/p>\n\n\n\n<p><\/p>\n\n\n\n<p><\/p>\n","protected":false},"excerpt":{"rendered":"<p>Por Ram\u00f3n Mercedes NUEVA YORK.-&nbsp;El comisionado del Departamento de Transporte de NYC (DOT), Ydanis Rodr\u00edguez, se uni\u00f3 este martes al alcalde Eric Adams en la 23ava. ceremonia de recordaci\u00f3n de los fallecidos en el fat\u00eddico Vuelo 587, ca\u00eddo en noviembre de 2001 en la zona de Belle Harbor en Queens. Hablando ante el memorial levantado [&hellip;]<\/p>\n","protected":false},"author":2,"featured_media":574345,"comment_status":"closed","ping_status":"closed","sticky":true,"template":"","format":"standard","meta":{"footnotes":""},"categories":[36,26,23],"tags":[],"class_list":["post-574344","post","type-post","status-publish","format-standard","has-post-thumbnail","hentry","category-hombresmujeresycosas","category-efemerides","category-internacional"],"_links":{"self":[{"href":"https:\/\/diariodominicano.com\/index.php?rest_route=\/wp\/v2\/posts\/574344","targetHints":{"allow":["GET"]}}],"collection":[{"href":"https:\/\/diariodominicano.com\/index.php?rest_route=\/wp\/v2\/posts"}],"about":[{"href":"https:\/\/diariodominicano.com\/index.php?rest_route=\/wp\/v2\/types\/post"}],"author":[{"embeddable":true,"href":"https:\/\/diariodominicano.com\/index.php?rest_route=\/wp\/v2\/users\/2"}],"replies":[{"embeddable":true,"href":"https:\/\/diariodominicano.com\/index.php?rest_route=%2Fwp%2Fv2%2Fcomments&post=574344"}],"version-history":[{"count":4,"href":"https:\/\/diariodominicano.com\/index.php?rest_route=\/wp\/v2\/posts\/574344\/revisions"}],"predecessor-version":[{"id":574354,"href":"https:\/\/diariodominicano.com\/index.php?rest_route=\/wp\/v2\/posts\/574344\/revisions\/574354"}],"wp:featuredmedia":[{"embeddable":true,"href":"https:\/\/diariodominicano.com\/index.php?rest_route=\/wp\/v2\/media\/574345"}],"wp:attachment":[{"href":"https:\/\/diariodominicano.com\/index.php?rest_route=%2Fwp%2Fv2%2Fmedia&parent=574344"}],"wp:term":[{"taxonomy":"category","embeddable":true,"href":"https:\/\/diariodominicano.com\/index.php?rest_route=%2Fwp%2Fv2%2Fcategories&post=574344"},{"taxonomy":"post_tag","embeddable":true,"href":"https:\/\/diariodominicano.com\/index.php?rest_route=%2Fwp%2Fv2%2Ftags&post=574344"}],"curies":[{"name":"wp","href":"https:\/\/api.w.org\/{rel}","templated":true}]}}