{"id":574241,"date":"2024-11-12T23:45:45","date_gmt":"2024-11-13T03:45:45","guid":{"rendered":"https:\/\/diariodominicano.com\/?p=574241"},"modified":"2024-11-12T23:45:46","modified_gmt":"2024-11-13T03:45:46","slug":"sara-selina-presenta-listen-pt-2-un-ep-donde-cada-cancion-proviene-de-un-lugar-real-sin-filtros","status":"publish","type":"post","link":"https:\/\/diariodominicano.com\/?p=574241","title":{"rendered":"Sara Selina presenta \u201cListen, Pt. 2\u201d, un EP donde cada canci\u00f3n proviene de \u201cun lugar real, sin filtros\u201d"},"content":{"rendered":"\n<p>La cantautora, nacida en Nueva York y criada en Panam\u00e1, afirma que las vibraciones de la producci\u00f3n son peque\u00f1os fragmentos de su viaje, con mezclas de sonidos de todos los lugares en los que ha estado.<\/p>\n\n\n\n<p>Sara Selina, la potente artista de m\u00fasica urbana y pop latino, present\u00f3 \u201cListen, Pt. 2\u201d, una producci\u00f3n en la que cada canci\u00f3n proviene de \u201cun lugar real, sin filtros\u201d.<\/p>\n\n\n\n<p>\u201cEste EP trata sobre la diferencia entre simplemente escuchar a alguien y escucharlo de verdad. Soy alguien que valora profundamente ser escuchado y comprendido. Soy ese amigo al que la gente recurre porque saben que realmente escuchar\u00e9\u201d, afirm\u00f3 Sara.<\/p>\n\n\n\n<figure class=\"wp-block-image\"><img decoding=\"async\" src=\"https:\/\/diariodominicano.com\/wp-content\/uploads\/2024\/11\/Sara-Selina-presenta-Listen-1024x645.jpg\" alt=\"\"\/><\/figure>\n\n\n\n<p>El nombre del EP se le ocurri\u00f3 durante una larga conversaci\u00f3n con su mejor amigo, mientras trabajaban en la portada.<\/p>\n\n\n\n<p>\u201cNos dimos cuenta de que cada canci\u00f3n es un mensaje para cualquiera que est\u00e9 dispuesto a escuchar de verdad. Cada letra y cada melod\u00eda proviene de un lugar real, nada edulcorado, sin filtros, sin tonter\u00edas\u201d, a\u00f1adi\u00f3 la cantautora.<\/p>\n\n\n\n<p>La producci\u00f3n est\u00e1 compuesta por tres canciones. \u201cWarda\u201d (Hold My Hand), dedicada a todas las mujeres que quieren sentirse especiales y a todos los hombres que quieren saber c\u00f3mo hacerlas sentir as\u00ed; \u201cSpiderman\u201d, inspirada en sus experiencias y sue\u00f1os sobre c\u00f3mo debe sentirse el amor; y \u201cNow UR Gone\u201d, sobre la fe, la esperanza y el amor que mueven monta\u00f1as.<\/p>\n\n\n\n<p>\u201cLas vibraciones de este EP son peque\u00f1os fragmentos de mi viaje, mezclando sonidos de todos los lugares en los que he estado y las ciudades que he llamado hogar. He incluido ritmos afro, pop, indie, soul y, lo m\u00e1s importante, mucha energ\u00eda alegre que he recogido en el camino. Es una divertida mezcla de sonidos que es a la vez fresca\u201d, indic\u00f3 la artista nacida en Nueva York y criada en Panam\u00e1.<\/p>\n\n\n\n<figure class=\"wp-block-image\"><img decoding=\"async\" src=\"https:\/\/diariodominicano.com\/wp-content\/uploads\/2024\/11\/Sara-Selina-presenta-Listen-Pt.-2-un-EP-donde-cada-cancion-proviene-de-un-lugar-real-sin-filtros-683x1024.jpg\" alt=\"\"\/><\/figure>\n\n\n\n<p>Sara Fares, conocida art\u00edsticamente como Sara Selina, act\u00faa en espa\u00f1ol y en ingl\u00e9s. Como artista multifac\u00e9tica, encarna una creatividad ilimitada en la m\u00fasica, la escritura, la producci\u00f3n ejecutiva, la composici\u00f3n, el dise\u00f1o de moda y la pintura.<\/p>\n\n\n\n<p>M\u00e1s all\u00e1 de la m\u00fasica, Sara es una dise\u00f1adora de moda visionaria con su propia marca de alta costura y una pintora dedicada. Sus estudios en dise\u00f1o de moda, negocios y psicolog\u00eda agregan profundidad a su arte, infundiendo su trabajo con temas de salud mental, psicolog\u00eda del color y conocimientos sobre el cerebro humano. Estas disciplinas, junto con su arte visual, son sus principales influencias a la hora de componer m\u00fasica y escribir letras, y la gu\u00edan para capturar las emociones y complejidades de la vida.<\/p>\n\n\n\n<p>https:\/\/www.instagram.com\/sasyklasy\/<br>https:\/\/www.tiktok.com\/@sasyklasy<br>www.youtube.com\/@sara_selina_<br>EB Public Relations <a href=\"mailto:esther@ebmanagement.io\">esther@ebmanagement.io<\/a><\/p>\n","protected":false},"excerpt":{"rendered":"<p>La cantautora, nacida en Nueva York y criada en Panam\u00e1, afirma que las vibraciones de la producci\u00f3n son peque\u00f1os fragmentos de su viaje, con mezclas de sonidos de todos los lugares en los que ha estado. Sara Selina, la potente artista de m\u00fasica urbana y pop latino, present\u00f3 \u201cListen, Pt. 2\u201d, una producci\u00f3n en la [&hellip;]<\/p>\n","protected":false},"author":7,"featured_media":574249,"comment_status":"closed","ping_status":"closed","sticky":false,"template":"","format":"standard","meta":{"footnotes":""},"categories":[25],"tags":[847],"class_list":["post-574241","post","type-post","status-publish","format-standard","has-post-thumbnail","hentry","category-gente","tag-sara-selina"],"_links":{"self":[{"href":"https:\/\/diariodominicano.com\/index.php?rest_route=\/wp\/v2\/posts\/574241","targetHints":{"allow":["GET"]}}],"collection":[{"href":"https:\/\/diariodominicano.com\/index.php?rest_route=\/wp\/v2\/posts"}],"about":[{"href":"https:\/\/diariodominicano.com\/index.php?rest_route=\/wp\/v2\/types\/post"}],"author":[{"embeddable":true,"href":"https:\/\/diariodominicano.com\/index.php?rest_route=\/wp\/v2\/users\/7"}],"replies":[{"embeddable":true,"href":"https:\/\/diariodominicano.com\/index.php?rest_route=%2Fwp%2Fv2%2Fcomments&post=574241"}],"version-history":[{"count":1,"href":"https:\/\/diariodominicano.com\/index.php?rest_route=\/wp\/v2\/posts\/574241\/revisions"}],"predecessor-version":[{"id":574251,"href":"https:\/\/diariodominicano.com\/index.php?rest_route=\/wp\/v2\/posts\/574241\/revisions\/574251"}],"wp:featuredmedia":[{"embeddable":true,"href":"https:\/\/diariodominicano.com\/index.php?rest_route=\/wp\/v2\/media\/574249"}],"wp:attachment":[{"href":"https:\/\/diariodominicano.com\/index.php?rest_route=%2Fwp%2Fv2%2Fmedia&parent=574241"}],"wp:term":[{"taxonomy":"category","embeddable":true,"href":"https:\/\/diariodominicano.com\/index.php?rest_route=%2Fwp%2Fv2%2Fcategories&post=574241"},{"taxonomy":"post_tag","embeddable":true,"href":"https:\/\/diariodominicano.com\/index.php?rest_route=%2Fwp%2Fv2%2Ftags&post=574241"}],"curies":[{"name":"wp","href":"https:\/\/api.w.org\/{rel}","templated":true}]}}