{"id":574182,"date":"2024-11-12T23:38:09","date_gmt":"2024-11-13T03:38:09","guid":{"rendered":"https:\/\/diariodominicano.com\/?p=574182"},"modified":"2024-11-12T23:38:11","modified_gmt":"2024-11-13T03:38:11","slug":"empresarios-denuncian-despojo-de-propiedad-y-corrupcion-judicial-en-la-region-este","status":"publish","type":"post","link":"https:\/\/diariodominicano.com\/?p=574182","title":{"rendered":"Empresarios denuncian despojo de propiedad y corrupci\u00f3n judicial en la regi\u00f3n Este"},"content":{"rendered":"\n<p>Los sucesores de Luis Conrado Cede\u00f1o se\u00f1alan que el caso corresponde a la parcela 68-B-004-16699, de 128 mil metros cuadrados, en Hig\u00fcey.<\/p>\n\n\n\n<p>Alarma que el ex juez de la SCJ, Robert Placencia \u00c1lvarez, quien firm\u00f3 la sentencia irregular en ese entonces, ahora es el abogado principal de la empresa Commivial, lo que genera serias dudas sobre la imparcialidad del proceso judicial.<\/p>\n\n\n\n<figure class=\"wp-block-image size-full\"><img loading=\"lazy\" decoding=\"async\" width=\"796\" height=\"406\" src=\"https:\/\/diariodominicano.com\/wp-content\/uploads\/2024\/11\/Empresarios-denuncian-despojo-de-propiedad-y-corrupcion-judicial-en-la-region-Este.png\" alt=\"\" class=\"wp-image-574239\" srcset=\"https:\/\/diariodominicano.com\/wp-content\/uploads\/2024\/11\/Empresarios-denuncian-despojo-de-propiedad-y-corrupcion-judicial-en-la-region-Este.png 796w, https:\/\/diariodominicano.com\/wp-content\/uploads\/2024\/11\/Empresarios-denuncian-despojo-de-propiedad-y-corrupcion-judicial-en-la-region-Este-300x153.png 300w, https:\/\/diariodominicano.com\/wp-content\/uploads\/2024\/11\/Empresarios-denuncian-despojo-de-propiedad-y-corrupcion-judicial-en-la-region-Este-768x392.png 768w\" sizes=\"auto, (max-width: 796px) 100vw, 796px\" \/><\/figure>\n\n\n\n<p>Santo Domingo, R.D.- Los sucesores de Luis Conrado Cede\u00f1o Castillo denunciaron graves irregularidades judiciales en el conflicto que mantienen desde 2009 con la empresa Construcciones y Miner\u00eda Virgen de la Altagracia (Commivial) por la propiedad de la parcela 68-B-004-16699, ubicada en B\u00e1varo, municipio de Hig\u00fcey, provincia La Altagracia.<\/p>\n\n\n\n<figure class=\"wp-block-gallery has-nested-images columns-default is-cropped wp-block-gallery-1 is-layout-flex wp-block-gallery-is-layout-flex\">\n<figure class=\"wp-block-image size-large\"><img loading=\"lazy\" decoding=\"async\" width=\"1024\" height=\"683\" data-id=\"574238\" src=\"https:\/\/diariodominicano.com\/wp-content\/uploads\/2024\/11\/Dirlei-Cedeno-Rubini-Stalin-Ciprian-Rejane-Cedeno-Rubini-y-Sybeles-Cedeno-Rubini-1024x683.jpg\" alt=\"\" class=\"wp-image-574238\" srcset=\"https:\/\/diariodominicano.com\/wp-content\/uploads\/2024\/11\/Dirlei-Cedeno-Rubini-Stalin-Ciprian-Rejane-Cedeno-Rubini-y-Sybeles-Cedeno-Rubini-1024x683.jpg 1024w, https:\/\/diariodominicano.com\/wp-content\/uploads\/2024\/11\/Dirlei-Cedeno-Rubini-Stalin-Ciprian-Rejane-Cedeno-Rubini-y-Sybeles-Cedeno-Rubini-300x200.jpg 300w, https:\/\/diariodominicano.com\/wp-content\/uploads\/2024\/11\/Dirlei-Cedeno-Rubini-Stalin-Ciprian-Rejane-Cedeno-Rubini-y-Sybeles-Cedeno-Rubini-768x512.jpg 768w, https:\/\/diariodominicano.com\/wp-content\/uploads\/2024\/11\/Dirlei-Cedeno-Rubini-Stalin-Ciprian-Rejane-Cedeno-Rubini-y-Sybeles-Cedeno-Rubini-1536x1024.jpg 1536w, https:\/\/diariodominicano.com\/wp-content\/uploads\/2024\/11\/Dirlei-Cedeno-Rubini-Stalin-Ciprian-Rejane-Cedeno-Rubini-y-Sybeles-Cedeno-Rubini-2048x1366.jpg 2048w, https:\/\/diariodominicano.com\/wp-content\/uploads\/2024\/11\/Dirlei-Cedeno-Rubini-Stalin-Ciprian-Rejane-Cedeno-Rubini-y-Sybeles-Cedeno-Rubini-816x544.jpg 816w\" sizes=\"auto, (max-width: 1024px) 100vw, 1024px\" \/><\/figure>\n<\/figure>\n\n\n\n<p>La empresaria Rejane Cede\u00f1o Rubini y el abogado Stalin Cipri\u00e1n, en representaci\u00f3n de la familia, explicaron que Luis Conrado Cede\u00f1o Castillo adquiri\u00f3 legalmente la propiedad en 1999 y la deslind\u00f3 en 2005, sin embargo, ha sido v\u00edctima de una serie de acciones judiciales que vulneran su derecho a la propiedad.<\/p>\n\n\n\n<p>Esto incluye una demanda reconvencional por parte de Commivial para anular sus derechos, una fusi\u00f3n irregular de expedientes y la omisi\u00f3n de pruebas cruciales que demuestran la legalidad de la adquisici\u00f3n, afirmaron en una rueda de prensa efectuada en un establecimiento del sector de Naco, y a la que cont\u00f3 con la asistencia de los hermanos Dirlei y Sybeles Cede\u00f1o Rubini.<\/p>\n\n\n\n<figure class=\"wp-block-gallery has-nested-images columns-default is-cropped wp-block-gallery-2 is-layout-flex wp-block-gallery-is-layout-flex\">\n<figure class=\"wp-block-image size-large\"><img loading=\"lazy\" decoding=\"async\" width=\"683\" height=\"1024\" data-id=\"574235\" src=\"https:\/\/diariodominicano.com\/wp-content\/uploads\/2024\/11\/El-abogado-de-la-familia-Cedeno-Rubini-Stalin-Ciprian-683x1024.jpg\" alt=\"\" class=\"wp-image-574235\" srcset=\"https:\/\/diariodominicano.com\/wp-content\/uploads\/2024\/11\/El-abogado-de-la-familia-Cedeno-Rubini-Stalin-Ciprian-683x1024.jpg 683w, https:\/\/diariodominicano.com\/wp-content\/uploads\/2024\/11\/El-abogado-de-la-familia-Cedeno-Rubini-Stalin-Ciprian-200x300.jpg 200w, https:\/\/diariodominicano.com\/wp-content\/uploads\/2024\/11\/El-abogado-de-la-familia-Cedeno-Rubini-Stalin-Ciprian-768x1152.jpg 768w, https:\/\/diariodominicano.com\/wp-content\/uploads\/2024\/11\/El-abogado-de-la-familia-Cedeno-Rubini-Stalin-Ciprian-1024x1536.jpg 1024w, https:\/\/diariodominicano.com\/wp-content\/uploads\/2024\/11\/El-abogado-de-la-familia-Cedeno-Rubini-Stalin-Ciprian-1365x2048.jpg 1365w, https:\/\/diariodominicano.com\/wp-content\/uploads\/2024\/11\/El-abogado-de-la-familia-Cedeno-Rubini-Stalin-Ciprian-816x1224.jpg 816w, https:\/\/diariodominicano.com\/wp-content\/uploads\/2024\/11\/El-abogado-de-la-familia-Cedeno-Rubini-Stalin-Ciprian-scaled.jpg 1707w\" sizes=\"auto, (max-width: 683px) 100vw, 683px\" \/><\/figure>\n<\/figure>\n\n\n\n<p>El doctor Cipri\u00e1n se\u00f1al\u00f3 que el Tribunal de Jurisdicci\u00f3n Original de Hig\u00fcey, el Tribunal Superior de Tierras del Departamento Este y la Tercera Sala de la Suprema Corte de Justicia (SCJ) han fallado a favor de los demandados, ignorando las pruebas y bas\u00e1ndose en un principio penal inaplicable en materia inmobiliaria.<\/p>\n\n\n\n<figure class=\"wp-block-gallery has-nested-images columns-default is-cropped wp-block-gallery-3 is-layout-flex wp-block-gallery-is-layout-flex\">\n<figure class=\"wp-block-image size-large\"><img loading=\"lazy\" decoding=\"async\" width=\"1024\" height=\"627\" data-id=\"574236\" src=\"https:\/\/diariodominicano.com\/wp-content\/uploads\/2024\/11\/Vista-area-de-los-terrenos-de-la-familia-Cedeno-Rubini-1024x627.jpg\" alt=\"\" class=\"wp-image-574236\" srcset=\"https:\/\/diariodominicano.com\/wp-content\/uploads\/2024\/11\/Vista-area-de-los-terrenos-de-la-familia-Cedeno-Rubini-1024x627.jpg 1024w, https:\/\/diariodominicano.com\/wp-content\/uploads\/2024\/11\/Vista-area-de-los-terrenos-de-la-familia-Cedeno-Rubini-300x184.jpg 300w, https:\/\/diariodominicano.com\/wp-content\/uploads\/2024\/11\/Vista-area-de-los-terrenos-de-la-familia-Cedeno-Rubini-768x470.jpg 768w, https:\/\/diariodominicano.com\/wp-content\/uploads\/2024\/11\/Vista-area-de-los-terrenos-de-la-familia-Cedeno-Rubini-816x500.jpg 816w, https:\/\/diariodominicano.com\/wp-content\/uploads\/2024\/11\/Vista-area-de-los-terrenos-de-la-familia-Cedeno-Rubini.jpg 1280w\" sizes=\"auto, (max-width: 1024px) 100vw, 1024px\" \/><\/figure>\n<\/figure>\n\n\n\n<p>Un hecho que genera serias dudas sobre la imparcialidad del proceso es que el ex juez de la SCJ, Robert Placencia \u00c1lvarez, quien en ese entonces firm\u00f3 la sentencia que afecta a los herederos, es ahora abogado de la empresa Commivial.<\/p>\n\n\n\n<p>Los sucesores de Cede\u00f1o Castillo contin\u00faan luchando por recuperar su propiedad y han interpuesto un recurso ante el Tribunal Constitucional, que a\u00fan no ha sido resuelto, persisten las acciones legales contra las licencias de construcci\u00f3n ilegales otorgadas sobre la parcela.<\/p>\n\n\n\n<p>Este caso expone graves irregularidades que afectan el derecho a la propiedad y la confianza en el sistema judicial del pa\u00eds. La familia Cede\u00f1o Rubini clama por una revisi\u00f3n imparcial del caso en la Suprema Corte de Justicia, para que se haga justicia y se reparen los da\u00f1os causados.<\/p>\n\n\n\n<p><strong>LINKS PARA VER O DESCARGAR V\u00cdDEO<\/strong><\/p>\n\n\n\n<p><strong>Por YouTube:<\/strong><\/p>\n\n\n\n<figure class=\"wp-block-embed is-type-video is-provider-youtube wp-block-embed-youtube wp-embed-aspect-16-9 wp-has-aspect-ratio\"><div class=\"wp-block-embed__wrapper\">\n<iframe loading=\"lazy\" title=\"Empresarios denuncian despojo de propiedad y corrupci\u00f3n judicial en la regi\u00f3n Este\" width=\"616\" height=\"347\" src=\"https:\/\/www.youtube.com\/embed\/CAsTd1dx00c?feature=oembed\" frameborder=\"0\" allow=\"accelerometer; autoplay; clipboard-write; encrypted-media; gyroscope; picture-in-picture; web-share\" referrerpolicy=\"strict-origin-when-cross-origin\" allowfullscreen><\/iframe>\n<\/div><\/figure>\n\n\n\n<p><strong>Enver L\u00f3pez Milander<\/strong>\u00a0&lt;enverolm2@gmail.com> <\/p>\n","protected":false},"excerpt":{"rendered":"<p>Los sucesores de Luis Conrado Cede\u00f1o se\u00f1alan que el caso corresponde a la parcela 68-B-004-16699, de 128 mil metros cuadrados, en Hig\u00fcey. Alarma que el ex juez de la SCJ, Robert Placencia \u00c1lvarez, quien firm\u00f3 la sentencia irregular en ese entonces, ahora es el abogado principal de la empresa Commivial, lo que genera serias dudas [&hellip;]<\/p>\n","protected":false},"author":7,"featured_media":574238,"comment_status":"closed","ping_status":"closed","sticky":false,"template":"","format":"standard","meta":{"footnotes":""},"categories":[24],"tags":[],"class_list":["post-574182","post","type-post","status-publish","format-standard","has-post-thumbnail","hentry","category-justicia-y-derecho"],"_links":{"self":[{"href":"https:\/\/diariodominicano.com\/index.php?rest_route=\/wp\/v2\/posts\/574182","targetHints":{"allow":["GET"]}}],"collection":[{"href":"https:\/\/diariodominicano.com\/index.php?rest_route=\/wp\/v2\/posts"}],"about":[{"href":"https:\/\/diariodominicano.com\/index.php?rest_route=\/wp\/v2\/types\/post"}],"author":[{"embeddable":true,"href":"https:\/\/diariodominicano.com\/index.php?rest_route=\/wp\/v2\/users\/7"}],"replies":[{"embeddable":true,"href":"https:\/\/diariodominicano.com\/index.php?rest_route=%2Fwp%2Fv2%2Fcomments&post=574182"}],"version-history":[{"count":1,"href":"https:\/\/diariodominicano.com\/index.php?rest_route=\/wp\/v2\/posts\/574182\/revisions"}],"predecessor-version":[{"id":574240,"href":"https:\/\/diariodominicano.com\/index.php?rest_route=\/wp\/v2\/posts\/574182\/revisions\/574240"}],"wp:featuredmedia":[{"embeddable":true,"href":"https:\/\/diariodominicano.com\/index.php?rest_route=\/wp\/v2\/media\/574238"}],"wp:attachment":[{"href":"https:\/\/diariodominicano.com\/index.php?rest_route=%2Fwp%2Fv2%2Fmedia&parent=574182"}],"wp:term":[{"taxonomy":"category","embeddable":true,"href":"https:\/\/diariodominicano.com\/index.php?rest_route=%2Fwp%2Fv2%2Fcategories&post=574182"},{"taxonomy":"post_tag","embeddable":true,"href":"https:\/\/diariodominicano.com\/index.php?rest_route=%2Fwp%2Fv2%2Ftags&post=574182"}],"curies":[{"name":"wp","href":"https:\/\/api.w.org\/{rel}","templated":true}]}}