{"id":574126,"date":"2024-11-12T19:12:37","date_gmt":"2024-11-12T23:12:37","guid":{"rendered":"https:\/\/diariodominicano.com\/?p=574126"},"modified":"2024-11-12T19:16:23","modified_gmt":"2024-11-12T23:16:23","slug":"inefi-realiza-recorrido-de-supervision-de-obras-deportivas-y-entrega-utileria-en-santiago-de-los-caballeros","status":"publish","type":"post","link":"https:\/\/diariodominicano.com\/?p=574126","title":{"rendered":"INEFI anuncia realiza recorrido de supervisi\u00f3n de obras deportivas y entrega utiler\u00eda en Santiago: INEFI"},"content":{"rendered":"\n<p><em>Santiago de los Caballeros, Rep\u00fablica Dominicana.<\/em>\u2013 En una jornada de trabajo, el director del Instituto Nacional de Educaci\u00f3n F\u00edsica (INEFI), Alberto Rodr\u00edguez, visit\u00f3 la ciudad de Santiago de los Caballeros para supervisar avances en diversas infraestructuras deportivas escolares y llevar a cabo la entrega de utiler\u00eda deportiva en varias instituciones educativas de la ciudad.<\/p>\n\n\n\n<p>Rodr\u00edguez, junto a un equipo t\u00e9cnico de INEFI, inspeccion\u00f3 la construcci\u00f3n del polideportivo techado en el Liceo Matutino Jos\u00e9 Francisco Pe\u00f1a G\u00f3mez, una obra de gran importancia para el desarrollo de la actividad f\u00edsica y la educaci\u00f3n deportiva en la comunidad educativa de Santiago. Adem\u00e1s, en su recorrido, Rodr\u00edguez supervis\u00f3 el remozamiento de las \u00e1reas deportivas del Liceo On\u00e9simo Jim\u00e9nez, el centro educativo m\u00e1s antiguo de la ciudad, que ha sido un emblema de la educaci\u00f3n en Santiago y un lugar de formaci\u00f3n para generaciones de estudiantes.<\/p>\n\n\n\n<figure class=\"wp-block-image\"><img decoding=\"async\" src=\"https:\/\/diariodominicano.com\/wp-content\/uploads\/2024\/11\/Vista-del-proceso-de-construccion-del-techado-en-el-Liceo-Matutino-Jose-Francisco-Pena-Gomez-en-Santiago-1024x683.jpeg\" alt=\"\"\/><\/figure>\n\n\n\n<p>INEFI tambi\u00e9n ha concentrado esfuerzos en mejorar la infraestructura en la escuela Ulises Francisco Espaillat, donde se est\u00e1n llevando a cabo reparaciones significativas para asegurar condiciones \u00f3ptimas para el aprendizaje y la pr\u00e1ctica deportiva.<\/p>\n\n\n\n<p>Rodr\u00edguez adem\u00e1s hizo entrega de utiler\u00eda deportiva a varias de estas instituciones, reafirmando el compromiso de INEFI de fortalecer la educaci\u00f3n f\u00edsica en la regi\u00f3n y apoyar a estudiantes y docentes con los recursos necesarios para desarrollar el deporte en sus comunidades.<\/p>\n\n\n\n<figure class=\"wp-block-image\"><img decoding=\"async\" src=\"https:\/\/diariodominicano.com\/wp-content\/uploads\/2024\/11\/Aspecto-del-terreno-donde-se-construira-un-play-de-beisbol-escolar-1024x478.jpeg\" alt=\"\"\/><\/figure>\n\n\n\n<p>Otro de los puntos destacados de la jornada fue la visita a los terrenos de la escuela Rep\u00fablica de Venezuela, donde el INEFI ha proyectado la construcci\u00f3n de un estadio de b\u00e9isbol escolar, que se convertir\u00e1 en un espacio clave para el entrenamiento y la pr\u00e1ctica del b\u00e9isbol a nivel estudiantil, adem\u00e1s del desarrollo de esa disciplina en el sistema escolar.<\/p>\n\n\n\n<p>El director de INEFI tambi\u00e9n aprovech\u00f3 la ocasi\u00f3n para recordar que la instituci\u00f3n inaugur\u00f3 en enero del presente a\u00f1o una oficina institucional en Santiago, con el objetivo de facilitar el seguimiento de estos proyectos y atender de manera m\u00e1s directa las necesidades deportivas de la regi\u00f3n norte del pa\u00eds.<\/p>\n\n\n\n<p>Con estas iniciativas, INEFI busca fomentar el desarrollo integral de los estudiantes a trav\u00e9s del deporte, impulsar el talento joven y continuar fortaleciendo las infraestructuras deportivas en todo el pa\u00eds.<\/p>\n\n\n\n<p><strong>PRENSA INEFI<\/strong>&nbsp;&lt;prensainefi@gmail.com&gt; <\/p>\n","protected":false},"excerpt":{"rendered":"<p>Santiago de los Caballeros, Rep\u00fablica Dominicana.\u2013 En una jornada de trabajo, el director del Instituto Nacional de Educaci\u00f3n F\u00edsica (INEFI), Alberto Rodr\u00edguez, visit\u00f3 la ciudad de Santiago de los Caballeros para supervisar avances en diversas infraestructuras deportivas escolares y llevar a cabo la entrega de utiler\u00eda deportiva en varias instituciones educativas de la ciudad. Rodr\u00edguez, [&hellip;]<\/p>\n","protected":false},"author":7,"featured_media":574145,"comment_status":"closed","ping_status":"closed","sticky":true,"template":"","format":"standard","meta":{"footnotes":""},"categories":[17],"tags":[491],"class_list":["post-574126","post","type-post","status-publish","format-standard","has-post-thumbnail","hentry","category-deportes","tag-inefi"],"_links":{"self":[{"href":"https:\/\/diariodominicano.com\/index.php?rest_route=\/wp\/v2\/posts\/574126","targetHints":{"allow":["GET"]}}],"collection":[{"href":"https:\/\/diariodominicano.com\/index.php?rest_route=\/wp\/v2\/posts"}],"about":[{"href":"https:\/\/diariodominicano.com\/index.php?rest_route=\/wp\/v2\/types\/post"}],"author":[{"embeddable":true,"href":"https:\/\/diariodominicano.com\/index.php?rest_route=\/wp\/v2\/users\/7"}],"replies":[{"embeddable":true,"href":"https:\/\/diariodominicano.com\/index.php?rest_route=%2Fwp%2Fv2%2Fcomments&post=574126"}],"version-history":[{"count":2,"href":"https:\/\/diariodominicano.com\/index.php?rest_route=\/wp\/v2\/posts\/574126\/revisions"}],"predecessor-version":[{"id":574153,"href":"https:\/\/diariodominicano.com\/index.php?rest_route=\/wp\/v2\/posts\/574126\/revisions\/574153"}],"wp:featuredmedia":[{"embeddable":true,"href":"https:\/\/diariodominicano.com\/index.php?rest_route=\/wp\/v2\/media\/574145"}],"wp:attachment":[{"href":"https:\/\/diariodominicano.com\/index.php?rest_route=%2Fwp%2Fv2%2Fmedia&parent=574126"}],"wp:term":[{"taxonomy":"category","embeddable":true,"href":"https:\/\/diariodominicano.com\/index.php?rest_route=%2Fwp%2Fv2%2Fcategories&post=574126"},{"taxonomy":"post_tag","embeddable":true,"href":"https:\/\/diariodominicano.com\/index.php?rest_route=%2Fwp%2Fv2%2Ftags&post=574126"}],"curies":[{"name":"wp","href":"https:\/\/api.w.org\/{rel}","templated":true}]}}