{"id":574089,"date":"2024-11-12T13:57:38","date_gmt":"2024-11-12T17:57:38","guid":{"rendered":"https:\/\/diariodominicano.com\/?p=574089"},"modified":"2024-11-12T13:57:40","modified_gmt":"2024-11-12T17:57:40","slug":"el-dominicano-que-se-dano","status":"publish","type":"post","link":"https:\/\/diariodominicano.com\/?p=574089","title":{"rendered":"El dominicano que se da\u00f1\u00f3"},"content":{"rendered":"\n<p>Por: Ram\u00f3n Antonio Veras <\/p>\n\n\n\n<p>1.- Nuestro pa\u00eds no siempre ha tenido en su seno a ese ente social inclinado a causar da\u00f1o material o moral. El perjudicial, el lesivo se ha desarrollado con el tiempo.<\/p>\n\n\n\n<p>2.- La persona negativa, esa perniciosa que le amarga la existencia a los dem\u00e1s, es fruto de un determinado per\u00edodo de la vida nacional dominicana.<\/p>\n\n\n\n<p>3.- La mujer y el hombre dominicano del pasado estaban hechos para ser favorables, no para lesionar a sus cong\u00e9neres, a sus semejantes, porque les dominaba la bondad.<\/p>\n\n\n\n<p>4.- Lo que al proceder de los nuestros le ha hecho da\u00f1oso, debemos buscarlo en la misma sociedad dominicana, no fuera de ella.<\/p>\n\n\n\n<p>5.- Si el ser humano dominicano nacido y viviendo de manera habitual en su lar nativo siempre fue excelente, lo que ahora lo ha da\u00f1ado son los vicios de la sociedad dominicana en decadencia.<\/p>\n\n\n\n<p>6.- Un ciudadano cargado de pureza, de absoluta integridad, nacido y desarrollado en el mismo pa\u00eds, tiene ahora como hom\u00f3logos a deshonestos y pervertidos de todos los calibres.<\/p>\n\n\n\n<p>7.- Un ambiente como el dominicano de hoy, pre\u00f1ado de manchas sociales, lo m\u00e1s normal es que exhiba la basura, el subproducto social, el lumpen.<\/p>\n\n\n\n<p>8.- El deterioro econ\u00f3mico y social que ha arrastrado la Rep\u00fablica Dominicana ha llegado acompa\u00f1ado de una ciudadana y un ciudadano que bien han asimilado los defectos y los bochornosos estigmas aceptados como cultura de gente de poco juicio.<\/p>\n\n\n\n<p>9.- No es habitual que el chisme, el odio, la envidia, la mentira y el enga\u00f1o formen parte de la manera de ser de la generalidad de nuestros connacionales de esta \u00e9poca.<\/p>\n\n\n\n<p>10.- Ning\u00fan individuo, en un abrir y cerrar de ojos, se hace chismoso, odiador o intrigante. Debe haber cultivado y asimilado maldades para hacer de acciones feas algo propias y muy distintivas de su car\u00e1cter y forma de ser.<\/p>\n\n\n\n<p>11.- La base sobre la cual descansa la sociedad en la cual convivimos dominicanas y dominicanos, tiene una superestructura instructiva para que la persona, una vez entregada a la maldad, la difunda como norma correcta conveniente a imitar. De ah\u00ed que es algo cultural hacer maldad, ejecutar travesuras.<\/p>\n\n\n\n<p>12.- En la medida que la sociedad se hace m\u00e1s a\u00f1eja y acumula porquer\u00edas de todo tipo, m\u00e1s comunitarios resultan moralmente da\u00f1ados. El transcurso de los a\u00f1os hace m\u00e1s inservible el medio donde habitamos. Lo in\u00fatil est\u00e1 ocupando el espacio social.<\/p>\n\n\n\n<p>13.- Lo \u00fanico positivo que se puede lograr en los marcos de la actual coyuntura dominicana es alentar a que fuerzas motrices, no contaminadas por los vicios sociales, se ocupen de accionar pol\u00edticamente para eliminar lo da\u00f1ado por lo sano de que este pueblo es merecedor.<\/p>\n\n\n\n<p>14.- Es de confiar que nuestro pa\u00eds va a cambiar para bien, aunque al adecentamiento de la sociedad se opongan las r\u00e9moras adversas al progreso y desarrollo humano.<\/p>\n\n\n\n<p>15.- La Rep\u00fablica Dominicana est\u00e1 necesitando un r\u00e9gimen econ\u00f3mico y social nuevo, en el cual se desarrolle un ser humano virtuoso, que simbolice laboriosidad, fraternidad y apego a nuevos valores \u00e9ticos y morales.<\/p>\n\n\n\n<p>16.- Lo ideal ser\u00eda que nuestro pa\u00eds llegue a contar con dominicanas y dominicanos que abracen la moral social, expresada en su conducta ante el trabajo, la sociedad y la familia. Ese es el ser humano cuya actitud responde a la forma de portarse en comunidad.<\/p>\n\n\n\n<p>Santiago de los Caballeros,<\/p>\n\n\n\n<p>12 noviembre de 2024.<\/p>\n","protected":false},"excerpt":{"rendered":"<p>Por: Ram\u00f3n Antonio Veras 1.- Nuestro pa\u00eds no siempre ha tenido en su seno a ese ente social inclinado a causar da\u00f1o material o moral. El perjudicial, el lesivo se ha desarrollado con el tiempo. 2.- La persona negativa, esa perniciosa que le amarga la existencia a los dem\u00e1s, es fruto de un determinado per\u00edodo [&hellip;]<\/p>\n","protected":false},"author":7,"featured_media":404710,"comment_status":"closed","ping_status":"closed","sticky":false,"template":"","format":"standard","meta":{"footnotes":""},"categories":[16],"tags":[426],"class_list":["post-574089","post","type-post","status-publish","format-standard","has-post-thumbnail","hentry","category-opiniones","tag-ramon-antonio-veras"],"_links":{"self":[{"href":"https:\/\/diariodominicano.com\/index.php?rest_route=\/wp\/v2\/posts\/574089","targetHints":{"allow":["GET"]}}],"collection":[{"href":"https:\/\/diariodominicano.com\/index.php?rest_route=\/wp\/v2\/posts"}],"about":[{"href":"https:\/\/diariodominicano.com\/index.php?rest_route=\/wp\/v2\/types\/post"}],"author":[{"embeddable":true,"href":"https:\/\/diariodominicano.com\/index.php?rest_route=\/wp\/v2\/users\/7"}],"replies":[{"embeddable":true,"href":"https:\/\/diariodominicano.com\/index.php?rest_route=%2Fwp%2Fv2%2Fcomments&post=574089"}],"version-history":[{"count":1,"href":"https:\/\/diariodominicano.com\/index.php?rest_route=\/wp\/v2\/posts\/574089\/revisions"}],"predecessor-version":[{"id":574095,"href":"https:\/\/diariodominicano.com\/index.php?rest_route=\/wp\/v2\/posts\/574089\/revisions\/574095"}],"wp:featuredmedia":[{"embeddable":true,"href":"https:\/\/diariodominicano.com\/index.php?rest_route=\/wp\/v2\/media\/404710"}],"wp:attachment":[{"href":"https:\/\/diariodominicano.com\/index.php?rest_route=%2Fwp%2Fv2%2Fmedia&parent=574089"}],"wp:term":[{"taxonomy":"category","embeddable":true,"href":"https:\/\/diariodominicano.com\/index.php?rest_route=%2Fwp%2Fv2%2Fcategories&post=574089"},{"taxonomy":"post_tag","embeddable":true,"href":"https:\/\/diariodominicano.com\/index.php?rest_route=%2Fwp%2Fv2%2Ftags&post=574089"}],"curies":[{"name":"wp","href":"https:\/\/api.w.org\/{rel}","templated":true}]}}