{"id":574073,"date":"2024-11-12T13:15:15","date_gmt":"2024-11-12T17:15:15","guid":{"rendered":"https:\/\/diariodominicano.com\/?p=574073"},"modified":"2024-11-12T13:15:24","modified_gmt":"2024-11-12T17:15:24","slug":"venezuela-lista-para-ayudar-a-colombia-ante-emergencia-por-inundaciones-senala-canciller-gil","status":"publish","type":"post","link":"https:\/\/diariodominicano.com\/?p=574073","title":{"rendered":"Venezuela lista para ayudar a Colombia ante emergencia por inundaciones, se\u00f1ala canciller Gil"},"content":{"rendered":"\n<p>diariodominicano.com<\/p>\n\n\n\n<p>CARACAS, 12 nov (Xinhua) &#8212; Venezuela se encuentra lista para ayudar a Colombia ante la emergencia generada por las graves inundaciones en la naci\u00f3n vecina, se\u00f1al\u00f3 hoy martes el canciller venezolano Yv\u00e1n Gil. \u00abEl Gobierno Bolivariano se encuentra listo para brindar la ayuda necesaria que requiere Colombia\u00bb, public\u00f3 Gil en un mensaje divulgado en su cuenta de la red social Telegram. El canciller indic\u00f3 que Venezuela pone a la disposici\u00f3n de Colombia todas las capacidades para cooperar en la atenci\u00f3n por la situaci\u00f3n de emergencia. De igual forma, transmiti\u00f3 un mensaje de solidaridad del presidente venezolano, Nicol\u00e1s Maduro, ante las circunstancias que se viven en regiones colombianas como la Alta Guajira, el Choc\u00f3 y la ciudad de Bogot\u00e1. El pasado domingo, el presidente colombiano Gustavo Petro declar\u00f3 la situaci\u00f3n en su pa\u00eds como \u00abdesastre nacional\u00bb, ante la variabilidad clim\u00e1tica, las inundaciones y la dificultad de acceso al agua en Bogot\u00e1. Seg\u00fan la Unidad Nacional para la Gesti\u00f3n del Riesgo de Colombia, la regi\u00f3n m\u00e1s afectada por las intensas lluvias es el departamento de Choc\u00f3, en el noroeste del pa\u00eds sudamericano, donde se registran m\u00e1s de 30.000 familias damnificadas.<\/p>\n\n\n\n<figure class=\"wp-block-image size-full is-resized\"><img loading=\"lazy\" decoding=\"async\" width=\"670\" height=\"376\" src=\"https:\/\/diariodominicano.com\/wp-content\/uploads\/2024\/11\/Colombia-venezuela12-11-24.jpg\" alt=\"\" class=\"wp-image-574075\" style=\"width:607px;height:auto\" srcset=\"https:\/\/diariodominicano.com\/wp-content\/uploads\/2024\/11\/Colombia-venezuela12-11-24.jpg 670w, https:\/\/diariodominicano.com\/wp-content\/uploads\/2024\/11\/Colombia-venezuela12-11-24-300x168.jpg 300w\" sizes=\"auto, (max-width: 670px) 100vw, 670px\" \/><\/figure>\n","protected":false},"excerpt":{"rendered":"<p>diariodominicano.com CARACAS, 12 nov (Xinhua) &#8212; Venezuela se encuentra lista para ayudar a Colombia ante la emergencia generada por las graves inundaciones en la naci\u00f3n vecina, se\u00f1al\u00f3 hoy martes el canciller venezolano Yv\u00e1n Gil. \u00abEl Gobierno Bolivariano se encuentra listo para brindar la ayuda necesaria que requiere Colombia\u00bb, public\u00f3 Gil en un mensaje divulgado en [&hellip;]<\/p>\n","protected":false},"author":5,"featured_media":574074,"comment_status":"closed","ping_status":"closed","sticky":true,"template":"","format":"standard","meta":{"footnotes":""},"categories":[23,27],"tags":[],"class_list":["post-574073","post","type-post","status-publish","format-standard","has-post-thumbnail","hentry","category-internacional","category-portada"],"_links":{"self":[{"href":"https:\/\/diariodominicano.com\/index.php?rest_route=\/wp\/v2\/posts\/574073","targetHints":{"allow":["GET"]}}],"collection":[{"href":"https:\/\/diariodominicano.com\/index.php?rest_route=\/wp\/v2\/posts"}],"about":[{"href":"https:\/\/diariodominicano.com\/index.php?rest_route=\/wp\/v2\/types\/post"}],"author":[{"embeddable":true,"href":"https:\/\/diariodominicano.com\/index.php?rest_route=\/wp\/v2\/users\/5"}],"replies":[{"embeddable":true,"href":"https:\/\/diariodominicano.com\/index.php?rest_route=%2Fwp%2Fv2%2Fcomments&post=574073"}],"version-history":[{"count":1,"href":"https:\/\/diariodominicano.com\/index.php?rest_route=\/wp\/v2\/posts\/574073\/revisions"}],"predecessor-version":[{"id":574076,"href":"https:\/\/diariodominicano.com\/index.php?rest_route=\/wp\/v2\/posts\/574073\/revisions\/574076"}],"wp:featuredmedia":[{"embeddable":true,"href":"https:\/\/diariodominicano.com\/index.php?rest_route=\/wp\/v2\/media\/574074"}],"wp:attachment":[{"href":"https:\/\/diariodominicano.com\/index.php?rest_route=%2Fwp%2Fv2%2Fmedia&parent=574073"}],"wp:term":[{"taxonomy":"category","embeddable":true,"href":"https:\/\/diariodominicano.com\/index.php?rest_route=%2Fwp%2Fv2%2Fcategories&post=574073"},{"taxonomy":"post_tag","embeddable":true,"href":"https:\/\/diariodominicano.com\/index.php?rest_route=%2Fwp%2Fv2%2Ftags&post=574073"}],"curies":[{"name":"wp","href":"https:\/\/api.w.org\/{rel}","templated":true}]}}