{"id":574064,"date":"2024-11-12T12:49:59","date_gmt":"2024-11-12T16:49:59","guid":{"rendered":"https:\/\/diariodominicano.com\/?p=574064"},"modified":"2024-11-12T12:50:08","modified_gmt":"2024-11-12T16:50:08","slug":"disturbios-en-carcel-de-ecuador-dejan-al-menos-15-presos-muertos-y-14-heridos","status":"publish","type":"post","link":"https:\/\/diariodominicano.com\/?p=574064","title":{"rendered":"Disturbios en c\u00e1rcel de Ecuador dejan al menos 15 presos muertos y 14 heridos"},"content":{"rendered":"\n<p>diariodominicano.com<\/p>\n\n\n\n<p>QUITO, 12 nov (Xinhua) &#8212; Al menos 15 presos muertos y 14 heridos dejaron hoy martes un ataque armado al interior de la Penitenciar\u00eda del Litoral, la c\u00e1rcel m\u00e1s grande de Ecuador, en la ciudad de Guayaquil (suroeste), inform\u00f3 el Servicio Nacional de Atenci\u00f3n Integral (SNAI) a Personas Adultas Privadas de la Libertad y Adolescentes Infractores. El SNAI indic\u00f3 en un comunicado que se trata del saldo preliminar de graves incidentes registrados entre reos en un pabell\u00f3n del centro penitenciario. Los incidentes ocurrieron la madrugada de este martes e incluyen detonaciones de armas de fuego al interior de la prisi\u00f3n, lo que llev\u00f3 a las fuerzas de seguridad a intervenir en el penal. \u00abAnte estos hechos, el Bloque de Seguridad (conformado por la Polic\u00eda y las Fuerzas Armadas) actu\u00f3 de manera inmediata para tomar el control total de las instalaciones y activar un operativo de solicitud a gran escala\u00bb, precis\u00f3 el SNAI y agreg\u00f3 que tambi\u00e9n se iniciaron las investigaciones correspondientes para aclarar lo ocurrido. A\u00f1adi\u00f3 que \u00abactualmente el centro penitenciario se encuentra bajo control absoluto\u00bb, al tiempo que un contingente significativo de personal militar y policial ha sido desplegado para garantizar la seguridad y evitar nuevos incidentes. La Penitenciar\u00eda del Litoral ha sido escenario de constantes enfrentamientos entre grupos de la delincuencia organizada ligados al narcotr\u00e1fico que se disputan el control de los penales. Ecuador enfrenta desde febrero de 2021 una crisis carcelaria producto de constantes enfrentamientos entre reos de bandas rivales, que en dos a\u00f1os dej\u00f3 m\u00e1s de 400 presos asesinados, seg\u00fan las estad\u00edsticas oficiales.<\/p>\n","protected":false},"excerpt":{"rendered":"<p>diariodominicano.com QUITO, 12 nov (Xinhua) &#8212; Al menos 15 presos muertos y 14 heridos dejaron hoy martes un ataque armado al interior de la Penitenciar\u00eda del Litoral, la c\u00e1rcel m\u00e1s grande de Ecuador, en la ciudad de Guayaquil (suroeste), inform\u00f3 el Servicio Nacional de Atenci\u00f3n Integral (SNAI) a Personas Adultas Privadas de la Libertad y [&hellip;]<\/p>\n","protected":false},"author":5,"featured_media":574065,"comment_status":"closed","ping_status":"closed","sticky":true,"template":"","format":"standard","meta":{"footnotes":""},"categories":[23,27],"tags":[],"class_list":["post-574064","post","type-post","status-publish","format-standard","has-post-thumbnail","hentry","category-internacional","category-portada"],"_links":{"self":[{"href":"https:\/\/diariodominicano.com\/index.php?rest_route=\/wp\/v2\/posts\/574064","targetHints":{"allow":["GET"]}}],"collection":[{"href":"https:\/\/diariodominicano.com\/index.php?rest_route=\/wp\/v2\/posts"}],"about":[{"href":"https:\/\/diariodominicano.com\/index.php?rest_route=\/wp\/v2\/types\/post"}],"author":[{"embeddable":true,"href":"https:\/\/diariodominicano.com\/index.php?rest_route=\/wp\/v2\/users\/5"}],"replies":[{"embeddable":true,"href":"https:\/\/diariodominicano.com\/index.php?rest_route=%2Fwp%2Fv2%2Fcomments&post=574064"}],"version-history":[{"count":1,"href":"https:\/\/diariodominicano.com\/index.php?rest_route=\/wp\/v2\/posts\/574064\/revisions"}],"predecessor-version":[{"id":574066,"href":"https:\/\/diariodominicano.com\/index.php?rest_route=\/wp\/v2\/posts\/574064\/revisions\/574066"}],"wp:featuredmedia":[{"embeddable":true,"href":"https:\/\/diariodominicano.com\/index.php?rest_route=\/wp\/v2\/media\/574065"}],"wp:attachment":[{"href":"https:\/\/diariodominicano.com\/index.php?rest_route=%2Fwp%2Fv2%2Fmedia&parent=574064"}],"wp:term":[{"taxonomy":"category","embeddable":true,"href":"https:\/\/diariodominicano.com\/index.php?rest_route=%2Fwp%2Fv2%2Fcategories&post=574064"},{"taxonomy":"post_tag","embeddable":true,"href":"https:\/\/diariodominicano.com\/index.php?rest_route=%2Fwp%2Fv2%2Ftags&post=574064"}],"curies":[{"name":"wp","href":"https:\/\/api.w.org\/{rel}","templated":true}]}}