{"id":574057,"date":"2024-11-12T12:04:12","date_gmt":"2024-11-12T16:04:12","guid":{"rendered":"https:\/\/diariodominicano.com\/?p=574057"},"modified":"2024-11-12T12:04:19","modified_gmt":"2024-11-12T16:04:19","slug":"realizaran-foro-de-casos-de-trata-y-trafico-de-migrantes-entre-rd-espana-colombia-y-brasil","status":"publish","type":"post","link":"https:\/\/diariodominicano.com\/?p=574057","title":{"rendered":"Realizar\u00e1n foro de casos de trata y tr\u00e1fico de migrantes entre RD, Espa\u00f1a, Colombia y Brasil"},"content":{"rendered":"\n<p>diariodominicano.com<\/p>\n\n\n\n<p><strong>Santo Domingo, R. D.,<\/strong>\u2002<strong>12 de noviembre, 2024<\/strong>.- La Procuradur\u00eda General de la Rep\u00fablica (PGR), a trav\u00e9s de la Procuradur\u00eda Especializada contra el Tr\u00e1fico Il\u00edcito de Migrantes y Trata de Personas (PETT), como parte del Programa Global de Desarticulaci\u00f3n de Redes Criminales (CRIMJUST) y del programa de UNODC contra la Trata de Personas y el Tr\u00e1fico Il\u00edcito de Migrantes (HTMSS), realzar\u00e1 del 13 al 15 de noviembre de este 2024, el foro de Casos entre Republica Dominicana, Espa\u00f1a, Colombia y Brasil \u201cOperaci\u00f3n Vuelta\u201d.<\/p>\n\n\n\n<p>El foro, que ser\u00e1 celebrado en el sal\u00f3n El faro, del Hotel Crowne Plaza, lo encabezan la procuradora titular de corte, Yoanna Bejar\u00e1n \u00c1lvarez, titular de la PETT; Katja Afheldt, embajadora de la Uni\u00f3n Europea ante la Rep\u00fablica Dominicana; Fernando Borgia, oficial de enlace de la embajada de Canad\u00e1, y Sylvie Bertrand, representante regional de la Oficina de UNODC para Centroam\u00e9rica y el Caribe.<\/p>\n\n\n\n<p>Este intercambio de experiencias, tiene como objetivo facilitar la coordinaci\u00f3n y colaboraci\u00f3n entre las autoridades policiales y fiscales de la Republica Dominicana, Brasil, Colombia y Espa\u00f1a, ya que en el mismo se discutir\u00e1 sobre las investigaciones realizadas en cada jurisdicci\u00f3n con relaci\u00f3n a la \u201cOperaci\u00f3n Vuelta\u201d, as\u00ed como, los desaf\u00edos que est\u00e1n enfrentando en materia de cooperaci\u00f3n&nbsp; internacional.<\/p>\n\n\n\n<p>En el mismo se discutir\u00e1n las estrategias investigativas establecidas para la implementaci\u00f3n de los mecanismos de cooperaci\u00f3n internacional m\u00e1s expeditos para la obtenci\u00f3n de evidencia transfronteriza.<\/p>\n\n\n\n<p><strong>Operaci\u00f3n \u201cOperaci\u00f3n La Vuelta Brasil\u201d<\/strong><\/p>\n\n\n\n<p>La Operaci\u00f3n Vuelta surge como respuesta al aumento del tr\u00e1fico il\u00edcito de migrantes en Am\u00e9rica Latina, especialmente de personas que intentaban llegar a Europa, utilizando como cobija pa\u00edses como Brasil, Colombia y Rep\u00fablica Dominicana, que se han convertido en puntos claves para el tr\u00e1fico il\u00edcito de migrantes hacia Europa.<\/p>\n\n\n\n<p>De manera puntual, la Polic\u00eda Nacional de la Rep\u00fablica Dominicana y su Departamento de Investigaci\u00f3n de Trata de Personas y Tr\u00e1fico Il\u00edcito de Migrantes junto a la PETT, realizaron la \u201cOperaci\u00f3n La Vuelta Brasil\u201d, la cual revel\u00f3 los detalles sobre una estructura criminal en territorio dominicano dedicada al tr\u00e1fico il\u00edcito de migrantes a trav\u00e9s de Brasil hacia Europa.<\/p>\n\n\n\n<p>Los resultados permitieron identificar rutas espec\u00edficas y confirmar la creciente tendencia de la Rep\u00fablica Dominicana como pa\u00eds de origen de estos casos, subrayando la necesidad de una respuesta coordinada y regional a trav\u00e9s de la cooperaci\u00f3n para desmantelar estas redes que afectan a varios pa\u00edses.<\/p>\n\n\n\n<p><strong>Importancia del foro<\/strong><\/p>\n\n\n\n<p>Este foro permitir\u00e1 a los Estados miembros el intercambio de informaci\u00f3n para el desarrollo de estrategias conjuntas y fortalezcan su capacidad para investigar, procesar y desmantelar las redes de tr\u00e1fico il\u00edcito de migrantes.<\/p>\n\n\n\n<p>Al reunir a investigadores, fiscales y expertos de diferentes pa\u00edses, el foro facilita el aprendizaje mutuo y la adopci\u00f3n de enfoques coordinados que son esenciales para enfrentar el car\u00e1cter transnacional del tr\u00e1fico il\u00edcito.<\/p>\n\n\n\n<p>Esta colaboraci\u00f3n es vital para cumplir con los compromisos del protocolo establecido y asegurar que las respuestas globales sean efectivas, coherentes y respeten los derechos humanos de los migrantes.<\/p>\n\n\n\n<p><strong>Direcci\u00f3n General de Comunicaci\u00f3n, Prensa, y RRPP<\/strong><strong><\/strong><\/p>\n\n\n\n<p><strong>COMUNICACIONES PGR<\/strong><\/p>\n\n\n\n<p>Ministerio P\u00fablico.\u00a0R.D.<\/p>\n\n\n\n<p>Martes, 12 de noviembre de 2024<\/p>\n\n\n\n<p>&#8230;<\/p>\n","protected":false},"excerpt":{"rendered":"<p>diariodominicano.com Santo Domingo, R. D.,\u200212 de noviembre, 2024.- La Procuradur\u00eda General de la Rep\u00fablica (PGR), a trav\u00e9s de la Procuradur\u00eda Especializada contra el Tr\u00e1fico Il\u00edcito de Migrantes y Trata de Personas (PETT), como parte del Programa Global de Desarticulaci\u00f3n de Redes Criminales (CRIMJUST) y del programa de UNODC contra la Trata de Personas y el [&hellip;]<\/p>\n","protected":false},"author":5,"featured_media":564774,"comment_status":"closed","ping_status":"closed","sticky":true,"template":"","format":"standard","meta":{"footnotes":""},"categories":[24,27],"tags":[],"class_list":["post-574057","post","type-post","status-publish","format-standard","has-post-thumbnail","hentry","category-justicia-y-derecho","category-portada"],"_links":{"self":[{"href":"https:\/\/diariodominicano.com\/index.php?rest_route=\/wp\/v2\/posts\/574057","targetHints":{"allow":["GET"]}}],"collection":[{"href":"https:\/\/diariodominicano.com\/index.php?rest_route=\/wp\/v2\/posts"}],"about":[{"href":"https:\/\/diariodominicano.com\/index.php?rest_route=\/wp\/v2\/types\/post"}],"author":[{"embeddable":true,"href":"https:\/\/diariodominicano.com\/index.php?rest_route=\/wp\/v2\/users\/5"}],"replies":[{"embeddable":true,"href":"https:\/\/diariodominicano.com\/index.php?rest_route=%2Fwp%2Fv2%2Fcomments&post=574057"}],"version-history":[{"count":1,"href":"https:\/\/diariodominicano.com\/index.php?rest_route=\/wp\/v2\/posts\/574057\/revisions"}],"predecessor-version":[{"id":574058,"href":"https:\/\/diariodominicano.com\/index.php?rest_route=\/wp\/v2\/posts\/574057\/revisions\/574058"}],"wp:featuredmedia":[{"embeddable":true,"href":"https:\/\/diariodominicano.com\/index.php?rest_route=\/wp\/v2\/media\/564774"}],"wp:attachment":[{"href":"https:\/\/diariodominicano.com\/index.php?rest_route=%2Fwp%2Fv2%2Fmedia&parent=574057"}],"wp:term":[{"taxonomy":"category","embeddable":true,"href":"https:\/\/diariodominicano.com\/index.php?rest_route=%2Fwp%2Fv2%2Fcategories&post=574057"},{"taxonomy":"post_tag","embeddable":true,"href":"https:\/\/diariodominicano.com\/index.php?rest_route=%2Fwp%2Fv2%2Ftags&post=574057"}],"curies":[{"name":"wp","href":"https:\/\/api.w.org\/{rel}","templated":true}]}}