{"id":574052,"date":"2024-11-12T11:22:09","date_gmt":"2024-11-12T15:22:09","guid":{"rendered":"https:\/\/diariodominicano.com\/?p=574052"},"modified":"2024-11-12T11:22:17","modified_gmt":"2024-11-12T15:22:17","slug":"2024-se-encamina-a-ser-ano-mas-caluroso-jamas-registrado","status":"publish","type":"post","link":"https:\/\/diariodominicano.com\/?p=574052","title":{"rendered":"2024 se encamina a ser a\u00f1o m\u00e1s caluroso jam\u00e1s registrado"},"content":{"rendered":"\n<p>diariodominicano.com<\/p>\n\n\n\n<p>BAK\u00da, 12 nov (Xinhua) &#8212; El a\u00f1o 2024 se encamina a ser el m\u00e1s caluroso jam\u00e1s registrado despu\u00e9s de una larga racha de temperaturas promedio mensuales excepcionalmente altas, de acuerdo con un informe de la Organizaci\u00f3n Meteorol\u00f3gica Mundial (OMM). El informe, publicado durante la 29\u00aa sesi\u00f3n de la Conferencia de las Partes (COP29) de la Convenci\u00f3n Marco de las Naciones Unidas sobre el Cambio Clim\u00e1tico, se\u00f1al\u00f3 que las ambiciones del Acuerdo de Par\u00eds est\u00e1n \u00aben gran peligro\u00bb. La temperatura promedio mundial del aire en la superficie entre enero y septiembre se situ\u00f3 en 1,54 grados Celsius por encima del promedio preindustrial, impulsada por el calentamiento provocado por el fen\u00f3meno de El Ni\u00f1o, de acuerdo con un an\u00e1lisis de seis conjuntos de datos internacionales utilizados por el OMM. El informe tambi\u00e9n indic\u00f3 que 2015-2024 ser\u00e1n los 10 a\u00f1os m\u00e1s c\u00e1lidos registrados, con la aceleraci\u00f3n de la p\u00e9rdida de hielo de los glaciares, la subida del nivel del mar y el calentamiento de los oc\u00e9anos. La secretaria general de la OMM, Celeste Saulo, dijo que es importante se\u00f1alar que los datos mensuales o anuales \u00abno significan que hayamos fracasado en cumplir el objetivo del Acuerdo de Par\u00eds\u00bb. \u00abSin embargo, es esencial reconocer que cada fracci\u00f3n de un grado de calentamiento es importante&#8230; cada incremento adicional del calentamiento global aumenta los extremos, los impactos y los riesgos clim\u00e1ticos\u00bb, a\u00f1adi\u00f3 Saulo. El Acuerdo de Par\u00eds est\u00e1 destinado a mantener el aumento de la temperatura promedio global de la superficie a largo plazo muy por debajo de los dos grados con respecto a los niveles preindustriales y proseguir los esfuerzos para limitar el calentamiento a 1,5 grados.<\/p>\n","protected":false},"excerpt":{"rendered":"<p>diariodominicano.com BAK\u00da, 12 nov (Xinhua) &#8212; El a\u00f1o 2024 se encamina a ser el m\u00e1s caluroso jam\u00e1s registrado despu\u00e9s de una larga racha de temperaturas promedio mensuales excepcionalmente altas, de acuerdo con un informe de la Organizaci\u00f3n Meteorol\u00f3gica Mundial (OMM). El informe, publicado durante la 29\u00aa sesi\u00f3n de la Conferencia de las Partes (COP29) de [&hellip;]<\/p>\n","protected":false},"author":5,"featured_media":574053,"comment_status":"closed","ping_status":"closed","sticky":true,"template":"","format":"standard","meta":{"footnotes":""},"categories":[23,27],"tags":[],"class_list":["post-574052","post","type-post","status-publish","format-standard","has-post-thumbnail","hentry","category-internacional","category-portada"],"_links":{"self":[{"href":"https:\/\/diariodominicano.com\/index.php?rest_route=\/wp\/v2\/posts\/574052","targetHints":{"allow":["GET"]}}],"collection":[{"href":"https:\/\/diariodominicano.com\/index.php?rest_route=\/wp\/v2\/posts"}],"about":[{"href":"https:\/\/diariodominicano.com\/index.php?rest_route=\/wp\/v2\/types\/post"}],"author":[{"embeddable":true,"href":"https:\/\/diariodominicano.com\/index.php?rest_route=\/wp\/v2\/users\/5"}],"replies":[{"embeddable":true,"href":"https:\/\/diariodominicano.com\/index.php?rest_route=%2Fwp%2Fv2%2Fcomments&post=574052"}],"version-history":[{"count":1,"href":"https:\/\/diariodominicano.com\/index.php?rest_route=\/wp\/v2\/posts\/574052\/revisions"}],"predecessor-version":[{"id":574054,"href":"https:\/\/diariodominicano.com\/index.php?rest_route=\/wp\/v2\/posts\/574052\/revisions\/574054"}],"wp:featuredmedia":[{"embeddable":true,"href":"https:\/\/diariodominicano.com\/index.php?rest_route=\/wp\/v2\/media\/574053"}],"wp:attachment":[{"href":"https:\/\/diariodominicano.com\/index.php?rest_route=%2Fwp%2Fv2%2Fmedia&parent=574052"}],"wp:term":[{"taxonomy":"category","embeddable":true,"href":"https:\/\/diariodominicano.com\/index.php?rest_route=%2Fwp%2Fv2%2Fcategories&post=574052"},{"taxonomy":"post_tag","embeddable":true,"href":"https:\/\/diariodominicano.com\/index.php?rest_route=%2Fwp%2Fv2%2Ftags&post=574052"}],"curies":[{"name":"wp","href":"https:\/\/api.w.org\/{rel}","templated":true}]}}