{"id":573879,"date":"2024-11-12T00:18:18","date_gmt":"2024-11-12T04:18:18","guid":{"rendered":"https:\/\/diariodominicano.com\/?p=573879"},"modified":"2024-11-12T00:18:46","modified_gmt":"2024-11-12T04:18:46","slug":"gildan-celebra-20-anos-en-republica-dominicana","status":"publish","type":"post","link":"https:\/\/diariodominicano.com\/?p=573879","title":{"rendered":"Gildan celebra 20 a\u00f1os en Rep\u00fablica Dominicana"},"content":{"rendered":"\n<p><em>66 empleados fueron reconocidos por su lealtad y permanencia, al celebrar tambi\u00e9n veinte a\u00f1os de trabajo en la empresa, la cual ha venido teniendo un impacto positivo y de crecimiento en el pa\u00eds.<\/em><\/p>\n\n\n\n<p><strong>Santo Domingo, Rep\u00fablica Dominicana. &#8211;<\/strong>&nbsp;GILDAN, multinacional canadiense l\u00edder mundial en la confecci\u00f3n de prendas de vestir de uso diario, celebr\u00f3 con orgullo su vig\u00e9simo aniversario de operaciones en la Rep\u00fablica Dominicana.<\/p>\n\n\n\n<figure class=\"wp-block-image\"><img decoding=\"async\" src=\"https:\/\/diariodominicano.com\/wp-content\/uploads\/2024\/11\/66-colaboradores-20-anos-en-Gildan-1024x683.jpg\" alt=\"\"\/><\/figure>\n\n\n\n<p>GILDAN se estableci\u00f3 en el pa\u00eds en el a\u00f1o 2004, iniciando operaciones con la planta textil, en el municipio San Antonio de Guerra y en a\u00f1os siguientes abriendo sus tres plantas de costura, ubicadas en los parques industriales de Las Am\u00e9ricas, San Isidro y San Pedro de Macor\u00eds. Generando en la actualidad m\u00e1s de 4,600 empleos directos en la Rep\u00fablica Dominicana.&nbsp;&nbsp;<\/p>\n\n\n\n<p>Desde su llegada al pa\u00eds, la empresa ha tenido un impacto econ\u00f3mico y social positivo, en los que se destacan programas educativos, ambientales y comunitarios en paralelo con sus inversiones significativas que contribuyen al desarrollo sostenible de las comunidades donde opera.<\/p>\n\n\n\n<figure class=\"wp-block-image\"><img decoding=\"async\" src=\"https:\/\/diariodominicano.com\/wp-content\/uploads\/2024\/11\/Evento-1024x683.jpg\" alt=\"\"\/><\/figure>\n\n\n\n<p>El acto de celebraci\u00f3n y reconocimiento por el 40 aniversario a nivel global y 20 de operaci\u00f3n en Rep\u00fablica Dominicana, estuvo encabezado por Juan Carlos Contreras, vicepresidente senior de Manufactura para Am\u00e9rica Latina, quien expres\u00f3&nbsp;<em>\u201cMe llena de orgullo realizar esta celebraci\u00f3n con tantas personas ejemplos del sentido de pertenencia, lealtad y trabajo en equipo. Muchos pueden comprar maquinaria\/equipo, pero es nuestra gente la que hace la diferencia\u201d&nbsp;<\/em>haciendo referencia a los 66 empleados que tienen una antig\u00fcedad laboral de 20 a\u00f1os.<\/p>\n\n\n\n<p>As\u00ed mismo Vileika Ram\u00edrez, directora regional de Recursos Humanos resalt\u00f3 \u201c<em>En estos 20 a\u00f1os de operaci\u00f3n, venimos realizando inversiones significativas y continuas en nuestro personal, como programas de salud y seguridad de clase mundial; entrenamientos y formaci\u00f3n que superan las 60 mil horas cada a\u00f1o; en la \u00faltima d\u00e9cada hemos realizado m\u00e1s de 4,800 promociones internas\u201d.&nbsp;<\/em>De igual forma, comparti\u00f3 otros programas a favor de sus empleados y empleadas como servicios de atenci\u00f3n m\u00e9dica y psicol\u00f3gica en cada una de sus facilidades y otros beneficios y reconocimientos continuos al desempe\u00f1o y la productividad.<\/p>\n\n\n\n<p>Al evento asistieron invitados especiales como la embajadora de Canad\u00e1 en Rep\u00fablica Dominicana, representantes de gobierno y de importantes instituciones aliadas. Familiares, compa\u00f1eros de trabajo, autoridades locales, suplidores y comunitarios, externaron sus felicitaciones a Gildan a trav\u00e9s de audiovisuales que fueron proyectados durante el evento.<\/p>\n\n\n\n<p>A lo largo de estos 20 a\u00f1os, GILDAN ha sido reconocida local e internacionalmente por su enfoque responsable en la producci\u00f3n y el bienestar de sus empleados y comunidades liderando la implementaci\u00f3n de&nbsp;&nbsp; buenas pr\u00e1cticas de sostenibilidad.<\/p>\n\n\n\n<p><strong>Contacto:<\/strong><\/p>\n\n\n\n<p><strong>MG PUBLIC RELATIONS<\/strong><\/p>\n","protected":false},"excerpt":{"rendered":"<p>66 empleados fueron reconocidos por su lealtad y permanencia, al celebrar tambi\u00e9n veinte a\u00f1os de trabajo en la empresa, la cual ha venido teniendo un impacto positivo y de crecimiento en el pa\u00eds. Santo Domingo, Rep\u00fablica Dominicana. &#8211;&nbsp;GILDAN, multinacional canadiense l\u00edder mundial en la confecci\u00f3n de prendas de vestir de uso diario, celebr\u00f3 con orgullo [&hellip;]<\/p>\n","protected":false},"author":7,"featured_media":573893,"comment_status":"closed","ping_status":"closed","sticky":false,"template":"","format":"standard","meta":{"footnotes":""},"categories":[25],"tags":[826],"class_list":["post-573879","post","type-post","status-publish","format-standard","has-post-thumbnail","hentry","category-gente","tag-gildan"],"_links":{"self":[{"href":"https:\/\/diariodominicano.com\/index.php?rest_route=\/wp\/v2\/posts\/573879","targetHints":{"allow":["GET"]}}],"collection":[{"href":"https:\/\/diariodominicano.com\/index.php?rest_route=\/wp\/v2\/posts"}],"about":[{"href":"https:\/\/diariodominicano.com\/index.php?rest_route=\/wp\/v2\/types\/post"}],"author":[{"embeddable":true,"href":"https:\/\/diariodominicano.com\/index.php?rest_route=\/wp\/v2\/users\/7"}],"replies":[{"embeddable":true,"href":"https:\/\/diariodominicano.com\/index.php?rest_route=%2Fwp%2Fv2%2Fcomments&post=573879"}],"version-history":[{"count":1,"href":"https:\/\/diariodominicano.com\/index.php?rest_route=\/wp\/v2\/posts\/573879\/revisions"}],"predecessor-version":[{"id":573896,"href":"https:\/\/diariodominicano.com\/index.php?rest_route=\/wp\/v2\/posts\/573879\/revisions\/573896"}],"wp:featuredmedia":[{"embeddable":true,"href":"https:\/\/diariodominicano.com\/index.php?rest_route=\/wp\/v2\/media\/573893"}],"wp:attachment":[{"href":"https:\/\/diariodominicano.com\/index.php?rest_route=%2Fwp%2Fv2%2Fmedia&parent=573879"}],"wp:term":[{"taxonomy":"category","embeddable":true,"href":"https:\/\/diariodominicano.com\/index.php?rest_route=%2Fwp%2Fv2%2Fcategories&post=573879"},{"taxonomy":"post_tag","embeddable":true,"href":"https:\/\/diariodominicano.com\/index.php?rest_route=%2Fwp%2Fv2%2Ftags&post=573879"}],"curies":[{"name":"wp","href":"https:\/\/api.w.org\/{rel}","templated":true}]}}