{"id":573860,"date":"2024-11-11T23:41:57","date_gmt":"2024-11-12T03:41:57","guid":{"rendered":"https:\/\/diariodominicano.com\/?p=573860"},"modified":"2024-11-11T23:41:59","modified_gmt":"2024-11-12T03:41:59","slug":"baila-conmigo-fest-2025-la-fiesta-anual-mas-esperada-por-los-latinos-reunira-en-miami-a-idolos-de-la-musica-tropical","status":"publish","type":"post","link":"https:\/\/diariodominicano.com\/?p=573860","title":{"rendered":"Baila Conmigo Fest 2025, la fiesta anual m\u00e1s esperada por los latinos, reunir\u00e1 en Miami a \u00eddolos de la m\u00fasica tropical"},"content":{"rendered":"\n<p>Baila Conmigo Fest 2025, la fiesta anual m\u00e1s esperada por los latinos, reunir\u00e1 en Miami a \u00eddolos de la m\u00fasica tropical<\/p>\n\n\n\n<p>Participar\u00e1n V\u00edctor Manuelle, Wilfrido Vargas, Jorge Celed\u00f3n, Oro S\u00f3lido, Magic Juan, Huey Dunbar (ex-vocalista de DLG), Mickey Taveras, Gaby (int\u00e9rprete original del Meneaito) y la banda de Rock en espa\u00f1ol Sur Deluxe, anunci\u00f3 CMN Events.<\/p>\n\n\n\n<p>La fiesta anual m\u00e1s esperada por los latinos se celebrar\u00e1 el s\u00e1bado 15 de marzo de 2025 en el Miami Marine Stadium. Baila Conmigo Fest, un festival inolvidable donde brillar\u00e1n estrellas ic\u00f3nicas del merengue, la salsa, el vallenato y otros ritmos tropicales.<\/p>\n\n\n\n<figure class=\"wp-block-image\"><img decoding=\"async\" src=\"https:\/\/diariodominicano.com\/wp-content\/uploads\/2024\/11\/Baila-Conmigo-Fest-2025-la-fiesta-anual-mas-esperada-por-los-latinos-reunira-en-Miami-1024x683.jpg\" alt=\"\"\/><\/figure>\n\n\n\n<p>CMN Events, compa\u00f1\u00eda latina l\u00edder de entretenimiento en vivo en Estados Unidos, confirm\u00f3 la participaci\u00f3n de V\u00edctor Manuelle, Wilfrido Vargas, Jorge Celed\u00f3n, Oro S\u00f3lido, Magic Juan, Huey Dunbar (ex-vocalista de DLG), Mickey Taveras, Gaby (int\u00e9rprete original del Meneaito) y la banda de Rock en espa\u00f1ol Sur Deluxe.<\/p>\n\n\n\n<figure class=\"wp-block-image\"><img decoding=\"async\" src=\"https:\/\/diariodominicano.com\/wp-content\/uploads\/2024\/11\/Baila-Conmigo-Fest-2025-la-fiesta-anual-mas-esperada-por-los-latinos-reunira-Miami-1024x732.jpg\" alt=\"\"\/><\/figure>\n\n\n\n<p>\u201cSer\u00e1 un evento inolvidable para sumergirnos en la nostalgia de los mejores a\u00f1os de la m\u00fasica latina, con los artistas que marcaron toda una generaci\u00f3n, enmarcados en la impresionante belleza del atardecer y la noche de Miami\u201d, se\u00f1al\u00f3 CMN Events, la misma compa\u00f1\u00eda encargada de producir las giras de Luis Miguel, Don Omar, Aventura, Chayanne y Marc Anthony, entre otros.<\/p>\n\n\n\n<p>Los organizadores esperan la asistencia de unas 15.000 personas durante las m\u00e1s de ocho horas de m\u00fasica, experiencias VIP, bares y opciones y gran variedad gastron\u00f3mica.<\/p>\n\n\n\n<p>La venta de entradas iniciar\u00e1 el 15 de noviembre en www.bailaconmigofest.com<\/p>\n\n\n\n<p>En la primera edici\u00f3n, que rebas\u00f3 todas las expectativas, ocho mil personas se unieron para bailar durante m\u00e1s de seis horas, junto a Eddy Herrera, Sergio Vargas, Ilegales, Proyecto Uno, Binomio de Oro, Kinito M\u00e9ndez, Rikarena, Fulanito, Diveana y Puerto Rican Power.<\/p>\n\n\n\n<p>Acerca de CMN \u202fEvents<\/p>\n\n\n\n<p>CMN Events es la compa\u00f1\u00eda latina l\u00edder de entretenimiento en vivo en Estados Unidos, con alcance e influencia en todo el continente. Desarrollando constantemente proyectos en el mundo de la m\u00fasica, el arte y los deportes, es ejemplo multicultural de organizaci\u00f3n y emprendimiento. www.cmnevents.com &#8211; @cmnevents<\/p>\n\n\n\n<p>EB Public Relations &lt;esther@ebmanagement.io&gt;<\/p>\n","protected":false},"excerpt":{"rendered":"<p>Baila Conmigo Fest 2025, la fiesta anual m\u00e1s esperada por los latinos, reunir\u00e1 en Miami a \u00eddolos de la m\u00fasica tropical Participar\u00e1n V\u00edctor Manuelle, Wilfrido Vargas, Jorge Celed\u00f3n, Oro S\u00f3lido, Magic Juan, Huey Dunbar (ex-vocalista de DLG), Mickey Taveras, Gaby (int\u00e9rprete original del Meneaito) y la banda de Rock en espa\u00f1ol Sur Deluxe, anunci\u00f3 CMN [&hellip;]<\/p>\n","protected":false},"author":7,"featured_media":573871,"comment_status":"closed","ping_status":"closed","sticky":false,"template":"","format":"standard","meta":{"footnotes":""},"categories":[25],"tags":[820,821],"class_list":["post-573860","post","type-post","status-publish","format-standard","has-post-thumbnail","hentry","category-gente","tag-baila-conmigo-fest-2025","tag-miami"],"_links":{"self":[{"href":"https:\/\/diariodominicano.com\/index.php?rest_route=\/wp\/v2\/posts\/573860","targetHints":{"allow":["GET"]}}],"collection":[{"href":"https:\/\/diariodominicano.com\/index.php?rest_route=\/wp\/v2\/posts"}],"about":[{"href":"https:\/\/diariodominicano.com\/index.php?rest_route=\/wp\/v2\/types\/post"}],"author":[{"embeddable":true,"href":"https:\/\/diariodominicano.com\/index.php?rest_route=\/wp\/v2\/users\/7"}],"replies":[{"embeddable":true,"href":"https:\/\/diariodominicano.com\/index.php?rest_route=%2Fwp%2Fv2%2Fcomments&post=573860"}],"version-history":[{"count":1,"href":"https:\/\/diariodominicano.com\/index.php?rest_route=\/wp\/v2\/posts\/573860\/revisions"}],"predecessor-version":[{"id":573874,"href":"https:\/\/diariodominicano.com\/index.php?rest_route=\/wp\/v2\/posts\/573860\/revisions\/573874"}],"wp:featuredmedia":[{"embeddable":true,"href":"https:\/\/diariodominicano.com\/index.php?rest_route=\/wp\/v2\/media\/573871"}],"wp:attachment":[{"href":"https:\/\/diariodominicano.com\/index.php?rest_route=%2Fwp%2Fv2%2Fmedia&parent=573860"}],"wp:term":[{"taxonomy":"category","embeddable":true,"href":"https:\/\/diariodominicano.com\/index.php?rest_route=%2Fwp%2Fv2%2Fcategories&post=573860"},{"taxonomy":"post_tag","embeddable":true,"href":"https:\/\/diariodominicano.com\/index.php?rest_route=%2Fwp%2Fv2%2Ftags&post=573860"}],"curies":[{"name":"wp","href":"https:\/\/api.w.org\/{rel}","templated":true}]}}