{"id":573824,"date":"2024-11-11T13:46:29","date_gmt":"2024-11-11T17:46:29","guid":{"rendered":"https:\/\/diariodominicano.com\/?p=573824"},"modified":"2024-11-11T13:46:34","modified_gmt":"2024-11-11T17:46:34","slug":"dia-nacional-de-angola","status":"publish","type":"post","link":"https:\/\/diariodominicano.com\/?p=573824","title":{"rendered":"D\u00eda Nacional de Angola"},"content":{"rendered":"\n<p>ARCHIVO: Antony J. Blinken, Secretario de Estado<\/p>\n\n\n\n<p>En nombre de los Estados Unidos de Am\u00e9rica, es un placer para m\u00ed desearle al pueblo de Angola una sincera felicitaci\u00f3n al celebrar sus 49 a\u00f1os de independencia el 11 de noviembre.<\/p>\n\n\n\n<p>El crecimiento de la asociaci\u00f3n estrat\u00e9gica entre Angola y los Estados Unidos en los \u00faltimos a\u00f1os ha sido excepcional. Hemos ampliado el comercio y la inversi\u00f3n, aumentado nuestra cooperaci\u00f3n en materia de seguridad, reforzado nuestros ya s\u00f3lidos esfuerzos de colaboraci\u00f3n en materia de atenci\u00f3n sanitaria y fortalecido nuestra relaci\u00f3n bilateral.<\/p>\n\n\n\n<p>Como dije cuando visit\u00e9 Luanda a principios de este a\u00f1o, el futuro de Estados Unidos y el futuro de \u00c1frica est\u00e1n unidos. Nuestros pueblos est\u00e1n unidos; nuestra prosperidad y nuestro \u00e9xito est\u00e1n vinculados. Env\u00edo mis mejores deseos al pueblo angole\u00f1o que celebra hoy su independencia.<\/p>\n\n\n\n<p>U.S. Department of State<\/p>\n\n\n\n<p>U.S. Department of State ()<\/p>\n\n\n\n<p><a target=\"_blank\" href=\"mailto:usstatebpa@public.govdelivery.com\" rel=\"noreferrer noopener\">usstatebpa@public.govdelivery<\/a><\/p>\n\n\n\n<p>11\/11\/2024 00:01 EST<\/p>\n\n\n\n<p>#Angola\u2003\u2003\u2003\u2003\u2003\u2003 #Blinken<\/p>\n\n\n\n<p><\/p>\n","protected":false},"excerpt":{"rendered":"<p>ARCHIVO: Antony J. Blinken, Secretario de Estado En nombre de los Estados Unidos de Am\u00e9rica, es un placer para m\u00ed desearle al pueblo de Angola una sincera felicitaci\u00f3n al celebrar sus 49 a\u00f1os de independencia el 11 de noviembre. El crecimiento de la asociaci\u00f3n estrat\u00e9gica entre Angola y los Estados Unidos en los \u00faltimos a\u00f1os [&hellip;]<\/p>\n","protected":false},"author":28,"featured_media":540561,"comment_status":"closed","ping_status":"closed","sticky":true,"template":"","format":"standard","meta":{"footnotes":""},"categories":[26,23],"tags":[],"class_list":["post-573824","post","type-post","status-publish","format-standard","has-post-thumbnail","hentry","category-efemerides","category-internacional"],"_links":{"self":[{"href":"https:\/\/diariodominicano.com\/index.php?rest_route=\/wp\/v2\/posts\/573824","targetHints":{"allow":["GET"]}}],"collection":[{"href":"https:\/\/diariodominicano.com\/index.php?rest_route=\/wp\/v2\/posts"}],"about":[{"href":"https:\/\/diariodominicano.com\/index.php?rest_route=\/wp\/v2\/types\/post"}],"author":[{"embeddable":true,"href":"https:\/\/diariodominicano.com\/index.php?rest_route=\/wp\/v2\/users\/28"}],"replies":[{"embeddable":true,"href":"https:\/\/diariodominicano.com\/index.php?rest_route=%2Fwp%2Fv2%2Fcomments&post=573824"}],"version-history":[{"count":1,"href":"https:\/\/diariodominicano.com\/index.php?rest_route=\/wp\/v2\/posts\/573824\/revisions"}],"predecessor-version":[{"id":573825,"href":"https:\/\/diariodominicano.com\/index.php?rest_route=\/wp\/v2\/posts\/573824\/revisions\/573825"}],"wp:featuredmedia":[{"embeddable":true,"href":"https:\/\/diariodominicano.com\/index.php?rest_route=\/wp\/v2\/media\/540561"}],"wp:attachment":[{"href":"https:\/\/diariodominicano.com\/index.php?rest_route=%2Fwp%2Fv2%2Fmedia&parent=573824"}],"wp:term":[{"taxonomy":"category","embeddable":true,"href":"https:\/\/diariodominicano.com\/index.php?rest_route=%2Fwp%2Fv2%2Fcategories&post=573824"},{"taxonomy":"post_tag","embeddable":true,"href":"https:\/\/diariodominicano.com\/index.php?rest_route=%2Fwp%2Fv2%2Ftags&post=573824"}],"curies":[{"name":"wp","href":"https:\/\/api.w.org\/{rel}","templated":true}]}}