{"id":573767,"date":"2024-11-11T12:55:32","date_gmt":"2024-11-11T16:55:32","guid":{"rendered":"https:\/\/diariodominicano.com\/?p=573767"},"modified":"2024-11-11T12:55:38","modified_gmt":"2024-11-11T16:55:38","slug":"cuba-detiene-y-procesa-penalmente-a-personas-por-desorden-tras-paso-de-huracanes","status":"publish","type":"post","link":"https:\/\/diariodominicano.com\/?p=573767","title":{"rendered":"Cuba detiene y procesa penalmente a personas por desorden tras paso de huracanes"},"content":{"rendered":"\n<p>ARCHIVO &#8211; Varias personas recuperan pertenencias de su casa, destruida por el hurac\u00e1n Rafael, en Alquizar, Cuba, el 7 de noviembre de 2024.<\/p>\n\n\n\n<p>noviembre 11, 2024<\/p>\n\n\n\n<ul class=\"wp-block-list\">\n<li><a href=\"https:\/\/www.vozdeamerica.com\/author\/associated-press\/v_kyr\">Associated Press<\/a><\/li>\n<\/ul>\n\n\n\n<ul class=\"wp-block-list\">\n<li><a href=\"https:\/\/facebook.com\/sharer.php?u=https%3a%2f%2fwww.vozdeamerica.com%2fa%2ffiscalia-cubana-dice-que-detuvo-y-procesa-penalmente-a-personas-por-desorden-tras-paso-de-huracanes%2f7859570.html\" target=\"_blank\" rel=\"noreferrer noopener\"><\/a><\/li>\n\n\n\n<li><a href=\"https:\/\/twitter.com\/share?url=https%3a%2f%2fwww.vozdeamerica.com%2fa%2ffiscalia-cubana-dice-que-detuvo-y-procesa-penalmente-a-personas-por-desorden-tras-paso-de-huracanes%2f7859570.html&amp;text=Cuba+detiene+y+procesa+penalmente+a+personas+por+desorden+tras+paso+de+huracanes\" target=\"_blank\" rel=\"noreferrer noopener\"><\/a><\/li>\n\n\n\n<li><\/li>\n\n\n\n<li><a href=\"mailto:?body=https%3a%2f%2fwww.vozdeamerica.com%2fa%2ffiscalia-cubana-dice-que-detuvo-y-procesa-penalmente-a-personas-por-desorden-tras-paso-de-huracanes%2f7859570.html&amp;subject=Cuba%20detiene%20y%20procesa%20penalmente%20a%20personas%20por%20desorden%20tras%20paso%20de%20huracanes\"><\/a><\/li>\n<\/ul>\n\n\n\n<p><a href=\"https:\/\/www.vozdeamerica.com\/a\/fiscalia-cubana-dice-que-detuvo-y-procesa-penalmente-a-personas-por-desorden-tras-paso-de-huracanes\/7859570.html#comments\">&nbsp;Vea comentarios<\/a><\/p>\n\n\n\n<p>Cuba arrest\u00f3 a un grupo de personas por incidentes y \u00abagresiones\u00bb hacia autoridades en medio del agravamiento de la crisis energ\u00e9tica en la isla, seg\u00fan un comunicado de la Fiscal\u00eda que no menciona la cantidad de detenidos y m\u00e1s detalles sobre las acusaciones.<\/p>\n\n\n\n<p>La Habana \u2014&nbsp;<\/p>\n\n\n\n<p>La Fiscal\u00eda General de Cuba inform\u00f3 que un grupo de personas fue detenido y encarcelado por des\u00f3rdenes en el marco de los apagones y cortes de servicios ocasionados tanto por la ca\u00edda del sistema energ\u00e9tico nacional como por el paso de dos huracanes.<\/p>\n\n\n\n<p>\u201cEn La Habana, Mayabeque y Ciego de \u00c1vila se tramitan procesos penales por delitos de atentado, des\u00f3rdenes p\u00fablicos y da\u00f1os en los que se decidi\u00f3 imponer la medida cautelar de prisi\u00f3n provisional a los imputados presentados\u201d, expres\u00f3 una escueta nota de la Fiscal\u00eda General de la Rep\u00fablica publicada el domingo en medios de prensa locales.<\/p>\n\n\n\n<p>El comunicado no inform\u00f3 la cantidad de personas detenidas, ni ofreci\u00f3 ning\u00fan detalle sobre los hechos que se le atribuyen salvo que involucr\u00f3 \u201cagresi\u00f3n hacia autoridades e inspectores de los territorios que han provocado lesiones y alteraciones del orden\u201d.<\/p>\n\n\n\n<p>Cuba atraves\u00f3 duras semanas con<em><strong>&nbsp;<a href=\"https:\/\/www.vozdeamerica.com\/a\/falla-red-electrica-cuba-oscuridad-\/7827933.html\" target=\"_blank\" rel=\"noreferrer noopener\">la ca\u00edda del sistema energ\u00e9tico nacional<\/a><\/strong><\/em>&nbsp;el 18 de octubre, el paso del cicl\u00f3n Oscar que dej\u00f3 8 muertos por el oriente de la isla dos d\u00edas despu\u00e9s y otro hurac\u00e1n, Rafael, que golpe\u00f3 el occidente, causando otro colapso del fluido el\u00e9ctrico el mi\u00e9rcoles.<\/p>\n\n\n\n<p><a href=\"https:\/\/www.vozdeamerica.com\/a\/protestas-cuba-continua-escasez-alimentos-apagones-\/7537386.html\"><\/a><\/p>\n\n\n\n<p><a href=\"https:\/\/www.vozdeamerica.com\/a\/protestas-cuba-continua-escasez-alimentos-apagones-\/7537386.html\">Tambi\u00e9n lea<\/a><\/p>\n\n\n\n<h4 class=\"wp-block-heading\"><a href=\"https:\/\/www.vozdeamerica.com\/a\/protestas-cuba-continua-escasez-alimentos-apagones-\/7537386.html\">Pasadas las protestas, en Cuba persisten la escasez de alimentos y los apagones<\/a><\/h4>\n\n\n\n<p>Todav\u00eda se acometen acciones de recuperaci\u00f3n y miles de personas no tienen agua o luz, al tiempo que cuadrillas de trabajo levantan postes ca\u00eddos o escombros.<\/p>\n\n\n\n<p>La nota de la Fiscal\u00eda advirti\u00f3 que las \u201cacciones que se ejecutan en los territorios para la recuperaci\u00f3n, mantener la vitalidad y la prestaci\u00f3n de servicios, tienen que acompa\u00f1arse de un clima de orden, disciplina y respeto hacia las autoridades, funcionarios, sus agentes o auxiliares\u201d.<\/p>\n\n\n\n<p>La cuesti\u00f3n energ\u00e9tica es especialmente sensible en la isla, pues su carencia y una situaci\u00f3n de desabastecimiento de productos b\u00e1sicos fue el motivo de las mayores manifestaciones que se recuerden en d\u00e9cadas ocasionadas en julio de 2021. Posteriormente, hubo unas protestas m\u00e1s peque\u00f1as en octubre de 2022 y en marzo pasado.<\/p>\n\n\n\n<p>Aunque no se ofrecieron cifras oficiales, las de julio de 2021 se saldaron con unos 1.000 detenidos \u2013seg\u00fan grupos de monitoreo no gubernamentales\u2014 y procesos judiciales a unas 700 personas. Hubo saqueos y violencia. Menos masivas, sin violencia y con s\u00f3lo un pu\u00f1ado de arrestos transcurrieron las posteriores.<\/p>\n\n\n\n<figure class=\"wp-block-image\"><a href=\"https:\/\/www.vozdeamerica.com\/a\/en-fotos-huracan-rafael-provoca-nuevo-colapso-electrico-en-cuba\/7854957.html\"><img decoding=\"async\" src=\"https:\/\/gdb.voanews.com\/de3ea552-7d0e-4fc6-95c4-ff05501c443d_w650_r1_s.jpg\" alt=\"En Fotos | Hurac\u00e1n Rafael provoca nuevo colapso el\u00e9ctrico en Cuba\"\/><\/a><figcaption class=\"wp-element-caption\">Galer\u00eda de fotosEn Fotos | Hurac\u00e1n Rafael provoca nuevo colapso el\u00e9ctrico en Cuba<\/figcaption><\/figure>\n\n\n\n<p>Este mes de eventos climatol\u00f3gicos y apagones se reportaron algunos incidentes reconocidos por el propio presidente Miguel D\u00edaz-Canel, pero tampoco se inform\u00f3 la cantidad de arrestados en concreto.<\/p>\n\n\n\n<p>La organizaci\u00f3n Justicia11J indic\u00f3 en su cuenta de X, antes Twitter, este domingo que hab\u00eda confirmado la detenci\u00f3n de tres personas en relaci\u00f3n con una protesta en El Eucalipto, Ciego de \u00c1vila, ocurrida el 7 de noviembre, \u201cluego de que la localidad estuviese por m\u00e1s de 24 horas sin electricidad. Las personas del pueblo salieron a las calles tocando calderos y coreando \u2018pongan la corriente\u2019\u201d, escribi\u00f3.<\/p>\n\n\n\n<p>Aunque no dej\u00f3 muertes, el cicl\u00f3n Rafael ocasion\u00f3 una cifra \u201cmillonaria\u201d todav\u00eda no cuantificada, indicaron las autoridades, incluyendo derrumbes de casas, ca\u00edda de postes y transformadores, cables por el piso y afectaciones en la agricultura y la infraestructura.<\/p>\n\n\n\n<p>A cinco d\u00edas del paso del cicl\u00f3n, en La Habana \u2014hogar de dos millones de personas\u2014 ten\u00edan servicio de luz unos 732.116 clientes, el 85 % con los que cuenta en la capital, inform\u00f3 la empresa el\u00e9ctrica local el domingo.<\/p>\n\n\n\n<p>Las autoridades suelen denunciar que grupos de inter\u00e9s desde Estados Unidos alientan las manifestaciones desde redes sociales en medio de una pol\u00edtica de sanciones estadounidenses para presionar un cambio de modelo en la isla.<\/p>\n","protected":false},"excerpt":{"rendered":"<p>ARCHIVO &#8211; Varias personas recuperan pertenencias de su casa, destruida por el hurac\u00e1n Rafael, en Alquizar, Cuba, el 7 de noviembre de 2024. noviembre 11, 2024 &nbsp;Vea comentarios Cuba arrest\u00f3 a un grupo de personas por incidentes y \u00abagresiones\u00bb hacia autoridades en medio del agravamiento de la crisis energ\u00e9tica en la isla, seg\u00fan un comunicado [&hellip;]<\/p>\n","protected":false},"author":28,"featured_media":573768,"comment_status":"closed","ping_status":"closed","sticky":true,"template":"","format":"standard","meta":{"footnotes":""},"categories":[23,24],"tags":[],"class_list":["post-573767","post","type-post","status-publish","format-standard","has-post-thumbnail","hentry","category-internacional","category-justicia-y-derecho"],"_links":{"self":[{"href":"https:\/\/diariodominicano.com\/index.php?rest_route=\/wp\/v2\/posts\/573767","targetHints":{"allow":["GET"]}}],"collection":[{"href":"https:\/\/diariodominicano.com\/index.php?rest_route=\/wp\/v2\/posts"}],"about":[{"href":"https:\/\/diariodominicano.com\/index.php?rest_route=\/wp\/v2\/types\/post"}],"author":[{"embeddable":true,"href":"https:\/\/diariodominicano.com\/index.php?rest_route=\/wp\/v2\/users\/28"}],"replies":[{"embeddable":true,"href":"https:\/\/diariodominicano.com\/index.php?rest_route=%2Fwp%2Fv2%2Fcomments&post=573767"}],"version-history":[{"count":1,"href":"https:\/\/diariodominicano.com\/index.php?rest_route=\/wp\/v2\/posts\/573767\/revisions"}],"predecessor-version":[{"id":573769,"href":"https:\/\/diariodominicano.com\/index.php?rest_route=\/wp\/v2\/posts\/573767\/revisions\/573769"}],"wp:featuredmedia":[{"embeddable":true,"href":"https:\/\/diariodominicano.com\/index.php?rest_route=\/wp\/v2\/media\/573768"}],"wp:attachment":[{"href":"https:\/\/diariodominicano.com\/index.php?rest_route=%2Fwp%2Fv2%2Fmedia&parent=573767"}],"wp:term":[{"taxonomy":"category","embeddable":true,"href":"https:\/\/diariodominicano.com\/index.php?rest_route=%2Fwp%2Fv2%2Fcategories&post=573767"},{"taxonomy":"post_tag","embeddable":true,"href":"https:\/\/diariodominicano.com\/index.php?rest_route=%2Fwp%2Fv2%2Ftags&post=573767"}],"curies":[{"name":"wp","href":"https:\/\/api.w.org\/{rel}","templated":true}]}}