{"id":573743,"date":"2024-11-11T12:23:38","date_gmt":"2024-11-11T16:23:38","guid":{"rendered":"https:\/\/diariodominicano.com\/?p=573743"},"modified":"2024-11-11T12:24:48","modified_gmt":"2024-11-11T16:24:48","slug":"dia-de-los-veteranos-en-eeuu-o-el-final-de-la-guerra-que-acabaria-con-todas-las-guerras","status":"publish","type":"post","link":"https:\/\/diariodominicano.com\/?p=573743","title":{"rendered":"D\u00eda de los Veteranos en EEUU o el final de &#8216;la guerra que acabar\u00eda con todas las guerras&#8217;"},"content":{"rendered":"\n<p>ARCHIVO &#8211; Fotograf\u00edas de los soldados ca\u00eddos en el Monumento a los Veteranos de Vietnam, en Washington, el 28 de mayo de 2023.<\/p>\n\n\n\n<p>noviembre 11, 2024<\/p>\n\n\n\n<ul class=\"wp-block-list\">\n<li><a href=\"https:\/\/www.vozdeamerica.com\/author\/voz-de-america-redaccion\/p_kym\">Voz de Am\u00e9rica &#8211; Redacci\u00f3n<\/a><\/li>\n<\/ul>\n\n\n\n<ul class=\"wp-block-list\">\n<li><a href=\"https:\/\/facebook.com\/sharer.php?u=https%3a%2f%2fwww.vozdeamerica.com%2fa%2fdia-de-los-veteranos-en-eeuu-o-el-final-de-la-guerra-que-acabaria-con-todas-las-guerras-%2f7858740.html\" target=\"_blank\" rel=\"noreferrer noopener\"><\/a><\/li>\n\n\n\n<li><a href=\"https:\/\/twitter.com\/share?url=https%3a%2f%2fwww.vozdeamerica.com%2fa%2fdia-de-los-veteranos-en-eeuu-o-el-final-de-la-guerra-que-acabaria-con-todas-las-guerras-%2f7858740.html&amp;text=D%c3%ada+de+los+Veteranos+en+EEUU+o+el+final+de+%27la+guerra+que+acabar%c3%ada+con+todas+las+guerras%27\" target=\"_blank\" rel=\"noreferrer noopener\"><\/a><\/li>\n\n\n\n<li><\/li>\n\n\n\n<li><a href=\"mailto:?body=https%3a%2f%2fwww.vozdeamerica.com%2fa%2fdia-de-los-veteranos-en-eeuu-o-el-final-de-la-guerra-que-acabaria-con-todas-las-guerras-%2f7858740.html&amp;subject=D%C3%ADa%20de%20los%20Veteranos%20en%20EEUU%20o%20el%20final%20de%20%27la%20guerra%20que%20acabar%C3%ADa%20con%20todas%20las%20guerras%27\"><\/a><\/li>\n<\/ul>\n\n\n\n<p><a href=\"https:\/\/www.vozdeamerica.com\/a\/dia-de-los-veteranos-en-eeuu-o-el-final-de-la-guerra-que-acabaria-con-todas-las-guerras-\/7858740.html#comments\">&nbsp;Vea comentarios<\/a><\/p>\n\n\n\n<p>El 11 de noviembre de cada a\u00f1o, los estadounidenses recuerdan a los ca\u00eddos en las guerras. La fecha es un feriado nacional.<\/p>\n\n\n\n<p>Estados Unidos celebra cada 11 de noviembre el D\u00eda de los Veteranos, una fecha que tiene su origen en un acuerdo logrado al final de la Primera Guerra Mundial en 1918, visto entonces como el final de &#8216;la guerra que acabar\u00eda con todas las guerras&#8217;, de acuerdo con el sitio oficial de la&nbsp;<strong><a href=\"https:\/\/department.va.gov\/veterans-day\/history-of-veterans-day\/?redirect=1\" target=\"_blank\" rel=\"noreferrer noopener\"><em>Oficina de Asuntos de Veteranos del gobierno de EEUU<\/em>.<\/a><\/strong><\/p>\n\n\n\n<p>Pero la contienda b\u00e9lica no termin\u00f3 oficialmente hasta que se firm\u00f3 el Tratado de Versalles el 28 de junio de 1919 en las afueras de Par\u00eds. No obstante, los combates cesaron siete meses antes, con la entrada en vigor de un armisticio o cese temporal de las hostilidades entre las naciones aliadas y Alemania.<\/p>\n\n\n\n<p>Esta fecha busca centrar la atenci\u00f3n en el principal prop\u00f3sito del D\u00eda de los Veteranos: una celebraci\u00f3n para honrar el patriotismo, la voluntad de servir y sacrificarse por el bien com\u00fan de quienes lucharon por EEUU.<\/p>\n\n\n\n<h3 class=\"wp-block-heading\">Un d\u00eda feriado en EEUU<\/h3>\n\n\n\n<p>Fue el presidente Woodrow Wilson el que proclam\u00f3 el 11 de noviembre de 1919 como la primera conmemoraci\u00f3n del D\u00eda del Armisticio para honrar a los veteranos de la Primera Guerra Mundial.<\/p>\n\n\n\n<figure class=\"wp-block-image\"><img decoding=\"async\" src=\"https:\/\/gdb.voanews.com\/4ebc380f-6248-4d30-b881-cf496f32462a_w650_r1_s.jpg\" alt=\"ARCHIVO - Una corona de flores en el monumento Victoria Alada, dedicado a la memoria de los veteranos de la Primera Guerra Mundial, el 10 de noviembre de 2021, en el campus del Capitolio en Olympia, Washington.\"\/><figcaption class=\"wp-element-caption\">ARCHIVO &#8211; Una corona de flores en el monumento Victoria Alada, dedicado a la memoria de los veteranos de la Primera Guerra Mundial, el 10 de noviembre de 2021, en el campus del Capitolio en Olympia, Washington.<\/figcaption><\/figure>\n\n\n\n<p>\u201cPara nosotros en Estados Unidos, las reflexiones sobre el D\u00eda del Armisticio estar\u00e1n llenas de solemne orgullo por el hero\u00edsmo de quienes murieron al servicio del pa\u00eds y de gratitud por la victoria, tanto por aquello de lo que nos ha liberado como por la oportunidad que le ha dado a Estados Unidos de mostrar su simpat\u00eda por la paz y la justicia en los consejos de las naciones\u2026\u201d, dijo aquel d\u00eda Wilson al proclamar la conmemoraci\u00f3n.<\/p>\n\n\n\n<p>Una ley aprobada el 13 de mayo de 1938, convirti\u00f3 el 11 de noviembre de cada a\u00f1o en un feriado legal. Cuando la fecha cae un s\u00e1bado, el feriado laboral se celebra el viernes, y si cae un domingo, se pasa al lunes siguiente.<\/p>\n\n\n\n<p>En 1954 se enmend\u00f3 la legislaci\u00f3n tachando la palabra \u201cArmisticio\u201d e insertando en su lugar la palabra \u201cVeteranos\u201d para incluir a todos los veteranos estadounidenses de todas las guerras.<\/p>\n\n\n\n<p>M\u00e1s tarde ese mismo a\u00f1o, el 8 de octubre, el presidente Dwight D. Eisenhower emiti\u00f3 la primera \u201cProclamaci\u00f3n del D\u00eda de los Veteranos\u201d.<\/p>\n\n\n\n<p>\u201cPara asegurar la celebraci\u00f3n adecuada y generalizada de este aniversario, todos los veteranos, todas las organizaciones de veteranos y toda la ciudadan\u00eda desear\u00e1n unir sus manos en pos de un prop\u00f3sito com\u00fan\u00bb, dijo el entonces presidente de EEUU.<\/p>\n\n\n\n<p><video poster=\"https:\/\/gdb.voanews.com\/02990000-0aff-0242-38b4-08dac421c58e_tv_w650_r1.jpg\" src=\"blob:https:\/\/www.vozdeamerica.com\/072c9d1f-3466-4386-99e2-98d3633ca81d\" height=\"381\" width=\"676\"><\/video><\/p>\n\n\n\n<h5 class=\"wp-block-heading\"><a href=\"https:\/\/www.vozdeamerica.com\/a\/dia-de-los-veteranos-en-eeuu-o-el-final-de-la-guerra-que-acabaria-con-todas-las-guerras-\/6830846.html\" target=\"_blank\" rel=\"noreferrer noopener\">Veteranos ind\u00edgenas de EEUU tendr\u00e1n monumento nacio<\/a><\/h5>\n\n\n\n<ul class=\"wp-block-list\">\n<li><a href=\"https:\/\/facebook.com\/sharer.php?u=https%3a%2f%2fwww.vozdeamerica.com%2fa%2f6830846.html\" target=\"_blank\" rel=\"noreferrer noopener\">Comparta en Facebook<\/a><\/li>\n\n\n\n<li><a href=\"https:\/\/twitter.com\/share?url=https%3a%2f%2fwww.vozdeamerica.com%2fa%2f6830846.html&amp;text=Veteranos+ind%c3%adgenas+de+EEUU+tendr%c3%a1n+monumento+nacional++\" target=\"_blank\" rel=\"noreferrer noopener\">Comparta en Twitter<\/a><\/li>\n<\/ul>\n\n\n\n<hr class=\"wp-block-separator has-alpha-channel-opacity\"\/>\n\n\n\n<p><a href=\"https:\/\/www.vozdeamerica.com\/embed\/player\/Article\/6830846.html?type=video&amp;FullScreenMode=True\" target=\"_blank\" rel=\"noreferrer noopener\"><\/a><\/p>\n\n\n\n<p>&nbsp;Descargar&nbsp;<\/p>\n\n\n\n<p>De ese modo, Eisenhower design\u00f3 al Administrador de Asuntos de Veteranos como Presidente de un Comit\u00e9 Nacional del D\u00eda de los Veteranos, que incluy\u00f3 a otras personas para la coordinaci\u00f3n nacional y planificaci\u00f3n de la celebraci\u00f3n.<\/p>\n\n\n\n<h3 class=\"wp-block-heading\">\u00bfC\u00f3mo se celebra el D\u00eda de los Veteranos?<\/h3>\n\n\n\n<p>En todos los estados se celebra este d\u00eda con homenajes, desfiles y ceremonias. Sin embargo, la celebraci\u00f3n m\u00e1s importante es la ceremonia en la Tumba del Soldado Desconocido, en el cementerio de Arlington, a pocos minutos de Washington D.C.<\/p>\n","protected":false},"excerpt":{"rendered":"<p>ARCHIVO &#8211; Fotograf\u00edas de los soldados ca\u00eddos en el Monumento a los Veteranos de Vietnam, en Washington, el 28 de mayo de 2023. noviembre 11, 2024 &nbsp;Vea comentarios El 11 de noviembre de cada a\u00f1o, los estadounidenses recuerdan a los ca\u00eddos en las guerras. La fecha es un feriado nacional. Estados Unidos celebra cada 11 [&hellip;]<\/p>\n","protected":false},"author":28,"featured_media":573744,"comment_status":"closed","ping_status":"closed","sticky":true,"template":"","format":"standard","meta":{"footnotes":""},"categories":[21,36,26,23],"tags":[],"class_list":["post-573743","post","type-post","status-publish","format-standard","has-post-thumbnail","hentry","category-cultura","category-hombresmujeresycosas","category-efemerides","category-internacional"],"_links":{"self":[{"href":"https:\/\/diariodominicano.com\/index.php?rest_route=\/wp\/v2\/posts\/573743","targetHints":{"allow":["GET"]}}],"collection":[{"href":"https:\/\/diariodominicano.com\/index.php?rest_route=\/wp\/v2\/posts"}],"about":[{"href":"https:\/\/diariodominicano.com\/index.php?rest_route=\/wp\/v2\/types\/post"}],"author":[{"embeddable":true,"href":"https:\/\/diariodominicano.com\/index.php?rest_route=\/wp\/v2\/users\/28"}],"replies":[{"embeddable":true,"href":"https:\/\/diariodominicano.com\/index.php?rest_route=%2Fwp%2Fv2%2Fcomments&post=573743"}],"version-history":[{"count":2,"href":"https:\/\/diariodominicano.com\/index.php?rest_route=\/wp\/v2\/posts\/573743\/revisions"}],"predecessor-version":[{"id":573747,"href":"https:\/\/diariodominicano.com\/index.php?rest_route=\/wp\/v2\/posts\/573743\/revisions\/573747"}],"wp:featuredmedia":[{"embeddable":true,"href":"https:\/\/diariodominicano.com\/index.php?rest_route=\/wp\/v2\/media\/573744"}],"wp:attachment":[{"href":"https:\/\/diariodominicano.com\/index.php?rest_route=%2Fwp%2Fv2%2Fmedia&parent=573743"}],"wp:term":[{"taxonomy":"category","embeddable":true,"href":"https:\/\/diariodominicano.com\/index.php?rest_route=%2Fwp%2Fv2%2Fcategories&post=573743"},{"taxonomy":"post_tag","embeddable":true,"href":"https:\/\/diariodominicano.com\/index.php?rest_route=%2Fwp%2Fv2%2Ftags&post=573743"}],"curies":[{"name":"wp","href":"https:\/\/api.w.org\/{rel}","templated":true}]}}