{"id":573738,"date":"2024-11-11T18:38:10","date_gmt":"2024-11-11T22:38:10","guid":{"rendered":"https:\/\/diariodominicano.com\/?p=573738"},"modified":"2024-11-12T02:37:00","modified_gmt":"2024-11-12T06:37:00","slug":"popular-y-pucmm-fortaleceran-el-talento-de-colaboradores-en-gestion-bancaria","status":"publish","type":"post","link":"https:\/\/diariodominicano.com\/?p=573738","title":{"rendered":"Popular y PUCMM fortalecer\u00e1n el talento de colaboradores en gesti\u00f3n bancaria"},"content":{"rendered":"\n<p><strong>Se crean oportunidades de crecimiento a trav\u00e9s de un grado t\u00e9cnico superior<\/strong><\/p>\n\n\n\n<p>Santo Domingo, D.N. \u2013 El Banco Popular Dominicano y la Pontificia Universidad Cat\u00f3lica Madre y Maestra (PUCMM) firmaron un acuerdo para implementar el programa de Grado T\u00e9cnico Superior en Gesti\u00f3n Bancaria, una iniciativa educativa dise\u00f1ada exclusivamente para el personal del banco que trabaja en las sucursales de la organizaci\u00f3n financiera, con el objetivo de continuar fortaleciendo su perfil profesional y brindar oportunidades de crecimiento interno.<\/p>\n\n\n\n<p>La iniciativa busca fomentar el progreso acad\u00e9mico de los colaboradores y&nbsp; contribuir con su formaci\u00f3n acad\u00e9mica para promover la sucesi\u00f3n de talento en la entidad.<\/p>\n\n\n\n<figure class=\"wp-block-gallery has-nested-images columns-default is-cropped wp-block-gallery-1 is-layout-flex wp-block-gallery-is-layout-flex\">\n<figure class=\"wp-block-image size-large\"><img loading=\"lazy\" decoding=\"async\" width=\"1024\" height=\"731\" data-id=\"573850\" src=\"https:\/\/diariodominicano.com\/wp-content\/uploads\/2024\/11\/Antonia-Anton-de-Hernandez-y-Secilio-Espinal-1024x731.jpg\" alt=\"\" class=\"wp-image-573850\" srcset=\"https:\/\/diariodominicano.com\/wp-content\/uploads\/2024\/11\/Antonia-Anton-de-Hernandez-y-Secilio-Espinal-1024x731.jpg 1024w, https:\/\/diariodominicano.com\/wp-content\/uploads\/2024\/11\/Antonia-Anton-de-Hernandez-y-Secilio-Espinal-300x214.jpg 300w, https:\/\/diariodominicano.com\/wp-content\/uploads\/2024\/11\/Antonia-Anton-de-Hernandez-y-Secilio-Espinal-768x548.jpg 768w, https:\/\/diariodominicano.com\/wp-content\/uploads\/2024\/11\/Antonia-Anton-de-Hernandez-y-Secilio-Espinal-1536x1097.jpg 1536w, https:\/\/diariodominicano.com\/wp-content\/uploads\/2024\/11\/Antonia-Anton-de-Hernandez-y-Secilio-Espinal-2048x1462.jpg 2048w, https:\/\/diariodominicano.com\/wp-content\/uploads\/2024\/11\/Antonia-Anton-de-Hernandez-y-Secilio-Espinal-816x583.jpg 816w\" sizes=\"auto, (max-width: 1024px) 100vw, 1024px\" \/><figcaption class=\"wp-element-caption\">De izquierda a derecha, los se\u00f1ores Antonia Ant\u00f3n de Hern\u00e1ndez y Secilio Espinal <\/figcaption><\/figure>\n<\/figure>\n\n\n\n<p>De esta forma, el Grado T\u00e9cnico Superior en Gesti\u00f3n Bancaria estar\u00e1 enfocado en empleados de las \u00e1reas de caja y plataforma del Banco Popular. Ser\u00e1 impartido en modalidad virtual, con una duraci\u00f3n de dos a\u00f1os, y\u00a0los beneficiarios que completen exitosamente el programa tendr\u00e1n la opci\u00f3n de convalidar las materias cursadas, para continuar sus estudios y obtener su licenciatura.<\/p>\n\n\n\n<figure class=\"wp-block-gallery has-nested-images columns-default is-cropped wp-block-gallery-2 is-layout-flex wp-block-gallery-is-layout-flex\">\n<figure class=\"wp-block-image size-large\"><img loading=\"lazy\" decoding=\"async\" width=\"1024\" height=\"683\" data-id=\"573851\" src=\"https:\/\/diariodominicano.com\/wp-content\/uploads\/2024\/11\/En-la-fotografia-ejecutivos-y-autoridades-academicas-participantes-en-la-firma-del-acuerdo-1024x683.jpg\" alt=\"\" class=\"wp-image-573851\" srcset=\"https:\/\/diariodominicano.com\/wp-content\/uploads\/2024\/11\/En-la-fotografia-ejecutivos-y-autoridades-academicas-participantes-en-la-firma-del-acuerdo-1024x683.jpg 1024w, https:\/\/diariodominicano.com\/wp-content\/uploads\/2024\/11\/En-la-fotografia-ejecutivos-y-autoridades-academicas-participantes-en-la-firma-del-acuerdo-300x200.jpg 300w, https:\/\/diariodominicano.com\/wp-content\/uploads\/2024\/11\/En-la-fotografia-ejecutivos-y-autoridades-academicas-participantes-en-la-firma-del-acuerdo-768x512.jpg 768w, https:\/\/diariodominicano.com\/wp-content\/uploads\/2024\/11\/En-la-fotografia-ejecutivos-y-autoridades-academicas-participantes-en-la-firma-del-acuerdo-1536x1024.jpg 1536w, https:\/\/diariodominicano.com\/wp-content\/uploads\/2024\/11\/En-la-fotografia-ejecutivos-y-autoridades-academicas-participantes-en-la-firma-del-acuerdo-2048x1366.jpg 2048w, https:\/\/diariodominicano.com\/wp-content\/uploads\/2024\/11\/En-la-fotografia-ejecutivos-y-autoridades-academicas-participantes-en-la-firma-del-acuerdo-816x544.jpg 816w\" sizes=\"auto, (max-width: 1024px) 100vw, 1024px\" \/><figcaption class=\"wp-element-caption\">En la fotograf\u00eda, ejecutivos y autoridades acad\u00e9micas participantes en la firma del acuerdo <\/figcaption><\/figure>\n<\/figure>\n\n\n\n<p><strong>Impacto en el servicio al cliente<\/strong><\/p>\n\n\n\n<p>Al potenciar las competencias de los colaboradores en \u00e1reas como la gesti\u00f3n de caja y la plataforma de servicios, el banco aumentar\u00e1 la calidad de la atenci\u00f3n al cliente, en l\u00ednea con las expectativas y necesidades del mercado.<\/p>\n\n\n\n<p>Durante el acto de firma, la se\u00f1ora Antonia Ant\u00f3n de Hern\u00e1ndez, vicepresidenta ejecutiva senior de Gesti\u00f3n Humana, Transformaci\u00f3n Cultural, Administraci\u00f3n de Cr\u00e9ditos y Cumplimiento del Banco Popular, expres\u00f3 que \u201ceste acuerdo no solo fortalece nuestro v\u00ednculo con la PUCMM, sino que tambi\u00e9n marca un avance significativo en nuestro compromiso con el desarrollo profesional y personal de nuestra gente\u201d.<\/p>\n\n\n\n<p>Por parte de la PUCMM, el reverendo padre Secilio Espinal, rector de la PUCMM, resalt\u00f3 que \u201ceste convenio es un precedente innovador que fortalece la relaci\u00f3n entre ambas instituciones, permiti\u00e9ndoles desarrollar programas en conjunto y ofrecer respuestas a necesidades puntuales del sector financiero\u201d.<\/p>\n\n\n\n<p><strong>Acto de firma<\/strong><\/p>\n\n\n\n<p>Durante el evento, tambi\u00e9n estuvieron presentes por parte del Popular los se\u00f1ores Mar\u00eda Povedano, vicepresidenta ejecutiva de Gesti\u00f3n Humana, Transformaci\u00f3n Cultural y Sistemas y Procesos; Mar\u00eda Bad\u00eda, vicepresidenta del \u00c1rea de Gesti\u00f3n de Talento y Cultura; y Joel Garc\u00eda, vicepresidente del \u00c1rea de Gesti\u00f3n Humana.<\/p>\n\n\n\n<p>En representaci\u00f3n del Centro de Tecnolog\u00eda y Educaci\u00f3n Permanente de la PUCMM, acompa\u00f1\u00f3 al rector de la PUCMM la directora general del TEP, Belmarys Rodr\u00edguez, as\u00ed como las se\u00f1oras Isabel de la Rocha, directora Acad\u00e9mica; Rhina Crespo, gerente administrativa y Julissa Pichardo, decana de la Escuela de Negocios.<\/p>\n\n\n\n<p><strong>Vicepresidencia Ejecutiva<br>Comunicaciones Corporativas, Reputaci\u00f3n&nbsp;<\/strong><strong>y Banca Responsable<\/strong><\/p>\n\n\n\n<p><strong>Grupo Popular, S. A.<\/strong><\/p>\n","protected":false},"excerpt":{"rendered":"<p>Se crean oportunidades de crecimiento a trav\u00e9s de un grado t\u00e9cnico superior Santo Domingo, D.N. \u2013 El Banco Popular Dominicano y la Pontificia Universidad Cat\u00f3lica Madre y Maestra (PUCMM) firmaron un acuerdo para implementar el programa de Grado T\u00e9cnico Superior en Gesti\u00f3n Bancaria, una iniciativa educativa dise\u00f1ada exclusivamente para el personal del banco que trabaja [&hellip;]<\/p>\n","protected":false},"author":7,"featured_media":573849,"comment_status":"closed","ping_status":"closed","sticky":true,"template":"","format":"standard","meta":{"footnotes":""},"categories":[18,27],"tags":[830],"class_list":["post-573738","post","type-post","status-publish","format-standard","has-post-thumbnail","hentry","category-economia","category-portada","tag-pucmm"],"_links":{"self":[{"href":"https:\/\/diariodominicano.com\/index.php?rest_route=\/wp\/v2\/posts\/573738","targetHints":{"allow":["GET"]}}],"collection":[{"href":"https:\/\/diariodominicano.com\/index.php?rest_route=\/wp\/v2\/posts"}],"about":[{"href":"https:\/\/diariodominicano.com\/index.php?rest_route=\/wp\/v2\/types\/post"}],"author":[{"embeddable":true,"href":"https:\/\/diariodominicano.com\/index.php?rest_route=\/wp\/v2\/users\/7"}],"replies":[{"embeddable":true,"href":"https:\/\/diariodominicano.com\/index.php?rest_route=%2Fwp%2Fv2%2Fcomments&post=573738"}],"version-history":[{"count":1,"href":"https:\/\/diariodominicano.com\/index.php?rest_route=\/wp\/v2\/posts\/573738\/revisions"}],"predecessor-version":[{"id":573861,"href":"https:\/\/diariodominicano.com\/index.php?rest_route=\/wp\/v2\/posts\/573738\/revisions\/573861"}],"wp:featuredmedia":[{"embeddable":true,"href":"https:\/\/diariodominicano.com\/index.php?rest_route=\/wp\/v2\/media\/573849"}],"wp:attachment":[{"href":"https:\/\/diariodominicano.com\/index.php?rest_route=%2Fwp%2Fv2%2Fmedia&parent=573738"}],"wp:term":[{"taxonomy":"category","embeddable":true,"href":"https:\/\/diariodominicano.com\/index.php?rest_route=%2Fwp%2Fv2%2Fcategories&post=573738"},{"taxonomy":"post_tag","embeddable":true,"href":"https:\/\/diariodominicano.com\/index.php?rest_route=%2Fwp%2Fv2%2Ftags&post=573738"}],"curies":[{"name":"wp","href":"https:\/\/api.w.org\/{rel}","templated":true}]}}