{"id":573737,"date":"2024-11-11T14:53:54","date_gmt":"2024-11-11T18:53:54","guid":{"rendered":"https:\/\/diariodominicano.com\/?p=573737"},"modified":"2024-11-11T17:45:08","modified_gmt":"2024-11-11T21:45:08","slug":"democracia-representativa-dominicana-fallida","status":"publish","type":"post","link":"https:\/\/diariodominicano.com\/?p=573737","title":{"rendered":"Democracia representativa dominicana fallida"},"content":{"rendered":"\n<p>Por: Ram\u00f3n Antonio Veras<\/p>\n\n\n\n<p>1.- El accionar pol\u00edtico y social de la humanidad se ha desarrollado por fases, por per\u00edodos determinados en los cuales ocurren hechos que siempre tienen a las masas populares como art\u00edfices.<\/p>\n\n\n\n<p>2.- La desaparici\u00f3n f\u00edsica de Trujillo en nuestro pa\u00eds, es se\u00f1alada como la \u00e9poca del nacimiento de la democracia representativa, desde 1961 hasta ahora.<\/p>\n\n\n\n<p>3.- La democracia que al pueblo dominicano le han presentado como la de todas y de todos no ha resultado funcional ni beneficiosa para la gran mayor\u00eda de la poblaci\u00f3n.<\/p>\n\n\n\n<p>4.- Bajo la democracia dominicana, la gente sensata ha visto que la permanencia de la misma en distintas \u00e9pocas ha tra\u00eddo miles de muertos, presos, deportados, torturados y perseguidos pol\u00edticos.<\/p>\n\n\n\n<p>5.- A m\u00e1s de 60 a\u00f1os de democracia representativa, la comunidad dominicana se mueve en los marcos de t\u00edmidas libertades p\u00fablicas, cuyo ejercicio depende m\u00e1s de la voluntad del gobernante de turno, que del normal funcionamiento de las instituciones.<\/p>\n\n\n\n<p>6.- Como la democracia dominicana descansa bajo un r\u00e9gimen econ\u00f3mico basado en la desigualdad de oportunidades, la mayor\u00eda del pueblo es v\u00edctima de lo inicuo.<\/p>\n\n\n\n<p>7.- Aunque la democracia representativa dominicana est\u00e1 sustentada en una Constituci\u00f3n pol\u00edtica que recoge los derechos fundamentales inherentes a la persona humana, todo se reduce a formalidades.<\/p>\n\n\n\n<p>8.- El derecho al empleo, a una vivienda digna, a la alimentaci\u00f3n, a la educaci\u00f3n y servicios de salud de calidad, a la seguridad personal y de bienes; todo est\u00e1 estampado en el estatuto constitucional dominicano.<\/p>\n\n\n\n<p>9.- Pero las menciones de derechos y libertades en los marcos de la democracia representativa dominicana son puras ret\u00f3ricas, frases huecas, tendenciosas y graciosas para causar sue\u00f1os y motivar ilusiones.<\/p>\n\n\n\n<p>10.- Los resultados de m\u00e1s de 60 a\u00f1os de democracia representativa est\u00e1n ah\u00ed, a la vista; f\u00e1cil de comprobar. Basta con no cerrar los ojos y ver la realidad de nuestro pa\u00eds.<\/p>\n\n\n\n<p>11.- El proceso pol\u00edtico y social que ha vivido el pueblo dominicano bajo la democracia representativa solo puede ser definido como desgraciado. Contra la gente del pueblo se ha impuesto lo calamitoso.<\/p>\n\n\n\n<p>12.- Los hechos son los hechos y no se derriten. M\u00e1s de 60 a\u00f1os de democracia representativa mantienen al pueblo dominicano hundido en la pobreza, y con un deterioro \u00e9tico, moral e institucional que averg\u00fcenza.<\/p>\n\n\n\n<p>13.- La democracia representativa que padece nuestro pueblo ha resultado fruct\u00edfera para la minor\u00eda nacional que la ha utilizado a su antojo para satisfacer apetencias desmedidas de todo tipo.<\/p>\n\n\n\n<p>14.- Lo que nos ense\u00f1a la realidad es que la gente del pueblo ha bregado pol\u00edticamente en diferentes escenarios y utilizando los m\u00e1s variados m\u00e9todos de lucha sin lograr los objetivos perseguidos.<\/p>\n\n\n\n<p>15.- La situaci\u00f3n funesta que ha creado aqu\u00ed la democracia representativa, solo puede ser superada por la decisi\u00f3n y esfuerzo de quienes son sus v\u00edctimas, los estafados con el enga\u00f1o pol\u00edtico.<\/p>\n\n\n\n<p>16.- Lo que le dice la pr\u00e1ctica pol\u00edtica a las mujeres y a los hombres del pueblo dominicano es que deben liberarse del control que sobre ellos tienen los partidos tradicionales, que utilizan como medio de estafa a la democracia representativa, para por su mediaci\u00f3n alcanzar el dominio del Estado y as\u00ed preservar el r\u00e9gimen econ\u00f3mico que traba nuestro desarrollo.<\/p>\n\n\n\n<p>Santiago de los Caballeros<\/p>\n","protected":false},"excerpt":{"rendered":"<p>Por: Ram\u00f3n Antonio Veras 1.- El accionar pol\u00edtico y social de la humanidad se ha desarrollado por fases, por per\u00edodos determinados en los cuales ocurren hechos que siempre tienen a las masas populares como art\u00edfices. 2.- La desaparici\u00f3n f\u00edsica de Trujillo en nuestro pa\u00eds, es se\u00f1alada como la \u00e9poca del nacimiento de la democracia representativa, [&hellip;]<\/p>\n","protected":false},"author":7,"featured_media":404710,"comment_status":"closed","ping_status":"closed","sticky":false,"template":"","format":"standard","meta":{"footnotes":""},"categories":[16,27],"tags":[426],"class_list":["post-573737","post","type-post","status-publish","format-standard","has-post-thumbnail","hentry","category-opiniones","category-portada","tag-ramon-antonio-veras"],"_links":{"self":[{"href":"https:\/\/diariodominicano.com\/index.php?rest_route=\/wp\/v2\/posts\/573737","targetHints":{"allow":["GET"]}}],"collection":[{"href":"https:\/\/diariodominicano.com\/index.php?rest_route=\/wp\/v2\/posts"}],"about":[{"href":"https:\/\/diariodominicano.com\/index.php?rest_route=\/wp\/v2\/types\/post"}],"author":[{"embeddable":true,"href":"https:\/\/diariodominicano.com\/index.php?rest_route=\/wp\/v2\/users\/7"}],"replies":[{"embeddable":true,"href":"https:\/\/diariodominicano.com\/index.php?rest_route=%2Fwp%2Fv2%2Fcomments&post=573737"}],"version-history":[{"count":1,"href":"https:\/\/diariodominicano.com\/index.php?rest_route=\/wp\/v2\/posts\/573737\/revisions"}],"predecessor-version":[{"id":573834,"href":"https:\/\/diariodominicano.com\/index.php?rest_route=\/wp\/v2\/posts\/573737\/revisions\/573834"}],"wp:featuredmedia":[{"embeddable":true,"href":"https:\/\/diariodominicano.com\/index.php?rest_route=\/wp\/v2\/media\/404710"}],"wp:attachment":[{"href":"https:\/\/diariodominicano.com\/index.php?rest_route=%2Fwp%2Fv2%2Fmedia&parent=573737"}],"wp:term":[{"taxonomy":"category","embeddable":true,"href":"https:\/\/diariodominicano.com\/index.php?rest_route=%2Fwp%2Fv2%2Fcategories&post=573737"},{"taxonomy":"post_tag","embeddable":true,"href":"https:\/\/diariodominicano.com\/index.php?rest_route=%2Fwp%2Fv2%2Ftags&post=573737"}],"curies":[{"name":"wp","href":"https:\/\/api.w.org\/{rel}","templated":true}]}}