{"id":573675,"date":"2024-11-11T09:48:31","date_gmt":"2024-11-11T13:48:31","guid":{"rendered":"https:\/\/diariodominicano.com\/?p=573675"},"modified":"2024-11-11T09:48:39","modified_gmt":"2024-11-11T13:48:39","slug":"anuncio-del-canciller-de-panama-de-enviar-efectivos-a-haiti-en-lucha-antipandillas-genera-expectativas","status":"publish","type":"post","link":"https:\/\/diariodominicano.com\/?p=573675","title":{"rendered":"Anuncio del canciller de Panam\u00e1 de enviar efectivos a Hait\u00ed en lucha antipandillas\u00a0genera expectativas"},"content":{"rendered":"\n<p>diariodominicano.com<\/p>\n\n\n\n<p>Puerto Pr\u00edncipe, 11 nov (Prensa Latina) El anuncio de Panam\u00e1 de incorporarse a la Misi\u00f3n Multinacional de Apoyo a la Seguridad en Hait\u00ed (MMAS) genera hoy expectativa aqu\u00ed, donde algunas naciones anunciaron que ven\u00edan y nunca llegaron para enfrentar a las pandillas.<\/p>\n\n\n\n<p>El canciller de Panam\u00e1, Javier Mart\u00ednez-Achaante, dijo que su pa\u00eds planea enviar efectivos a Hait\u00ed y, cuando llegue el momento, ser\u00e1n informados los detalles de su participaci\u00f3n.<\/p>\n\n\n\n<p>A principio de octubre, el gobierno del presidente de El Salvador, Nayib Bukele, dio luz verde al env\u00edo de hombres que se sumar\u00e1n a la lucha contra las pandillas que hoy controlan el 80 por ciento de la capital haitiana.<\/p>\n\n\n\n<p>Esta adhesi\u00f3n marca un paso importante en el enfrentamiento de la violencia armada en Hait\u00ed, y ser\u00e1 aprovechada la experiencia demostrada por esa naci\u00f3n centroamericana en la erradicaci\u00f3n de las bandas criminales, subray\u00f3 el diario Hait\u00ed Libre. La decisi\u00f3n de San Salvador se inserta en los gestos de apoyo que recibe la llamada Perla de las Antillas por una parte de la comunidad internacional.<\/p>\n\n\n\n<p>En tal sentido, el presidente guatemalteco, Bernardo Ar\u00e9valo, anunci\u00f3 que su pa\u00eds enviar\u00e1 150 polic\u00edas militares para ayudar a Hait\u00ed a combatir a las pandillas.<\/p>\n\n\n\n<p>Ar\u00e9valo no precis\u00f3 fecha para el despliegue, y en tal situaci\u00f3n est\u00e1n Bahamas, Bangladesh, Ben\u00edn, Chad y Barbados que prometieron meses atr\u00e1s mandar a sus efectivos a Hait\u00ed.<\/p>\n\n\n\n<p>Canad\u00e1 y Alemania, sin especificar el monto monetario, confirmaron que destinar\u00e1n m\u00e1s dinero al Fondo Fiduciario de las Naciones Unidas para la naci\u00f3n caribe\u00f1a.<\/p>\n\n\n\n<p>La Uni\u00f3n Europea desembolsar\u00e1 entre cinco y 10 millones de euros para la Misi\u00f3n Multinacional de Apoyo a la Seguridad en Hait\u00ed.<\/p>\n\n\n\n<p>Argentina enviar\u00e1 60 agentes del orden, donar\u00e1 un hospital m\u00f3vil y un centro de tratamiento de agua.<\/p>\n\n\n\n<p>En tanto, Chile planea proporcionar aviones y barcos para la vigilancia de la costa haitiana; Surinam enviar\u00e1 tropas, pero no precis\u00f3 la cantidad de efectivos, mientras que Corea del Sur proporcionar\u00e1 fondos y equipos para enero de 2025.<\/p>\n\n\n\n<p>De todos los ofrecimientos, el balance actual es 600 efectivos de Kenya, 24 de Jamaica, y Bahamas con seis.<\/p>\n\n\n\n<p>kmg\/joe<\/p>\n","protected":false},"excerpt":{"rendered":"<p>diariodominicano.com Puerto Pr\u00edncipe, 11 nov (Prensa Latina) El anuncio de Panam\u00e1 de incorporarse a la Misi\u00f3n Multinacional de Apoyo a la Seguridad en Hait\u00ed (MMAS) genera hoy expectativa aqu\u00ed, donde algunas naciones anunciaron que ven\u00edan y nunca llegaron para enfrentar a las pandillas. El canciller de Panam\u00e1, Javier Mart\u00ednez-Achaante, dijo que su pa\u00eds planea enviar [&hellip;]<\/p>\n","protected":false},"author":5,"featured_media":573676,"comment_status":"closed","ping_status":"closed","sticky":true,"template":"","format":"standard","meta":{"footnotes":""},"categories":[23,27],"tags":[],"class_list":["post-573675","post","type-post","status-publish","format-standard","has-post-thumbnail","hentry","category-internacional","category-portada"],"_links":{"self":[{"href":"https:\/\/diariodominicano.com\/index.php?rest_route=\/wp\/v2\/posts\/573675","targetHints":{"allow":["GET"]}}],"collection":[{"href":"https:\/\/diariodominicano.com\/index.php?rest_route=\/wp\/v2\/posts"}],"about":[{"href":"https:\/\/diariodominicano.com\/index.php?rest_route=\/wp\/v2\/types\/post"}],"author":[{"embeddable":true,"href":"https:\/\/diariodominicano.com\/index.php?rest_route=\/wp\/v2\/users\/5"}],"replies":[{"embeddable":true,"href":"https:\/\/diariodominicano.com\/index.php?rest_route=%2Fwp%2Fv2%2Fcomments&post=573675"}],"version-history":[{"count":1,"href":"https:\/\/diariodominicano.com\/index.php?rest_route=\/wp\/v2\/posts\/573675\/revisions"}],"predecessor-version":[{"id":573677,"href":"https:\/\/diariodominicano.com\/index.php?rest_route=\/wp\/v2\/posts\/573675\/revisions\/573677"}],"wp:featuredmedia":[{"embeddable":true,"href":"https:\/\/diariodominicano.com\/index.php?rest_route=\/wp\/v2\/media\/573676"}],"wp:attachment":[{"href":"https:\/\/diariodominicano.com\/index.php?rest_route=%2Fwp%2Fv2%2Fmedia&parent=573675"}],"wp:term":[{"taxonomy":"category","embeddable":true,"href":"https:\/\/diariodominicano.com\/index.php?rest_route=%2Fwp%2Fv2%2Fcategories&post=573675"},{"taxonomy":"post_tag","embeddable":true,"href":"https:\/\/diariodominicano.com\/index.php?rest_route=%2Fwp%2Fv2%2Ftags&post=573675"}],"curies":[{"name":"wp","href":"https:\/\/api.w.org\/{rel}","templated":true}]}}