{"id":573597,"date":"2024-11-11T00:40:40","date_gmt":"2024-11-11T04:40:40","guid":{"rendered":"https:\/\/diariodominicano.com\/?p=573597"},"modified":"2024-11-11T00:56:08","modified_gmt":"2024-11-11T04:56:08","slug":"colectivo-de-escritores-sin-distancia-seduce-embruja-y-se-aduena-de-la-casa-de-cultura-de-villa-faro","status":"publish","type":"post","link":"https:\/\/diariodominicano.com\/?p=573597","title":{"rendered":"Colectivo De Escritores \u00abSin Distancia\u00bb Seduce, Embruja Y Se Adue\u00f1a De La Casa De Cultura De Villa Faro"},"content":{"rendered":"\n<p>Carlos Chevalier y Manuel Santana\u2002dan la bienvenida al Colectivo.<\/p>\n\n\n\n<p>.<\/p>\n\n\n\n<figure class=\"wp-block-image size-large\"><img loading=\"lazy\" decoding=\"async\" width=\"1024\" height=\"472\" src=\"https:\/\/diariodominicano.com\/wp-content\/uploads\/2024\/11\/COLECTIVO-DE-ESCRITORES-SIN-DISTANCIA-2-1024x472.jpeg\" alt=\"\" class=\"wp-image-573610\" srcset=\"https:\/\/diariodominicano.com\/wp-content\/uploads\/2024\/11\/COLECTIVO-DE-ESCRITORES-SIN-DISTANCIA-2-1024x472.jpeg 1024w, https:\/\/diariodominicano.com\/wp-content\/uploads\/2024\/11\/COLECTIVO-DE-ESCRITORES-SIN-DISTANCIA-2-300x138.jpeg 300w, https:\/\/diariodominicano.com\/wp-content\/uploads\/2024\/11\/COLECTIVO-DE-ESCRITORES-SIN-DISTANCIA-2-768x354.jpeg 768w, https:\/\/diariodominicano.com\/wp-content\/uploads\/2024\/11\/COLECTIVO-DE-ESCRITORES-SIN-DISTANCIA-2-1536x708.jpeg 1536w, https:\/\/diariodominicano.com\/wp-content\/uploads\/2024\/11\/COLECTIVO-DE-ESCRITORES-SIN-DISTANCIA-2-816x376.jpeg 816w, https:\/\/diariodominicano.com\/wp-content\/uploads\/2024\/11\/COLECTIVO-DE-ESCRITORES-SIN-DISTANCIA-2.jpeg 1600w\" sizes=\"auto, (max-width: 1024px) 100vw, 1024px\" \/><\/figure>\n\n\n\n<p><strong>Colectivo de Escritores sin Distancia<\/strong><\/p>\n\n\n\n<p><strong>Santo Domingo Este RD.-<\/strong>\u00a0Lamentamos que estuviera lloviendo tanto, hubo mucha lluvia desde las 6:00 am. Aun as\u00ed la asistencia de p\u00fablico y el calor humano no merm\u00f3 en lo m\u00e1s m\u00ednimo y Villa Faro recibi\u00f3 en grande al Colectivo de Escritores de la Di\u00e1spora Dominicana en EEUU, Sin Distancia.<\/p>\n\n\n\n<figure class=\"wp-block-image size-large\"><img loading=\"lazy\" decoding=\"async\" width=\"1024\" height=\"472\" src=\"https:\/\/diariodominicano.com\/wp-content\/uploads\/2024\/11\/FELIPE-MEDRANO-PRESENTA-A-LOS-MIEMBROS-DEL-COLECTIVO-SIN-DISTANCIA-1024x472.jpeg\" alt=\"\" class=\"wp-image-573611\" srcset=\"https:\/\/diariodominicano.com\/wp-content\/uploads\/2024\/11\/FELIPE-MEDRANO-PRESENTA-A-LOS-MIEMBROS-DEL-COLECTIVO-SIN-DISTANCIA-1024x472.jpeg 1024w, https:\/\/diariodominicano.com\/wp-content\/uploads\/2024\/11\/FELIPE-MEDRANO-PRESENTA-A-LOS-MIEMBROS-DEL-COLECTIVO-SIN-DISTANCIA-300x138.jpeg 300w, https:\/\/diariodominicano.com\/wp-content\/uploads\/2024\/11\/FELIPE-MEDRANO-PRESENTA-A-LOS-MIEMBROS-DEL-COLECTIVO-SIN-DISTANCIA-768x354.jpeg 768w, https:\/\/diariodominicano.com\/wp-content\/uploads\/2024\/11\/FELIPE-MEDRANO-PRESENTA-A-LOS-MIEMBROS-DEL-COLECTIVO-SIN-DISTANCIA-1536x708.jpeg 1536w, https:\/\/diariodominicano.com\/wp-content\/uploads\/2024\/11\/FELIPE-MEDRANO-PRESENTA-A-LOS-MIEMBROS-DEL-COLECTIVO-SIN-DISTANCIA-816x376.jpeg 816w, https:\/\/diariodominicano.com\/wp-content\/uploads\/2024\/11\/FELIPE-MEDRANO-PRESENTA-A-LOS-MIEMBROS-DEL-COLECTIVO-SIN-DISTANCIA.jpeg 1600w\" sizes=\"auto, (max-width: 1024px) 100vw, 1024px\" \/><\/figure>\n\n\n\n<p>Felipe Medrano presenta a los miembros del colectivo..<\/p>\n\n\n\n<figure class=\"wp-block-image size-large\"><img loading=\"lazy\" decoding=\"async\" width=\"1024\" height=\"472\" src=\"https:\/\/diariodominicano.com\/wp-content\/uploads\/2024\/11\/EUGENIO-FORTUNATO-EN-LECTURA-DE-SU-RIMA-CON-PICARDIA-1024x472.jpeg\" alt=\"\" class=\"wp-image-573609\" srcset=\"https:\/\/diariodominicano.com\/wp-content\/uploads\/2024\/11\/EUGENIO-FORTUNATO-EN-LECTURA-DE-SU-RIMA-CON-PICARDIA-1024x472.jpeg 1024w, https:\/\/diariodominicano.com\/wp-content\/uploads\/2024\/11\/EUGENIO-FORTUNATO-EN-LECTURA-DE-SU-RIMA-CON-PICARDIA-300x138.jpeg 300w, https:\/\/diariodominicano.com\/wp-content\/uploads\/2024\/11\/EUGENIO-FORTUNATO-EN-LECTURA-DE-SU-RIMA-CON-PICARDIA-768x354.jpeg 768w, https:\/\/diariodominicano.com\/wp-content\/uploads\/2024\/11\/EUGENIO-FORTUNATO-EN-LECTURA-DE-SU-RIMA-CON-PICARDIA-1536x708.jpeg 1536w, https:\/\/diariodominicano.com\/wp-content\/uploads\/2024\/11\/EUGENIO-FORTUNATO-EN-LECTURA-DE-SU-RIMA-CON-PICARDIA-816x376.jpeg 816w, https:\/\/diariodominicano.com\/wp-content\/uploads\/2024\/11\/EUGENIO-FORTUNATO-EN-LECTURA-DE-SU-RIMA-CON-PICARDIA.jpeg 1600w\" sizes=\"auto, (max-width: 1024px) 100vw, 1024px\" \/><\/figure>\n\n\n\n<p>Eugenio\u2002Fortunato en lectura de su rima.<\/p>\n\n\n\n<p>La asistencia de alumnos, padres y comunitarios dej\u00f3 algunos de los asistentes parados, pues solo en el sal\u00f3n hab\u00edan disponibles 114 sillas y algunas prestadas que hubo que buscar en la vecindad, mientras lloviznaba y los miembros del colectivo expon\u00edan entre aplausos sus poemas.<\/p>\n\n\n\n<figure class=\"wp-block-image size-large\"><img loading=\"lazy\" decoding=\"async\" width=\"1024\" height=\"472\" src=\"https:\/\/diariodominicano.com\/wp-content\/uploads\/2024\/11\/COLECTIVO-DE-ESCRITORES-SIN-DISTANCIA-1-2-1024x472.jpeg\" alt=\"\" class=\"wp-image-573619\" srcset=\"https:\/\/diariodominicano.com\/wp-content\/uploads\/2024\/11\/COLECTIVO-DE-ESCRITORES-SIN-DISTANCIA-1-2-1024x472.jpeg 1024w, https:\/\/diariodominicano.com\/wp-content\/uploads\/2024\/11\/COLECTIVO-DE-ESCRITORES-SIN-DISTANCIA-1-2-300x138.jpeg 300w, https:\/\/diariodominicano.com\/wp-content\/uploads\/2024\/11\/COLECTIVO-DE-ESCRITORES-SIN-DISTANCIA-1-2-768x354.jpeg 768w, https:\/\/diariodominicano.com\/wp-content\/uploads\/2024\/11\/COLECTIVO-DE-ESCRITORES-SIN-DISTANCIA-1-2-1536x708.jpeg 1536w, https:\/\/diariodominicano.com\/wp-content\/uploads\/2024\/11\/COLECTIVO-DE-ESCRITORES-SIN-DISTANCIA-1-2-816x376.jpeg 816w, https:\/\/diariodominicano.com\/wp-content\/uploads\/2024\/11\/COLECTIVO-DE-ESCRITORES-SIN-DISTANCIA-1-2.jpeg 1600w\" sizes=\"auto, (max-width: 1024px) 100vw, 1024px\" \/><\/figure>\n\n\n\n<p>Felipe Medrano tuvo la conducci\u00f3n de este importante encuentro, present\u00f3 a la delegaci\u00f3n del Colectivo&nbsp;encabezada por el reconocido poeta y gestor cultural&nbsp;Eugenio Fortunato, autor de la c\u00e9lebre obra&nbsp;\u00abRimas y Picard\u00edas\u00bb<strong>,<\/strong>&nbsp;y la destacada poeta y cuentista&nbsp;Genoveva Del Orbe, representantes del colectivo desde Florida, desde Nueva York la renombrada escritora y traductora&nbsp;Mariela Shaw.<\/p>\n\n\n\n<p>Manuel Santana Director General de la Casa De Cultura de Villa Faro junto a Don Carlos Chevalier dieron la bienvenida al Colectivo, expusieron los eventos que a favor de ni\u00f1os, adolescentes y j\u00f3venes viene realizando la Casa de Cultura y pusieron las instalaciones a disposici\u00f3n.<\/p>\n\n\n\n<p>Fue una actividad muy gratificante donde tres integrantes de la Delegaci\u00f3n del \u00abColectivo Sin Distancia\u00bb leyeron varios de sus poemas. Los alumnos de la Casa De Cultura de Villa Faro, disfrutaron mucho el momento y se involucraron mucho con las narrativas hasta casi la complicidad. Muy emotivo el acto, mucha compenetraci\u00f3n con el p\u00fablico y los Autores, buena receptividad.<\/p>\n\n\n\n<figure class=\"wp-block-image size-large\"><img loading=\"lazy\" decoding=\"async\" width=\"1024\" height=\"472\" src=\"https:\/\/diariodominicano.com\/wp-content\/uploads\/2024\/11\/COLECTIVO-DE-ESCRITORES-SIN-DISTANCIA-1-1-1024x472.jpeg\" alt=\"\" class=\"wp-image-573618\" srcset=\"https:\/\/diariodominicano.com\/wp-content\/uploads\/2024\/11\/COLECTIVO-DE-ESCRITORES-SIN-DISTANCIA-1-1-1024x472.jpeg 1024w, https:\/\/diariodominicano.com\/wp-content\/uploads\/2024\/11\/COLECTIVO-DE-ESCRITORES-SIN-DISTANCIA-1-1-300x138.jpeg 300w, https:\/\/diariodominicano.com\/wp-content\/uploads\/2024\/11\/COLECTIVO-DE-ESCRITORES-SIN-DISTANCIA-1-1-768x354.jpeg 768w, https:\/\/diariodominicano.com\/wp-content\/uploads\/2024\/11\/COLECTIVO-DE-ESCRITORES-SIN-DISTANCIA-1-1-1536x708.jpeg 1536w, https:\/\/diariodominicano.com\/wp-content\/uploads\/2024\/11\/COLECTIVO-DE-ESCRITORES-SIN-DISTANCIA-1-1-816x376.jpeg 816w, https:\/\/diariodominicano.com\/wp-content\/uploads\/2024\/11\/COLECTIVO-DE-ESCRITORES-SIN-DISTANCIA-1-1.jpeg 1600w\" sizes=\"auto, (max-width: 1024px) 100vw, 1024px\" \/><\/figure>\n\n\n\n<p>Braulio Castro expres\u00f3 su experiencia: \u201cNecesitamos que nuestros ni\u00f1os, adolescentes y j\u00f3venes de Villa Faro sigan bebiendo de esas fuentes culturales, de la literatura y la poes\u00eda, necesitamos que la cultura llene su esp\u00edritu y los transforme para bien\u201d. El evento produjo momentos interesantes para los Directivos de la Casa De Cultura, Manuel Santana, Carlos Chevalier, Braulio Castro, Yolanda Estrella, Fernando Estrella, V\u00edctor Gonz\u00e1lez, Juan Carlos Saro, que estuvieron temprano.<\/p>\n\n\n\n<figure class=\"wp-block-image size-large\"><img loading=\"lazy\" decoding=\"async\" width=\"1024\" height=\"472\" src=\"https:\/\/diariodominicano.com\/wp-content\/uploads\/2024\/11\/FELIPE-MEDRANO-DA-LAS-PALABRA-DE-AGRADECIMIENTO-AL-COLECTIVO-SIN-DISTANCIA-1024x472.jpeg\" alt=\"\" class=\"wp-image-573613\" srcset=\"https:\/\/diariodominicano.com\/wp-content\/uploads\/2024\/11\/FELIPE-MEDRANO-DA-LAS-PALABRA-DE-AGRADECIMIENTO-AL-COLECTIVO-SIN-DISTANCIA-1024x472.jpeg 1024w, https:\/\/diariodominicano.com\/wp-content\/uploads\/2024\/11\/FELIPE-MEDRANO-DA-LAS-PALABRA-DE-AGRADECIMIENTO-AL-COLECTIVO-SIN-DISTANCIA-300x138.jpeg 300w, https:\/\/diariodominicano.com\/wp-content\/uploads\/2024\/11\/FELIPE-MEDRANO-DA-LAS-PALABRA-DE-AGRADECIMIENTO-AL-COLECTIVO-SIN-DISTANCIA-768x354.jpeg 768w, https:\/\/diariodominicano.com\/wp-content\/uploads\/2024\/11\/FELIPE-MEDRANO-DA-LAS-PALABRA-DE-AGRADECIMIENTO-AL-COLECTIVO-SIN-DISTANCIA-1536x708.jpeg 1536w, https:\/\/diariodominicano.com\/wp-content\/uploads\/2024\/11\/FELIPE-MEDRANO-DA-LAS-PALABRA-DE-AGRADECIMIENTO-AL-COLECTIVO-SIN-DISTANCIA-816x376.jpeg 816w, https:\/\/diariodominicano.com\/wp-content\/uploads\/2024\/11\/FELIPE-MEDRANO-DA-LAS-PALABRA-DE-AGRADECIMIENTO-AL-COLECTIVO-SIN-DISTANCIA.jpeg 1600w\" sizes=\"auto, (max-width: 1024px) 100vw, 1024px\" \/><\/figure>\n\n\n\n<p><strong>Felipe Medrano pronuncia las palabras de agradecimiento.<\/strong><\/p>\n\n\n\n<p>Felipe Medrano culmin\u00f3 la presentaci\u00f3n del Colectivo de Escritores \u201cSin Distancia\u00bb, haciendo una invitaci\u00f3n para que se repita la experiencia y nos visiten ya en otro escenario en la 53 Semana Aniversario Del Club Deportivo y Cultural Villa Faro.<\/p>\n\n\n\n<p>Sucre Juli\u00e1n Barrera<\/p>\n\n\n\n<p>Sucre Juli\u00e1n Barrera (De tus contactos de Google)<\/p>\n\n\n\n<p><a target=\"_blank\" href=\"mailto:sjb.torobravo@gmail.com\" rel=\"noreferrer noopener\">sjb.torobravo@gmail.com<\/a><\/p>\n","protected":false},"excerpt":{"rendered":"<p>Carlos Chevalier y Manuel Santana\u2002dan la bienvenida al Colectivo. . Colectivo de Escritores sin Distancia Santo Domingo Este RD.-\u00a0Lamentamos que estuviera lloviendo tanto, hubo mucha lluvia desde las 6:00 am. Aun as\u00ed la asistencia de p\u00fablico y el calor humano no merm\u00f3 en lo m\u00e1s m\u00ednimo y Villa Faro recibi\u00f3 en grande al Colectivo de [&hellip;]<\/p>\n","protected":false},"author":28,"featured_media":573602,"comment_status":"closed","ping_status":"closed","sticky":true,"template":"","format":"standard","meta":{"footnotes":""},"categories":[21,36,25,27],"tags":[],"class_list":["post-573597","post","type-post","status-publish","format-standard","has-post-thumbnail","hentry","category-cultura","category-hombresmujeresycosas","category-gente","category-portada"],"_links":{"self":[{"href":"https:\/\/diariodominicano.com\/index.php?rest_route=\/wp\/v2\/posts\/573597","targetHints":{"allow":["GET"]}}],"collection":[{"href":"https:\/\/diariodominicano.com\/index.php?rest_route=\/wp\/v2\/posts"}],"about":[{"href":"https:\/\/diariodominicano.com\/index.php?rest_route=\/wp\/v2\/types\/post"}],"author":[{"embeddable":true,"href":"https:\/\/diariodominicano.com\/index.php?rest_route=\/wp\/v2\/users\/28"}],"replies":[{"embeddable":true,"href":"https:\/\/diariodominicano.com\/index.php?rest_route=%2Fwp%2Fv2%2Fcomments&post=573597"}],"version-history":[{"count":6,"href":"https:\/\/diariodominicano.com\/index.php?rest_route=\/wp\/v2\/posts\/573597\/revisions"}],"predecessor-version":[{"id":573620,"href":"https:\/\/diariodominicano.com\/index.php?rest_route=\/wp\/v2\/posts\/573597\/revisions\/573620"}],"wp:featuredmedia":[{"embeddable":true,"href":"https:\/\/diariodominicano.com\/index.php?rest_route=\/wp\/v2\/media\/573602"}],"wp:attachment":[{"href":"https:\/\/diariodominicano.com\/index.php?rest_route=%2Fwp%2Fv2%2Fmedia&parent=573597"}],"wp:term":[{"taxonomy":"category","embeddable":true,"href":"https:\/\/diariodominicano.com\/index.php?rest_route=%2Fwp%2Fv2%2Fcategories&post=573597"},{"taxonomy":"post_tag","embeddable":true,"href":"https:\/\/diariodominicano.com\/index.php?rest_route=%2Fwp%2Fv2%2Ftags&post=573597"}],"curies":[{"name":"wp","href":"https:\/\/api.w.org\/{rel}","templated":true}]}}