{"id":573565,"date":"2024-11-10T23:25:58","date_gmt":"2024-11-11T03:25:58","guid":{"rendered":"https:\/\/diariodominicano.com\/?p=573565"},"modified":"2024-11-10T23:26:01","modified_gmt":"2024-11-11T03:26:01","slug":"autoridades-locales-visitan-las-instalaciones-que-supliran-electricidad-a-las-galeras-samana","status":"publish","type":"post","link":"https:\/\/diariodominicano.com\/?p=573565","title":{"rendered":"Autoridades locales visitan las instalaciones \u00a0que suplir\u00e1n electricidad a Las Galeras, Saman\u00e1"},"content":{"rendered":"\n<p><strong>Las Galeras, Saman\u00e1.-<\/strong>&nbsp;Funcionarios del Distrito Municipal de Las Galeras visitaron las nuevas instalaciones de la Generadora El\u00e9ctrica de Saman\u00e1 (GES), la empresa responsable de suplir la energ\u00eda el\u00e9ctrica que distribuye la Compa\u00f1\u00eda de Luz y Fuerza en este distrito municipal.<\/p>\n\n\n\n<p>La alcaldesa Ana Reyes, y los regidores Lenin King, Jos\u00e9 Armando Almeyda y Yudelka Almeyda, inspeccionaron las instalaciones que albergan los equipos de generaci\u00f3n el\u00e9ctrica que ahora est\u00e1n en La Colmena. Desde el a\u00f1o 1998 se encontraban en el Barrio La Planta, en el centro de la comunidad Las Galeras.<\/p>\n\n\n\n<p>La empresa generadora explic\u00f3 que fue necesario hacer las inversiones necesarias para mudar esos equipos a la zona conocida como La Colmena, ubicada a m\u00e1s de 5 kil\u00f3metros del centro de Las Galeras, porque el crecimiento de la comunidad hizo que el lugar donde estaban instaladas, quedar\u00e1 rodeado de viviendas y el espacio disponible no era suficiente para sumar nuevas generadoras para responder al aumento de la demanda de energ\u00eda el\u00e9ctrica proyectado.<\/p>\n\n\n\n<p>El nuevo centro tiene capacidad para generar 6.6 MW de energ\u00eda el\u00e9ctrica. Adem\u00e1s de las generadoras, que consumen diesel y fuel oil, las instalaciones f\u00edsicas incluyen la primera etapa de un parque de paneles solares que generan aproximadamente 900,000 kwh\/a\u00f1o, propiedad de la empresa Generadora E\u00f3lica de Las Galeras.&nbsp;&nbsp;<\/p>\n\n\n\n<p>Generadora El\u00e9ctrica de Saman\u00e1 explic\u00f3 que invit\u00f3 a las autoridades municipales a inspeccionar sus instalaciones porque \u201cpersonas que responden a intereses particulares que no quieren en La Colmena la presencia continua de personal y veh\u00edculos que son necesarios para la operaci\u00f3n, han desinformado a la comunidad diciendo que se usar\u00e1 carb\u00f3n mineral para alimentar los equipos, combustible que produce alta contaminaci\u00f3n\u201d.<\/p>\n\n\n\n<p>Las autoridades, dice la empresa, \u201cpudieron constatar que las unidades de generaci\u00f3n se alimentan con di\u00e9sel y fuel oil, combustibles de uso extendido en Rep\u00fablica Dominicana, que alimentan los equipos que producen m\u00e1s del 20% de la energ\u00eda que llega a las redes del pa\u00eds\u201d.<\/p>\n\n\n\n<p>GES&nbsp;asegura \u201cque sus operaciones cuentan con los permisos correspondientes y han sido desarrolladas en cumplimiento estricto de las normativas vigentes, es una empresa comprometida con la seguridad y el bienestar de la comunidad donde opera, como ha hecho desde sus inicios en el&nbsp;a\u00f1o 1998\u201d.&nbsp;&nbsp;<\/p>\n\n\n\n<p><strong>Lujan Acevedo<\/strong><\/p>\n\n\n\n<p>Relaciones P\u00fablicas<strong><\/strong><\/p>\n\n\n\n<p><a href=\"mailto:annay@cicom.do\" target=\"_blank\" rel=\"noreferrer noopener\">lujan@cicom.do<\/a><\/p>\n\n\n\n<figure class=\"wp-block-image\"><img decoding=\"async\" src=\"https:\/\/ci3.googleusercontent.com\/mail-sig\/AIorK4wLTJNvd6BUQlO_YZ5w-zo6kbzgMe5mwHVrUtTahcGPt5Qv88QeEdpNR0LaV-P8voL25YeiRQTruZ3q\" alt=\"\"\/><\/figure>\n","protected":false},"excerpt":{"rendered":"<p>Las Galeras, Saman\u00e1.-&nbsp;Funcionarios del Distrito Municipal de Las Galeras visitaron las nuevas instalaciones de la Generadora El\u00e9ctrica de Saman\u00e1 (GES), la empresa responsable de suplir la energ\u00eda el\u00e9ctrica que distribuye la Compa\u00f1\u00eda de Luz y Fuerza en este distrito municipal. La alcaldesa Ana Reyes, y los regidores Lenin King, Jos\u00e9 Armando Almeyda y Yudelka Almeyda, [&hellip;]<\/p>\n","protected":false},"author":28,"featured_media":573566,"comment_status":"closed","ping_status":"closed","sticky":true,"template":"","format":"standard","meta":{"footnotes":""},"categories":[18],"tags":[],"class_list":["post-573565","post","type-post","status-publish","format-standard","has-post-thumbnail","hentry","category-economia"],"_links":{"self":[{"href":"https:\/\/diariodominicano.com\/index.php?rest_route=\/wp\/v2\/posts\/573565","targetHints":{"allow":["GET"]}}],"collection":[{"href":"https:\/\/diariodominicano.com\/index.php?rest_route=\/wp\/v2\/posts"}],"about":[{"href":"https:\/\/diariodominicano.com\/index.php?rest_route=\/wp\/v2\/types\/post"}],"author":[{"embeddable":true,"href":"https:\/\/diariodominicano.com\/index.php?rest_route=\/wp\/v2\/users\/28"}],"replies":[{"embeddable":true,"href":"https:\/\/diariodominicano.com\/index.php?rest_route=%2Fwp%2Fv2%2Fcomments&post=573565"}],"version-history":[{"count":1,"href":"https:\/\/diariodominicano.com\/index.php?rest_route=\/wp\/v2\/posts\/573565\/revisions"}],"predecessor-version":[{"id":573567,"href":"https:\/\/diariodominicano.com\/index.php?rest_route=\/wp\/v2\/posts\/573565\/revisions\/573567"}],"wp:featuredmedia":[{"embeddable":true,"href":"https:\/\/diariodominicano.com\/index.php?rest_route=\/wp\/v2\/media\/573566"}],"wp:attachment":[{"href":"https:\/\/diariodominicano.com\/index.php?rest_route=%2Fwp%2Fv2%2Fmedia&parent=573565"}],"wp:term":[{"taxonomy":"category","embeddable":true,"href":"https:\/\/diariodominicano.com\/index.php?rest_route=%2Fwp%2Fv2%2Fcategories&post=573565"},{"taxonomy":"post_tag","embeddable":true,"href":"https:\/\/diariodominicano.com\/index.php?rest_route=%2Fwp%2Fv2%2Ftags&post=573565"}],"curies":[{"name":"wp","href":"https:\/\/api.w.org\/{rel}","templated":true}]}}