{"id":573520,"date":"2024-11-10T19:07:45","date_gmt":"2024-11-10T23:07:45","guid":{"rendered":"https:\/\/diariodominicano.com\/?p=573520"},"modified":"2024-11-10T19:09:00","modified_gmt":"2024-11-10T23:09:00","slug":"homenaje-en-dominicana-a-revolucionario-de-izquierda-ivan-rodriguez","status":"publish","type":"post","link":"https:\/\/diariodominicano.com\/?p=573520","title":{"rendered":"Homenaje en Dominicana a revolucionario de izquierda Iv\u00e1n Rodr\u00edguez"},"content":{"rendered":"\n<p>Santo Domingo, 10 nov (Prensa Latina) \u201cEn la izquierda y con la izquierda, a la izquierda siempre\u201d, as\u00ed record\u00f3 hoy el pol\u00edtico dominicano Narciso Isa Conde al revolucionario Iv\u00e1n Rodr\u00edguez, en el gran homenaje que sus compa\u00f1eros le hicieron a un a\u00f1o de su deceso.<\/p>\n\n\n\n<ul class=\"wp-block-list\">\n<li><a href=\"https:\/\/www.prensa-latina.cu\/2024\/11\/10\/\"><time>noviembre 10, 2024 | 17:39<\/time><\/a><\/li>\n<\/ul>\n\n\n\n<ul class=\"wp-block-list\">\n<li><a href=\"https:\/\/www.prensa-latina.cu\/2024\/11\/10\/homenaje-en-dominicana-a-revolucionario-de-izquierda-ivan-rodriguez\/#\"><\/a><\/li>\n\n\n\n<li><a href=\"https:\/\/www.prensa-latina.cu\/2024\/11\/10\/homenaje-en-dominicana-a-revolucionario-de-izquierda-ivan-rodriguez\/#\"><\/a><\/li>\n\n\n\n<li><a href=\"https:\/\/www.prensa-latina.cu\/2024\/11\/10\/homenaje-en-dominicana-a-revolucionario-de-izquierda-ivan-rodriguez\/#\"><\/a><\/li>\n\n\n\n<li><a href=\"https:\/\/www.prensa-latina.cu\/2024\/11\/10\/homenaje-en-dominicana-a-revolucionario-de-izquierda-ivan-rodriguez\/#\"><\/a><\/li>\n<\/ul>\n\n\n\n<p>El teatro de la Facultad de Ciencias Econ\u00f3micas y Sociales de la Universidad Aut\u00f3noma de Santo Domingo (UASD), en esta capital, result\u00f3 peque\u00f1o para recordar a quien \u201cnaci\u00f3 en la humildad para nunca dejar de ser humilde\u201d, expres\u00f3 el tambi\u00e9n escritor Isa Conde.<\/p>\n\n\n\n<p>Varios cientos de personas, muchos compa\u00f1eros de militancia procedentes de provincias distantes, se reunieron en la UASD para celebrar la vida de Iv\u00e1n con canciones, discursos, videos y testimonios, y acompa\u00f1ar a su hermosa familia.<\/p>\n\n\n\n<p>Desde temprana edad, Rodr\u00edguez se identific\u00f3 con los procesos revolucionarios de la regi\u00f3n, siendo la Revoluci\u00f3n cubana su principal referencia.<\/p>\n\n\n\n<p>Muy joven se uni\u00f3 a las filas del Movimiento Revolucionario 14 de junio (14J) de oposici\u00f3n a la dictadura de Rafael Le\u00f3nidas Trujillo (1930-1961).<\/p>\n\n\n\n<p>Perseguido por sus ideas revolucionarias, se vio obligado a exiliarse en Puerto Rico y durante la revoluci\u00f3n de abril de 1965 regres\u00f3 a Rep\u00fablica Dominicana para proseguir la lucha.<\/p>\n\n\n\n<p>Fue Comandante de la insurrecci\u00f3n c\u00edvico militar de abril de 1965 para volver al gobierno leg\u00edtimo y constitucional de Juan Bosch (1909-2001).<\/p>\n\n\n\n<p>Defensor de la unidad de las fuerzas progresistas y de izquierda en su pa\u00eds, en los a\u00f1os 70 sufri\u00f3 prisi\u00f3n junto a su esposa de toda la vida, Miriam Rodr\u00edguez. Bajo rejas \u2013 donde permaneci\u00f3 durante tres a\u00f1os-, sufri\u00f3 todo tipo de torturas f\u00edsica y psicol\u00f3gica.<\/p>\n\n\n\n<p>Rodr\u00edguez fund\u00f3 en la d\u00e9cada de los 90 la Campa\u00f1a Dominicana de Solidaridad con Cuba, exigiendo de manera permanente el fin del bloqueo de Estados Unidos contra la naci\u00f3n caribe\u00f1a, junto a otros compa\u00f1eros de militancia.<\/p>\n\n\n\n<p>En representaci\u00f3n de la izquierda dominicana, Conde expres\u00f3: \u00a1Qu\u00e9 importante y trascendente es tratar de ser como Iv\u00e1n! \u00a1Qu\u00e9 importante es militar en la revoluci\u00f3n y en el socialismo!<\/p>\n\n\n\n<p>\u00c9l lo hizo, apunt\u00f3, en el heroico 14 de Junio, en la L\u00ednea Roja, en el Partido de los Trabajadores Dominicanos, en la Uni\u00f3n Patri\u00f3tica Antiimperialista, en la Nueva Alternativa, en su partido Patria para Todos y Todas\u2026<\/p>\n\n\n\n<p>\u00a1Qu\u00e9 valioso es abrazar todas las causas libertarias como \u00e9l! Abrazar solidariamente a China, Cuba, Puerto Rico, Hait\u00ed, Vietnam, Camboya, Nicaragua, El Salvador, Guatemala, Palestina, a los pueblos de \u00c1frica brutalmente colonizada, a los luchadores contra las oprobiosas tiran\u00edas de Nuestra Am\u00e9rica.<\/p>\n\n\n\n<p>Del militante y revolucionario se\u00f1al\u00f3 H\u00e9ctor S\u00e1nchez, secretario general del Partido Patria Para Todos, que Iv\u00e1n vivi\u00f3 convencido de que solo la unidad de las fuerzas revolucionarias podr\u00eda lograr la liberaci\u00f3n de la Rep\u00fablica Dominicana.<\/p>\n\n\n\n<p>Emotivo fue escuchar a su compa\u00f1era de 67 a\u00f1os, Miriam Rodr\u00edguez, con quien form\u00f3 una hermosa familia, ejemplo de nobleza.<\/p>\n\n\n\n<p>Injustamente apresada junto a su esposo, esta valiente mujer, quien junto a \u00e9l sufri\u00f3 y soport\u00f3 la c\u00e1rcel durante varios a\u00f1os, resalt\u00f3 que Iv\u00e1n falleci\u00f3 \u201cluchando hasta sus \u00faltimos d\u00edas por lo que fue su gran ilusi\u00f3n, la unidad de la izquierda\u201d.<\/p>\n\n\n\n<p>Buen esposo, padre ejemplar, Iv\u00e1n siempre inculc\u00f3 a sus hijos que las personas deben ser honestas, tal y como lo fue \u00e9l a lo largo de su vida, decente, desinteresado, respetuoso, expres\u00f3 Miriam acompa\u00f1ada de su familia.<\/p>\n\n\n\n<p>Su integridad como militante y revolucionario le vali\u00f3 a Iv\u00e1n Rodr\u00edguez el respeto y admiraci\u00f3n de los pueblos latinoamericanos y caribe\u00f1os, especialmente del cubano, quien reconoci\u00f3 y agradeci\u00f3 su apoyo incondicional.<\/p>\n\n\n\n<p>Al homenaje al luchador, camarada y combatiente, como se refiri\u00f3 a \u00e9l Isa Conde, asistieron el embajador de Cuba en Rep\u00fablica Dominicana, \u00c1ngel Arzuaga, y otros funcionarios de la misi\u00f3n estatal de ese pa\u00eds; delegaciones de Puerto Rico, la Rep\u00fablica Popular China, Nicaragua y Estados Unidos, entre otros invitados.<\/p>\n\n\n\n<p>Ah\u00ed estaban sus compa\u00f1eros de militancia y otros amigos, pero tambi\u00e9n j\u00f3venes. \u201cLa generaci\u00f3n revolucionaria de Iv\u00e1n, que es la nuestra, dijo Conde, no debe ser objeto de calco o copia para las nuevas generaciones\u201d.<\/p>\n\n\n\n<p>Pero s\u00ed, dijo, referencia de valores \u00e9ticos y pol\u00edticos, de memoria hist\u00f3rica imprescindible para entender el presente.<\/p>\n\n\n\n<p>Fuente, en fin, puntualiz\u00f3, de valiosas experiencias y conocimientos para combatir la oprobiosa dominaci\u00f3n de un capitalismo imperialista que no ha dejado de ser tal, ni menos brutal.<\/p>\n\n\n\n<p>lb\/mpv<\/p>\n\n\n\n<ul class=\"wp-block-list\">\n<li>#<a href=\"https:\/\/www.prensa-latina.cu\/etiqueta\/ivan-rodriguez\/\">Iv\u00e1n Rodr\u00edguez<\/a>\u00a0#<a href=\"https:\/\/www.prensa-latina.cu\/etiqueta\/izquierda\/\">izquierda<\/a>\u00a0#<a href=\"https:\/\/www.prensa-latina.cu\/etiqueta\/revolucionario\/\">revolucionario<\/a>\u2002#H\u00e9ctor S\u00e1nchez<\/li>\n\n\n\n<li>#Narciso Isa Conde<\/li>\n<\/ul>\n","protected":false},"excerpt":{"rendered":"<p>Santo Domingo, 10 nov (Prensa Latina) \u201cEn la izquierda y con la izquierda, a la izquierda siempre\u201d, as\u00ed record\u00f3 hoy el pol\u00edtico dominicano Narciso Isa Conde al revolucionario Iv\u00e1n Rodr\u00edguez, en el gran homenaje que sus compa\u00f1eros le hicieron a un a\u00f1o de su deceso. El teatro de la Facultad de Ciencias Econ\u00f3micas y Sociales [&hellip;]<\/p>\n","protected":false},"author":28,"featured_media":0,"comment_status":"closed","ping_status":"closed","sticky":true,"template":"","format":"standard","meta":{"footnotes":""},"categories":[26,22],"tags":[],"class_list":["post-573520","post","type-post","status-publish","format-standard","hentry","category-efemerides","category-politica"],"_links":{"self":[{"href":"https:\/\/diariodominicano.com\/index.php?rest_route=\/wp\/v2\/posts\/573520","targetHints":{"allow":["GET"]}}],"collection":[{"href":"https:\/\/diariodominicano.com\/index.php?rest_route=\/wp\/v2\/posts"}],"about":[{"href":"https:\/\/diariodominicano.com\/index.php?rest_route=\/wp\/v2\/types\/post"}],"author":[{"embeddable":true,"href":"https:\/\/diariodominicano.com\/index.php?rest_route=\/wp\/v2\/users\/28"}],"replies":[{"embeddable":true,"href":"https:\/\/diariodominicano.com\/index.php?rest_route=%2Fwp%2Fv2%2Fcomments&post=573520"}],"version-history":[{"count":1,"href":"https:\/\/diariodominicano.com\/index.php?rest_route=\/wp\/v2\/posts\/573520\/revisions"}],"predecessor-version":[{"id":573521,"href":"https:\/\/diariodominicano.com\/index.php?rest_route=\/wp\/v2\/posts\/573520\/revisions\/573521"}],"wp:attachment":[{"href":"https:\/\/diariodominicano.com\/index.php?rest_route=%2Fwp%2Fv2%2Fmedia&parent=573520"}],"wp:term":[{"taxonomy":"category","embeddable":true,"href":"https:\/\/diariodominicano.com\/index.php?rest_route=%2Fwp%2Fv2%2Fcategories&post=573520"},{"taxonomy":"post_tag","embeddable":true,"href":"https:\/\/diariodominicano.com\/index.php?rest_route=%2Fwp%2Fv2%2Ftags&post=573520"}],"curies":[{"name":"wp","href":"https:\/\/api.w.org\/{rel}","templated":true}]}}