{"id":573489,"date":"2024-11-10T18:08:37","date_gmt":"2024-11-10T22:08:37","guid":{"rendered":"https:\/\/diariodominicano.com\/?p=573489"},"modified":"2024-11-10T18:08:45","modified_gmt":"2024-11-10T22:08:45","slug":"al-menos-10-muertos-durante-ataque-a-tiros-en-bar-de-mexico","status":"publish","type":"post","link":"https:\/\/diariodominicano.com\/?p=573489","title":{"rendered":"Al menos 10 muertos durante ataque a tiros en bar de M\u00e9xico"},"content":{"rendered":"\n<p>diariodominicano.com<\/p>\n\n\n\n<p>M\u00c9XICO, 10 nov (Xinhua) &#8212; Al menos 10 muertos y siete heridos es el saldo que dej\u00f3 un ataque a tiros ocurrido dentro de un bar ubicado en el estado de Quer\u00e9taro, en el centro de M\u00e9xico, confirmaron hoy domingo fuentes oficiales. De acuerdo con un informe de la Fiscal\u00eda General del Estado (FGE) de Quer\u00e9taro, los hechos tuvieron lugar la noche del s\u00e1bado en el bar \u00abLos Cantaritos\u00bb, cuando cuatro personas armadas abrieron fuego en el lugar, quit\u00e1ndole la vida a siete hombres y tres mujeres. \u00abLlegaron cuatro personas armadas, con armas largas, a bordo de una camioneta, misma que fue identificada y se obtuvieron los n\u00fameros de placas\u00bb, dijo a los periodistas Juan Luis Ferrusca, secretario de Seguridad P\u00fablica del municipio de Quer\u00e9taro, capital del estado del mismo. nombre. Seg\u00fan las autoridades, en el incidente tambi\u00e9n hay siete personas lesionadas, que est\u00e1n siendo atendidas en hospitales cercanos. Tras un operativo de seguridad, se pudo localizar la camioneta en la que transitaban los presuntos responsables en el municipio de \u00abEl Marqu\u00e9s\u00bb, la cual fue incendiada. Hasta el momento, se registra la detenci\u00f3n de una persona por estos hechos. Equipo especializado se encuentra procesando la informaci\u00f3n relacionada con el ataque, concluye la fuente.<\/p>\n","protected":false},"excerpt":{"rendered":"<p>diariodominicano.com M\u00c9XICO, 10 nov (Xinhua) &#8212; Al menos 10 muertos y siete heridos es el saldo que dej\u00f3 un ataque a tiros ocurrido dentro de un bar ubicado en el estado de Quer\u00e9taro, en el centro de M\u00e9xico, confirmaron hoy domingo fuentes oficiales. De acuerdo con un informe de la Fiscal\u00eda General del Estado (FGE) [&hellip;]<\/p>\n","protected":false},"author":5,"featured_media":573501,"comment_status":"closed","ping_status":"closed","sticky":true,"template":"","format":"standard","meta":{"footnotes":""},"categories":[23,27],"tags":[],"class_list":["post-573489","post","type-post","status-publish","format-standard","has-post-thumbnail","hentry","category-internacional","category-portada"],"_links":{"self":[{"href":"https:\/\/diariodominicano.com\/index.php?rest_route=\/wp\/v2\/posts\/573489","targetHints":{"allow":["GET"]}}],"collection":[{"href":"https:\/\/diariodominicano.com\/index.php?rest_route=\/wp\/v2\/posts"}],"about":[{"href":"https:\/\/diariodominicano.com\/index.php?rest_route=\/wp\/v2\/types\/post"}],"author":[{"embeddable":true,"href":"https:\/\/diariodominicano.com\/index.php?rest_route=\/wp\/v2\/users\/5"}],"replies":[{"embeddable":true,"href":"https:\/\/diariodominicano.com\/index.php?rest_route=%2Fwp%2Fv2%2Fcomments&post=573489"}],"version-history":[{"count":1,"href":"https:\/\/diariodominicano.com\/index.php?rest_route=\/wp\/v2\/posts\/573489\/revisions"}],"predecessor-version":[{"id":573502,"href":"https:\/\/diariodominicano.com\/index.php?rest_route=\/wp\/v2\/posts\/573489\/revisions\/573502"}],"wp:featuredmedia":[{"embeddable":true,"href":"https:\/\/diariodominicano.com\/index.php?rest_route=\/wp\/v2\/media\/573501"}],"wp:attachment":[{"href":"https:\/\/diariodominicano.com\/index.php?rest_route=%2Fwp%2Fv2%2Fmedia&parent=573489"}],"wp:term":[{"taxonomy":"category","embeddable":true,"href":"https:\/\/diariodominicano.com\/index.php?rest_route=%2Fwp%2Fv2%2Fcategories&post=573489"},{"taxonomy":"post_tag","embeddable":true,"href":"https:\/\/diariodominicano.com\/index.php?rest_route=%2Fwp%2Fv2%2Ftags&post=573489"}],"curies":[{"name":"wp","href":"https:\/\/api.w.org\/{rel}","templated":true}]}}