{"id":573457,"date":"2024-11-10T16:07:24","date_gmt":"2024-11-10T20:07:24","guid":{"rendered":"https:\/\/diariodominicano.com\/?p=573457"},"modified":"2024-11-10T16:14:06","modified_gmt":"2024-11-10T20:14:06","slug":"sismo-de-67-grados-sacude-provincias-orientales-de-cuba","status":"publish","type":"post","link":"https:\/\/diariodominicano.com\/?p=573457","title":{"rendered":"Sismo de 6,7 grados sacude provincias orientales de Cuba"},"content":{"rendered":"\n<p>diariodominicano.com<\/p>\n\n\n\n<p>LA HABANA, 10 nov (Xinhua) &#8212; Un sismo de 6,7 grados de magnitud en la escalada de Richter sacudi\u00f3 las provincias orientales de Cuba en la ma\u00f1ana de este domingo, inform\u00f3 el Centro Nacional de Investigaciones Sismol\u00f3gicas (CENAIS) de la isla. . Seg\u00fan inform\u00f3 el CENAIS, el temblor ocurri\u00f3 a las 11:49 am (hora local) a 32 kil\u00f3metros al sur de Pil\u00f3n, en la provincia de Granma, a casi 900 kil\u00f3metros de La Habana, y afect\u00f3 a las provincias del oriente cubano. Apenas una hora antes el propio CENAIS hab\u00eda reportado la ocurrencia de otro sismo de seis grados de magnitud, a unos 48 kil\u00f3metros del propio municipio de Pil\u00f3n. Por el momento no se reportan v\u00edctimas ni da\u00f1os materiales, aunque ambos temblores fueron \u00abde larga duraci\u00f3n\u00bb y \u00abmuy perceptibles\u00bb en el litoral sur oriental del archipi\u00e9lago nacional, dijo el CENAIS. Algunos residentes de la provincia de Granma dijeron a la prensa local que el sismo se sent\u00eda \u00abfuerte\u00bb, mientras llegan informes similares de provincias aleda\u00f1as. El CENAIS precis\u00f3 que adem\u00e1s de los informes de perceptibilidad en todas las provincias del oriente de Cuba, tambi\u00e9n se sintieron los efectos de los temblores en Camag\u00fcey y Ciego de \u00c1vila, en el centro del pa\u00eds. Las r\u00e9plicas contin\u00faan percibi\u00e9ndose en los nueve municipios de la provincia oriental de Santiago de Cuba y en los de Granma, donde se detectan los epicentros.<\/p>\n","protected":false},"excerpt":{"rendered":"<p>diariodominicano.com LA HABANA, 10 nov (Xinhua) &#8212; Un sismo de 6,7 grados de magnitud en la escalada de Richter sacudi\u00f3 las provincias orientales de Cuba en la ma\u00f1ana de este domingo, inform\u00f3 el Centro Nacional de Investigaciones Sismol\u00f3gicas (CENAIS) de la isla. . Seg\u00fan inform\u00f3 el CENAIS, el temblor ocurri\u00f3 a las 11:49 am (hora [&hellip;]<\/p>\n","protected":false},"author":5,"featured_media":573459,"comment_status":"closed","ping_status":"closed","sticky":true,"template":"","format":"standard","meta":{"footnotes":""},"categories":[23,27],"tags":[],"class_list":["post-573457","post","type-post","status-publish","format-standard","has-post-thumbnail","hentry","category-internacional","category-portada"],"_links":{"self":[{"href":"https:\/\/diariodominicano.com\/index.php?rest_route=\/wp\/v2\/posts\/573457","targetHints":{"allow":["GET"]}}],"collection":[{"href":"https:\/\/diariodominicano.com\/index.php?rest_route=\/wp\/v2\/posts"}],"about":[{"href":"https:\/\/diariodominicano.com\/index.php?rest_route=\/wp\/v2\/types\/post"}],"author":[{"embeddable":true,"href":"https:\/\/diariodominicano.com\/index.php?rest_route=\/wp\/v2\/users\/5"}],"replies":[{"embeddable":true,"href":"https:\/\/diariodominicano.com\/index.php?rest_route=%2Fwp%2Fv2%2Fcomments&post=573457"}],"version-history":[{"count":1,"href":"https:\/\/diariodominicano.com\/index.php?rest_route=\/wp\/v2\/posts\/573457\/revisions"}],"predecessor-version":[{"id":573458,"href":"https:\/\/diariodominicano.com\/index.php?rest_route=\/wp\/v2\/posts\/573457\/revisions\/573458"}],"wp:featuredmedia":[{"embeddable":true,"href":"https:\/\/diariodominicano.com\/index.php?rest_route=\/wp\/v2\/media\/573459"}],"wp:attachment":[{"href":"https:\/\/diariodominicano.com\/index.php?rest_route=%2Fwp%2Fv2%2Fmedia&parent=573457"}],"wp:term":[{"taxonomy":"category","embeddable":true,"href":"https:\/\/diariodominicano.com\/index.php?rest_route=%2Fwp%2Fv2%2Fcategories&post=573457"},{"taxonomy":"post_tag","embeddable":true,"href":"https:\/\/diariodominicano.com\/index.php?rest_route=%2Fwp%2Fv2%2Ftags&post=573457"}],"curies":[{"name":"wp","href":"https:\/\/api.w.org\/{rel}","templated":true}]}}