{"id":573332,"date":"2024-11-09T23:19:38","date_gmt":"2024-11-10T03:19:38","guid":{"rendered":"https:\/\/diariodominicano.com\/?p=573332"},"modified":"2024-11-09T23:19:40","modified_gmt":"2024-11-10T03:19:40","slug":"artista-cubano-dray-viene-de-gira-a-rd","status":"publish","type":"post","link":"https:\/\/diariodominicano.com\/?p=573332","title":{"rendered":"Artista cubano\u00a0 Dray viene de gira a\u00a0 RD"},"content":{"rendered":"\n<p>El Dray<\/p>\n\n\n\n<p>Santo Domingo DN&nbsp; _ El Dray, el nuevo fen\u00f3meno de la m\u00fasica urbana cubana, ha capturado la atenci\u00f3n de audiencias tanto en su pa\u00eds natal como en el extranjero. Nacido en Alamar, La Habana, en 2003, este talentoso artista, cuyo nombre real es Drayoan Linares, se ha destacado en el movimiento conocido como \u00abreparto\u00bb, una fusi\u00f3n de g\u00e9neros que incluye elementos de salsa, rap y jazz.<\/p>\n\n\n\n<figure class=\"wp-block-image size-large\"><img loading=\"lazy\" decoding=\"async\" width=\"683\" height=\"1024\" src=\"https:\/\/diariodominicano.com\/wp-content\/uploads\/2024\/11\/Dray-3-683x1024.jpeg\" alt=\"\" class=\"wp-image-573334\" srcset=\"https:\/\/diariodominicano.com\/wp-content\/uploads\/2024\/11\/Dray-3-683x1024.jpeg 683w, https:\/\/diariodominicano.com\/wp-content\/uploads\/2024\/11\/Dray-3-200x300.jpeg 200w, https:\/\/diariodominicano.com\/wp-content\/uploads\/2024\/11\/Dray-3-768x1152.jpeg 768w, https:\/\/diariodominicano.com\/wp-content\/uploads\/2024\/11\/Dray-3-1024x1536.jpeg 1024w, https:\/\/diariodominicano.com\/wp-content\/uploads\/2024\/11\/Dray-3-816x1224.jpeg 816w, https:\/\/diariodominicano.com\/wp-content\/uploads\/2024\/11\/Dray-3.jpeg 1067w\" sizes=\"auto, (max-width: 683px) 100vw, 683px\" \/><\/figure>\n\n\n\n<p>El Dray se dio a conocer con su tema debut \u00abTu pel\u00edcula\u00bb, que r\u00e1pidamente alcanz\u00f3 casi diez millones de reproducciones en YouTube. Desde entonces, ha lanzado \u00e9xitos como \u00abEl ciclista\u00bb, \u00abNo se te descarga\u00bb y \u00abEl vidente\u00bb, consolid\u00e1ndose como una de las voces m\u00e1s prometedoras de la m\u00fasica urbana cubana14. A pesar de sus compromisos con el servicio militar obligatorio, su carisma y habilidad vocal le han permitido conquistar un p\u00fablico creciente1.<\/p>\n\n\n\n<p>Artistas reconocidos como Alexander Delgado de Gente de Zona han elogiado su talento, describi\u00e9ndolo como el futuro de la m\u00fasica cubana. Delgado ha destacado su capacidad para mezclar g\u00e9neros y su impresionante registro vocal, afirmando que El Dray est\u00e1 \u00aba otro nivel art\u00edsticamente\u00bb1. Este reconocimiento no solo proviene de sus pares en Cuba; tambi\u00e9n ha logrado establecer una s\u00f3lida base de fan\u00e1ticos en Per\u00fa, donde actualmente se encuentra de gira1.<\/p>\n\n\n\n<figure class=\"wp-block-image size-full\"><img loading=\"lazy\" decoding=\"async\" width=\"1000\" height=\"1000\" src=\"https:\/\/diariodominicano.com\/wp-content\/uploads\/2024\/11\/Dray.jpeg\" alt=\"\" class=\"wp-image-573335\" srcset=\"https:\/\/diariodominicano.com\/wp-content\/uploads\/2024\/11\/Dray.jpeg 1000w, https:\/\/diariodominicano.com\/wp-content\/uploads\/2024\/11\/Dray-300x300.jpeg 300w, https:\/\/diariodominicano.com\/wp-content\/uploads\/2024\/11\/Dray-150x150.jpeg 150w, https:\/\/diariodominicano.com\/wp-content\/uploads\/2024\/11\/Dray-768x768.jpeg 768w, https:\/\/diariodominicano.com\/wp-content\/uploads\/2024\/11\/Dray-88x88.jpeg 88w, https:\/\/diariodominicano.com\/wp-content\/uploads\/2024\/11\/Dray-816x816.jpeg 816w\" sizes=\"auto, (max-width: 1000px) 100vw, 1000px\" \/><\/figure>\n\n\n\n<p>Uno de los aspectos m\u00e1s distintivos del estilo de El Dray es su habilidad para fusionar diferentes g\u00e9neros musicales. Su tema \u00abEl ciclista\u00bb es un claro ejemplo, combinando su caracter\u00edstico reparto con ritmos pegajosos de salsa y rap. Adem\u00e1s, su canci\u00f3n \u00abEl vidente\u00bb muestra una mezcla \u00fanica de piano y percusi\u00f3n cubana, complementada por un solo de guitarra el\u00e9ctrica que a\u00f1ade frescura a su sonido.<\/p>\n\n\n\n<p>Con solo 20 a\u00f1os, El Dray ya ha dejado una huella significativa en la escena musical cubana y parece estar destinado a convertirse en uno de los grandes nombres del g\u00e9nero urbano en los pr\u00f3ximos a\u00f1os.&#8211;<\/p>\n\n\n\n<p><strong>Liliana Solano de la Cruz<\/strong><\/p>\n\n\n\n<p><strong>CEO DE Inpublik Media Group<\/strong><\/p>\n\n\n\n<p><strong>Coordinadora de prensa de la OCABID<\/strong><\/p>\n\n\n\n<p><strong>Phone Number:<\/strong>&nbsp;1-(809)-941-2525<\/p>\n\n\n\n<p><strong>Desk:<\/strong>&nbsp;(809)-908-7055<\/p>\n\n\n\n<p><strong>Instagram &amp; Facebook:<\/strong>&nbsp;@InpublikMediaGroup<\/p>\n\n\n\n<p><a href=\"mailto:inpublikmediagroup@gmail.com\" target=\"_blank\" rel=\"noreferrer noopener\">inpublikmediagroup@gmail.com<\/a><\/p>\n\n\n\n<p><a href=\"http:\/\/www.inpublikmediagroup.com\/\" target=\"_blank\" rel=\"noreferrer noopener\">www.inpublikmediagroup.com<\/a><\/p>\n","protected":false},"excerpt":{"rendered":"<p>El Dray Santo Domingo DN&nbsp; _ El Dray, el nuevo fen\u00f3meno de la m\u00fasica urbana cubana, ha capturado la atenci\u00f3n de audiencias tanto en su pa\u00eds natal como en el extranjero. Nacido en Alamar, La Habana, en 2003, este talentoso artista, cuyo nombre real es Drayoan Linares, se ha destacado en el movimiento conocido como [&hellip;]<\/p>\n","protected":false},"author":28,"featured_media":573333,"comment_status":"closed","ping_status":"closed","sticky":true,"template":"","format":"standard","meta":{"footnotes":""},"categories":[25],"tags":[],"class_list":["post-573332","post","type-post","status-publish","format-standard","has-post-thumbnail","hentry","category-gente"],"_links":{"self":[{"href":"https:\/\/diariodominicano.com\/index.php?rest_route=\/wp\/v2\/posts\/573332","targetHints":{"allow":["GET"]}}],"collection":[{"href":"https:\/\/diariodominicano.com\/index.php?rest_route=\/wp\/v2\/posts"}],"about":[{"href":"https:\/\/diariodominicano.com\/index.php?rest_route=\/wp\/v2\/types\/post"}],"author":[{"embeddable":true,"href":"https:\/\/diariodominicano.com\/index.php?rest_route=\/wp\/v2\/users\/28"}],"replies":[{"embeddable":true,"href":"https:\/\/diariodominicano.com\/index.php?rest_route=%2Fwp%2Fv2%2Fcomments&post=573332"}],"version-history":[{"count":1,"href":"https:\/\/diariodominicano.com\/index.php?rest_route=\/wp\/v2\/posts\/573332\/revisions"}],"predecessor-version":[{"id":573336,"href":"https:\/\/diariodominicano.com\/index.php?rest_route=\/wp\/v2\/posts\/573332\/revisions\/573336"}],"wp:featuredmedia":[{"embeddable":true,"href":"https:\/\/diariodominicano.com\/index.php?rest_route=\/wp\/v2\/media\/573333"}],"wp:attachment":[{"href":"https:\/\/diariodominicano.com\/index.php?rest_route=%2Fwp%2Fv2%2Fmedia&parent=573332"}],"wp:term":[{"taxonomy":"category","embeddable":true,"href":"https:\/\/diariodominicano.com\/index.php?rest_route=%2Fwp%2Fv2%2Fcategories&post=573332"},{"taxonomy":"post_tag","embeddable":true,"href":"https:\/\/diariodominicano.com\/index.php?rest_route=%2Fwp%2Fv2%2Ftags&post=573332"}],"curies":[{"name":"wp","href":"https:\/\/api.w.org\/{rel}","templated":true}]}}