{"id":573224,"date":"2024-11-09T16:33:47","date_gmt":"2024-11-09T20:33:47","guid":{"rendered":"https:\/\/diariodominicano.com\/?p=573224"},"modified":"2024-11-09T21:03:27","modified_gmt":"2024-11-10T01:03:27","slug":"edeeste-fortalece-infraestructura-electrica-en-los-mina-con-instalacion-de-nuevo-transformador-de-50-mva","status":"publish","type":"post","link":"https:\/\/diariodominicano.com\/?p=573224","title":{"rendered":"EDEEste comunica fortalece infraestructura el\u00e9ctrica en Los Mina con instalaci\u00f3n de nuevo transformador de 50 MVA"},"content":{"rendered":"\n<p><strong><em><strong><em>Inform\u00f3 la  inversi\u00f3n asciende a  170 millones de pesos para el beneficio de m\u00e1s de 108 mil familias<\/em><\/strong><\/em><\/strong><strong>.<\/strong><\/p>\n\n\n\n<p><strong>Santo Domingo Este, 9 de noviembre de 2024<\/strong>\u00a0\u2013 La Empresa Distribuidora de Electricidad del Este (EDEEste) anunci\u00f3 el s\u00e1bado\u2002que contin\u00faa su compromiso de mejorar la calidad del servicio el\u00e9ctrico en Santo Domingo Este con la instalaci\u00f3n de un transformador de 50 MVA en la Subestaci\u00f3n de Los Mina.<\/p>\n\n\n\n<p>En un comunicado de prensa dice  Este esfuerzo, que incluye la incorporaci\u00f3n de un moderno contenedor de celdas de Media Tensi\u00f3n, permitir\u00e1 resolver la sobrecarga en los transformadores y en la red, reforzando as\u00ed la infraestructura el\u00e9ctrica de la zona.<\/p>\n\n\n\n<p>Se\u00f1ala que la  instalaci\u00f3n del transformador es parte de los esfuerzos de EDEEste por actualizar y optimizar su red, permitiendo atender de manera eficiente el crecimiento de la demanda energ\u00e9tica en la regi\u00f3n.<\/p>\n\n\n\n<figure class=\"wp-block-gallery has-nested-images columns-default is-cropped wp-block-gallery-1 is-layout-flex wp-block-gallery-is-layout-flex\">\n<figure class=\"wp-block-image size-large\"><img loading=\"lazy\" decoding=\"async\" width=\"1024\" height=\"683\" data-id=\"573295\" src=\"https:\/\/diariodominicano.com\/wp-content\/uploads\/2024\/11\/EDEEste-fortalece-infraestructura-electrica-en-Los-Mina-con-instalacion-nuevo-transformador-de-50-MVA-1024x683.jpeg\" alt=\"\" class=\"wp-image-573295\" srcset=\"https:\/\/diariodominicano.com\/wp-content\/uploads\/2024\/11\/EDEEste-fortalece-infraestructura-electrica-en-Los-Mina-con-instalacion-nuevo-transformador-de-50-MVA-1024x683.jpeg 1024w, https:\/\/diariodominicano.com\/wp-content\/uploads\/2024\/11\/EDEEste-fortalece-infraestructura-electrica-en-Los-Mina-con-instalacion-nuevo-transformador-de-50-MVA-300x200.jpeg 300w, https:\/\/diariodominicano.com\/wp-content\/uploads\/2024\/11\/EDEEste-fortalece-infraestructura-electrica-en-Los-Mina-con-instalacion-nuevo-transformador-de-50-MVA-768x512.jpeg 768w, https:\/\/diariodominicano.com\/wp-content\/uploads\/2024\/11\/EDEEste-fortalece-infraestructura-electrica-en-Los-Mina-con-instalacion-nuevo-transformador-de-50-MVA-816x544.jpeg 816w, https:\/\/diariodominicano.com\/wp-content\/uploads\/2024\/11\/EDEEste-fortalece-infraestructura-electrica-en-Los-Mina-con-instalacion-nuevo-transformador-de-50-MVA.jpeg 1280w\" sizes=\"auto, (max-width: 1024px) 100vw, 1024px\" \/><\/figure>\n<\/figure>\n\n\n\n<p>Con esta obra, la potencia total de la subestaci\u00f3n aumentar\u00e1 a 150 MVA, gracias a la operaci\u00f3n conjunta de tres transformadores de 50 MVA cada uno. Esta expansi\u00f3n en la capacidad instalada permitir\u00e1 un suministro el\u00e9ctrico m\u00e1s robusto y eficiente, optimizando la respuesta a las demandas actuales y futuras de energ\u00eda en esta localidad, explica en su comunicado de prensa.<\/p>\n\n\n\n<p>La inversi\u00f3n de RD$170 millones en este proyecto beneficiar\u00e1 a 108,890 familias en Santo Domingo Este, residentes en sectores como: Alma Rosa I y II, Villa Faro, El Rosal, Ensanche Ozama, Urb. Italia, Nuevo Sol Naciente, INVI Los Mina, Las Palmas de Alma Rosa, Mi Hogar, Las Am\u00e9ricas, San Lorenzo, Los Mina Viejo, Los Tres Brazos, entre otros, quienes se ver\u00e1n beneficiados con un servicio m\u00e1s estable y seguro.<\/p>\n\n\n\n<figure class=\"wp-block-gallery has-nested-images columns-default is-cropped wp-block-gallery-2 is-layout-flex wp-block-gallery-is-layout-flex\">\n<figure class=\"wp-block-image size-large\"><img loading=\"lazy\" decoding=\"async\" width=\"1024\" height=\"683\" data-id=\"573294\" src=\"https:\/\/diariodominicano.com\/wp-content\/uploads\/2024\/11\/EDEEste-fortalece-infraestructura-electrica-en-Los-Mina-con-instalacion-de-nuevo-transformador-de-50-MVA-1024x683.jpeg\" alt=\"\" class=\"wp-image-573294\" srcset=\"https:\/\/diariodominicano.com\/wp-content\/uploads\/2024\/11\/EDEEste-fortalece-infraestructura-electrica-en-Los-Mina-con-instalacion-de-nuevo-transformador-de-50-MVA-1024x683.jpeg 1024w, https:\/\/diariodominicano.com\/wp-content\/uploads\/2024\/11\/EDEEste-fortalece-infraestructura-electrica-en-Los-Mina-con-instalacion-de-nuevo-transformador-de-50-MVA-300x200.jpeg 300w, https:\/\/diariodominicano.com\/wp-content\/uploads\/2024\/11\/EDEEste-fortalece-infraestructura-electrica-en-Los-Mina-con-instalacion-de-nuevo-transformador-de-50-MVA-768x512.jpeg 768w, https:\/\/diariodominicano.com\/wp-content\/uploads\/2024\/11\/EDEEste-fortalece-infraestructura-electrica-en-Los-Mina-con-instalacion-de-nuevo-transformador-de-50-MVA-816x544.jpeg 816w, https:\/\/diariodominicano.com\/wp-content\/uploads\/2024\/11\/EDEEste-fortalece-infraestructura-electrica-en-Los-Mina-con-instalacion-de-nuevo-transformador-de-50-MVA.jpeg 1280w\" sizes=\"auto, (max-width: 1024px) 100vw, 1024px\" \/><\/figure>\n<\/figure>\n\n\n\n<p>\u00abEste ambicioso programa de inversi\u00f3n en infraestructuras el\u00e9ctricas es posible gracias al compromiso asumido por el presidente Luis Abinader y a las gestiones del Consejo Unificado de las EDEs, encabezado por el Lic. Celso Marranzini. Bajo esta direcci\u00f3n, EDE Este ha intensificado sus esfuerzos para modernizar la red el\u00e9ctrica y mejorar la calidad de vida de miles de dominicanos\u00bb.<\/p>\n\n\n\n<p>Destaca Este tipo de proyectos reafirma el compromiso de EDEEste de brindar un servicio de calidad a sus clientes, buscando soluciones innovadoras para fortalecer la infraestructura el\u00e9ctrica y asegurar la continuidad y estabilidad del suministro en sus \u00e1reas de influencia.<\/p>\n\n\n\n<p>EDEEste indica que solo mediante el cumplimiento de las obligaciones con el servicio el\u00e9ctrico podremos asegurar la sostenibilidad de estas obras que buscan el bienestar y progreso de nuestras comunidades, por lo que.hace un llamado a la ciudadan\u00eda para que todo aquel que no tiene contrato y hace uso de la energ\u00eda, regularice sus servicios el\u00e9ctricos y contribuya al fortalecimiento de estos proyectos.<\/p>\n\n\n\n<p>Con informaci\u00f3n del Grupo <strong>EDEEste <\/strong><\/p>\n","protected":false},"excerpt":{"rendered":"<p>Inform\u00f3 la inversi\u00f3n asciende a 170 millones de pesos para el beneficio de m\u00e1s de 108 mil familias. Santo Domingo Este, 9 de noviembre de 2024\u00a0\u2013 La Empresa Distribuidora de Electricidad del Este (EDEEste) anunci\u00f3 el s\u00e1bado\u2002que contin\u00faa su compromiso de mejorar la calidad del servicio el\u00e9ctrico en Santo Domingo Este con la instalaci\u00f3n de [&hellip;]<\/p>\n","protected":false},"author":7,"featured_media":573296,"comment_status":"closed","ping_status":"closed","sticky":true,"template":"","format":"standard","meta":{"footnotes":""},"categories":[18],"tags":[751,788],"class_list":["post-573224","post","type-post","status-publish","format-standard","has-post-thumbnail","hentry","category-economia","tag-edeeste","tag-los-mina"],"_links":{"self":[{"href":"https:\/\/diariodominicano.com\/index.php?rest_route=\/wp\/v2\/posts\/573224","targetHints":{"allow":["GET"]}}],"collection":[{"href":"https:\/\/diariodominicano.com\/index.php?rest_route=\/wp\/v2\/posts"}],"about":[{"href":"https:\/\/diariodominicano.com\/index.php?rest_route=\/wp\/v2\/types\/post"}],"author":[{"embeddable":true,"href":"https:\/\/diariodominicano.com\/index.php?rest_route=\/wp\/v2\/users\/7"}],"replies":[{"embeddable":true,"href":"https:\/\/diariodominicano.com\/index.php?rest_route=%2Fwp%2Fv2%2Fcomments&post=573224"}],"version-history":[{"count":3,"href":"https:\/\/diariodominicano.com\/index.php?rest_route=\/wp\/v2\/posts\/573224\/revisions"}],"predecessor-version":[{"id":573301,"href":"https:\/\/diariodominicano.com\/index.php?rest_route=\/wp\/v2\/posts\/573224\/revisions\/573301"}],"wp:featuredmedia":[{"embeddable":true,"href":"https:\/\/diariodominicano.com\/index.php?rest_route=\/wp\/v2\/media\/573296"}],"wp:attachment":[{"href":"https:\/\/diariodominicano.com\/index.php?rest_route=%2Fwp%2Fv2%2Fmedia&parent=573224"}],"wp:term":[{"taxonomy":"category","embeddable":true,"href":"https:\/\/diariodominicano.com\/index.php?rest_route=%2Fwp%2Fv2%2Fcategories&post=573224"},{"taxonomy":"post_tag","embeddable":true,"href":"https:\/\/diariodominicano.com\/index.php?rest_route=%2Fwp%2Fv2%2Ftags&post=573224"}],"curies":[{"name":"wp","href":"https:\/\/api.w.org\/{rel}","templated":true}]}}