{"id":573214,"date":"2024-11-09T11:55:54","date_gmt":"2024-11-09T15:55:54","guid":{"rendered":"https:\/\/diariodominicano.com\/?p=573214"},"modified":"2024-11-09T11:58:36","modified_gmt":"2024-11-09T15:58:36","slug":"excombatientes-de-las-farc-se-reconcilian-con-colombia-produciendo-buen-cafe","status":"publish","type":"post","link":"https:\/\/diariodominicano.com\/?p=573214","title":{"rendered":"Excombatientes de las FARC se reconcilian con Colombia produciendo buen caf\u00e9"},"content":{"rendered":"\n<p>Faiber Trujillo, en una vitrina de exposici\u00f3n con las marcas de caf\u00e9 elaboradas en la trilladora del ETCR El Oso en Gaitania, Planadas, Tolima, el 1 de noviembre de 2024. [Javier Hern\u00e1ndez, VOA]<\/p>\n\n\n\n<p>noviembre 09, 2024<\/p>\n\n\n\n<ul class=\"wp-block-list\">\n<li><a href=\"https:\/\/www.vozdeamerica.com\/author\/liz-castrellon\/ruvvt\">Liz Castrell\u00f3n<\/a><\/li>\n<\/ul>\n\n\n\n<ul class=\"wp-block-list\">\n<li><a href=\"https:\/\/facebook.com\/sharer.php?u=https%3a%2f%2fwww.vozdeamerica.com%2fa%2ftercer-acuerdo-cafe-excombatientes-farc-cosecha-paz-%2f7857601.html\" target=\"_blank\" rel=\"noreferrer noopener\"><\/a><\/li>\n\n\n\n<li><a href=\"https:\/\/twitter.com\/share?url=https%3a%2f%2fwww.vozdeamerica.com%2fa%2ftercer-acuerdo-cafe-excombatientes-farc-cosecha-paz-%2f7857601.html&amp;text=Excombatientes+de+las+FARC+se+reconcilian+con+Colombia+produciendo+buen+caf%c3%a9\" target=\"_blank\" rel=\"noreferrer noopener\"><\/a><\/li>\n\n\n\n<li><\/li>\n\n\n\n<li><a href=\"mailto:?body=https%3a%2f%2fwww.vozdeamerica.com%2fa%2ftercer-acuerdo-cafe-excombatientes-farc-cosecha-paz-%2f7857601.html&amp;subject=Excombatientes%20de%20las%20FARC%20se%20reconcilian%20con%20Colombia%20produciendo%20buen%20caf%C3%A9\"><\/a><\/li>\n<\/ul>\n\n\n\n<p><a href=\"https:\/\/www.vozdeamerica.com\/a\/tercer-acuerdo-cafe-excombatientes-farc-cosecha-paz-\/7857601.html#comments\">&nbsp;Vea comentarios<\/a><\/p>\n\n\n\n<p>Exguerrilleros de las FARC apuestan por la reconciliaci\u00f3n y esperanza a trav\u00e9s del caf\u00e9 que producen en Tolima, localidad ubicada en el centro de Colombia y considerada la cuna del grupo insurgente hace 60 a\u00f1os.<\/p>\n\n\n\n<p>Tolima, Colombia \u2014&nbsp;<\/p>\n\n\n\n<p>Con una peque\u00f1a m\u00e1quina trilladora, exguerrilleros de las extintas Fuerzas Armadas Revolucionarias de Colombia (FARC) y v\u00edctimas del conflicto armado que asol\u00f3 la naci\u00f3n colombiana por m\u00e1s de medio siglo, producen uno de los mejores caf\u00e9s especiales del pa\u00eds, y lo hacen en el mismo lugar donde naci\u00f3 ese grupo insurgente hace m\u00e1s de seis d\u00e9cadas.<\/p>\n\n\n\n<p>Al frente de la trilladora donde se produce el caf\u00e9 org\u00e1nico \u201cEl Tercer Acuerdo\u201d est\u00e1 Faiber Trujillo, uno de los m\u00e1s de 13.000 firmantes de paz que en 2016 dejaron las armas de las FARC y se sumaron&nbsp;<em><strong><a href=\"https:\/\/www.vozdeamerica.com\/a\/cinco-anos-acuerdo-paz-colombia-logros-fallas-balance\/6326038.html\" target=\"_blank\" rel=\"noreferrer noopener\">a un pacto con el gobierno colombiano<\/a><\/strong><\/em>&nbsp;para reincorporarse a la sociedad civil.<\/p>\n\n\n\n<p>El nombre de \u201cEl Tercer Acuerdo\u201d es en honor al pacto de paz firmado en 1996 entre el pueblo ind\u00edgena nasa y las extintas FARC para la convivencia pac\u00edfica en las comunidades que rodean Marquetalia, el caser\u00edo donde naci\u00f3 el grupo rebelde en el departamento del Tolima en 1964.<\/p>\n\n\n\n<p><video poster=\"https:\/\/gdb.voanews.com\/12b5e0b2-c789-4cb1-9999-359bb0c288d4_tv_w650_r1.jpg\" src=\"blob:https:\/\/www.vozdeamerica.com\/ed2464f4-8c8f-4d09-a9c6-5e10e04a8b26\" height=\"381\" width=\"676\"><\/video><\/p>\n\n\n\n<h5 class=\"wp-block-heading\"><a href=\"https:\/\/www.vozdeamerica.com\/a\/tercer-acuerdo-cafe-excombatientes-farc-cosecha-paz-\/7857635.html\" target=\"_blank\" rel=\"noreferrer noopener\">Cuna de las FARC en Colombia quiere dar ejemplo y ahora produce buen caf\u00e9<\/a><\/h5>\n\n\n\n<p>\u00a0<\/p>\n\n\n\n<ul class=\"wp-block-list\">\n<li><a href=\"https:\/\/facebook.com\/sharer.php?u=https%3a%2f%2fwww.vozdeamerica.com%2fa%2f7857635.html\" target=\"_blank\" rel=\"noreferrer noopener\">Comparta en Facebook<\/a><\/li>\n\n\n\n<li><a href=\"https:\/\/twitter.com\/share?url=https%3a%2f%2fwww.vozdeamerica.com%2fa%2f7857635.html&amp;text=Cuna+de+las+FARC+en+Colombia+quiere+dar+ejemplo+y+ahora+produce+buen+caf%c3%a9\" target=\"_blank\" rel=\"noreferrer noopener\">Comparta en Twitter<\/a><\/li>\n<\/ul>\n\n\n\n<hr class=\"wp-block-separator has-alpha-channel-opacity\"\/>\n\n\n\n<p><a href=\"https:\/\/www.vozdeamerica.com\/embed\/player\/Article\/7857635.html?type=video&amp;FullScreenMode=True\" target=\"_blank\" rel=\"noreferrer noopener\"><\/a><\/p>\n\n\n\n<p>&nbsp;Descargar&nbsp;<\/p>\n\n\n\n<p>\u201cCuando se firm\u00f3 el acuerdo de paz en 2016, nos dieron ocho millones de pesos (1.850 d\u00f3lares) para montar un negocio, pero eso no era mucho, as\u00ed que nos asociamos un grupo de excombatientes y montamos una cooperativa para producir caf\u00e9\u201d, cont\u00f3 a la&nbsp;<em><strong>Voz de Am\u00e9rica<\/strong><\/em>&nbsp;Trujillo, quien estuvo 16 a\u00f1os en las FARC, convertido ahora en el partido Comunes.<\/p>\n\n\n\n<p>\u201cNo sab\u00edamos c\u00f3mo \u00edbamos a llamar la marca de caf\u00e9; evaluamos varios nombres y decidimos llamarlo El Tercer Acuerdo porque representaba la historia del acuerdo de paz entre las FARC y las comunidades ind\u00edgenas de Gaitania\u201d, agrega el excombatiente, quien aprendi\u00f3 los secretos para producir caf\u00e9 de alta calidad gracias a la capacitaci\u00f3n recibida tras la firma de la paz.<\/p>\n\n\n\n<h3 class=\"wp-block-heading\">El caf\u00e9 integr\u00f3 a la comunidad<\/h3>\n\n\n\n<p>El cultivo del caf\u00e9 en la zona de Gaitania, ubicada en el municipio de Planadas, ha integrado a las v\u00edctimas, comunidades ind\u00edgenas y excombatientes, quienes han aprovechado los espacios que antes eran disputados en la guerra, para producir un caf\u00e9 reconocido mundialmente por su calidad, aroma y sabor.<\/p>\n\n\n\n<p>\u201cLas familias no pod\u00edan cultivar porque estaban constantemente a la expectativa de ataques debido a las disputas armadas. Con la firma del acuerdo de paz, inici\u00f3 el desarrollo, y hoy Planadas es un municipio que, en medio del conflicto, fue resiliente y ahora es experto en producir caf\u00e9 de calidad\u201d, explic\u00f3 a la<strong><em>&nbsp;VOA<\/em><\/strong>&nbsp;Juan Camilo Hueje, alcalde de Planadas.<\/p>\n\n\n\n<figure class=\"wp-block-image\"><a href=\"https:\/\/www.vozdeamerica.com\/a\/tercer-acuerdo-cafe-excombatientes-farc-colombia-\/7857611.html\"><img decoding=\"async\" src=\"https:\/\/gdb.voanews.com\/4b402094-5e81-413e-822b-e72e3032eea9_w650_r1_s.jpg\" alt=\"En Fotos | Excombatientes de las FARC producen buen caf\u00e9 en apuesta por la paz\"\/><\/a><figcaption class=\"wp-element-caption\">Galer\u00eda de fotosEn Fotos | Excombatientes de las FARC producen buen caf\u00e9 en apuesta por la paz<\/figcaption><\/figure>\n\n\n\n<p>Cada bolsa de caf\u00e9 tiene un costo de 45.000 pesos colombianos (unos 11 d\u00f3lares). Para sus cultivadores, ahora \u201cla guerra ahora es con el caf\u00e9, en el sentido de saberlo cosechar y procesar para que de esta planta salga el mejor caf\u00e9\u201d, seg\u00fan Faiber Trujillo.<\/p>\n\n\n\n<p>En los m\u00e1s de dos a\u00f1os de funcionamiento de la trilladora, han empaquetado caf\u00e9 de diferentes marcas, incluida \u201cMarquetalia\u201d. Tambi\u00e9n procesan granos de marcas pertenecientes a campesinos de la zona.<\/p>\n\n\n\n<p>\u201cTodo nuestro caf\u00e9 es procesado y cosechado por un firmante de paz que tiene su cultivo. Tambi\u00e9n, el caf\u00e9 de El Tercer Acuerdo se consigue en la zona y en el resguardo ind\u00edgena\u201d, se\u00f1al\u00f3 Trujillo.<\/p>\n\n\n\n<p>Seg\u00fan cifras de Naciones Unidas, desde la firma del Acuerdo de Paz en Colombia, 420 excombatientes de las FARC han sido asesinados.<\/p>\n\n\n\n<p><a href=\"https:\/\/www.vozdeamerica.com\/a\/emisoras-paz-colombia-esperanza-gente-microfonos-\/7836817.html\"><\/a><\/p>\n\n\n\n<p><a href=\"https:\/\/www.vozdeamerica.com\/a\/emisoras-paz-colombia-esperanza-gente-microfonos-\/7836817.html\">Tambi\u00e9n lea<\/a><\/p>\n\n\n\n<h4 class=\"wp-block-heading\"><a href=\"https:\/\/www.vozdeamerica.com\/a\/emisoras-paz-colombia-esperanza-gente-microfonos-\/7836817.html\">Emisoras de paz en Colombia: \u00abDevolverle la esperanza a la gente a trav\u00e9s de los micr\u00f3fonos\u00bb<\/a><\/h4>\n\n\n\n<p>Desde la Misi\u00f3n de Verificaci\u00f3n de la ONU, que cuenta con una oficina regional en Gaitania, destacan que la trilladora y los proyectos en torno al caf\u00e9 son ejemplos de superaci\u00f3n y construcci\u00f3n de paz, a pesar de los obst\u00e1culos en la implementaci\u00f3n de los acuerdos.<\/p>\n\n\n\n<p>\u201cPlanadas ha sido una zona hist\u00f3rica de guerra y conflicto, pero ahora se est\u00e1n desarrollando iniciativas de construcci\u00f3n de paz muy importantes. Nosotros decimos que la mejor manera de consolidar la paz es a trav\u00e9s de proyectos como estos, que integran iniciativas de paz y no de guerra\u201d, coment\u00f3 a la&nbsp;<em><strong>VOA<\/strong><\/em>&nbsp;Ra\u00fal Rosende, representante Especial Adjunto y Jefe Adjunto de la Misi\u00f3n de Verificaci\u00f3n de las Naciones Unidas en Colombia.<\/p>\n\n\n\n<p>En ese sentido, Faiber Trujillo enfatiza que, a pesar de los firmantes de paz que han sido asesinados, el mensaje es que \u201cseguimos convencidos de la paz al 100 %\u201d porque desea que el mundo \u201cpruebe nuestro hermoso y rico caf\u00e9 de El Tercer Acuerdo\u201d.<\/p>\n","protected":false},"excerpt":{"rendered":"<p>Faiber Trujillo, en una vitrina de exposici\u00f3n con las marcas de caf\u00e9 elaboradas en la trilladora del ETCR El Oso en Gaitania, Planadas, Tolima, el 1 de noviembre de 2024. [Javier Hern\u00e1ndez, VOA] noviembre 09, 2024 &nbsp;Vea comentarios Exguerrilleros de las FARC apuestan por la reconciliaci\u00f3n y esperanza a trav\u00e9s del caf\u00e9 que producen en [&hellip;]<\/p>\n","protected":false},"author":28,"featured_media":573215,"comment_status":"closed","ping_status":"closed","sticky":true,"template":"","format":"standard","meta":{"footnotes":""},"categories":[36,18,23],"tags":[],"class_list":["post-573214","post","type-post","status-publish","format-standard","has-post-thumbnail","hentry","category-hombresmujeresycosas","category-economia","category-internacional"],"_links":{"self":[{"href":"https:\/\/diariodominicano.com\/index.php?rest_route=\/wp\/v2\/posts\/573214","targetHints":{"allow":["GET"]}}],"collection":[{"href":"https:\/\/diariodominicano.com\/index.php?rest_route=\/wp\/v2\/posts"}],"about":[{"href":"https:\/\/diariodominicano.com\/index.php?rest_route=\/wp\/v2\/types\/post"}],"author":[{"embeddable":true,"href":"https:\/\/diariodominicano.com\/index.php?rest_route=\/wp\/v2\/users\/28"}],"replies":[{"embeddable":true,"href":"https:\/\/diariodominicano.com\/index.php?rest_route=%2Fwp%2Fv2%2Fcomments&post=573214"}],"version-history":[{"count":2,"href":"https:\/\/diariodominicano.com\/index.php?rest_route=\/wp\/v2\/posts\/573214\/revisions"}],"predecessor-version":[{"id":573217,"href":"https:\/\/diariodominicano.com\/index.php?rest_route=\/wp\/v2\/posts\/573214\/revisions\/573217"}],"wp:featuredmedia":[{"embeddable":true,"href":"https:\/\/diariodominicano.com\/index.php?rest_route=\/wp\/v2\/media\/573215"}],"wp:attachment":[{"href":"https:\/\/diariodominicano.com\/index.php?rest_route=%2Fwp%2Fv2%2Fmedia&parent=573214"}],"wp:term":[{"taxonomy":"category","embeddable":true,"href":"https:\/\/diariodominicano.com\/index.php?rest_route=%2Fwp%2Fv2%2Fcategories&post=573214"},{"taxonomy":"post_tag","embeddable":true,"href":"https:\/\/diariodominicano.com\/index.php?rest_route=%2Fwp%2Fv2%2Ftags&post=573214"}],"curies":[{"name":"wp","href":"https:\/\/api.w.org\/{rel}","templated":true}]}}