{"id":573150,"date":"2024-11-09T01:35:06","date_gmt":"2024-11-09T05:35:06","guid":{"rendered":"https:\/\/diariodominicano.com\/?p=573150"},"modified":"2024-11-09T01:38:02","modified_gmt":"2024-11-09T05:38:02","slug":"departamento-de-justicia-de-eeuu-acusa-a-iranies-de-plan-para-asesinar-a-donald-trump","status":"publish","type":"post","link":"https:\/\/diariodominicano.com\/?p=573150","title":{"rendered":"Departamento de Justicia de EEUU acusa a iran\u00edes de plan para asesinar a Donald Trump"},"content":{"rendered":"\n<p>El candidato presidencial republicano, el expresidente Donald Trump, habla en una fiesta de observaci\u00f3n de los resultados electorales ante su contundente victoria sobre Kamala Harris el 6 de noviembre de 2024, en West Palm Beach, Florida. (Foto AP\/Ted Shaffrey)<\/p>\n\n\n\n<p>noviembre 08, 2024<\/p>\n\n\n\n<ul class=\"wp-block-list\">\n<li><a href=\"https:\/\/www.vozdeamerica.com\/author\/associated-press\/v_kyr\">Associated Press<\/a><\/li>\n<\/ul>\n\n\n\n<ul class=\"wp-block-list\">\n<li><a href=\"https:\/\/facebook.com\/sharer.php?u=https%3a%2f%2fwww.vozdeamerica.com%2fa%2fdepartamento-justicia-eeuu-acusa-iranies-plan-asesinar-donald-trump-%2f7857425.html\" target=\"_blank\" rel=\"noreferrer noopener\"><\/a><\/li>\n\n\n\n<li><a href=\"https:\/\/twitter.com\/share?url=https%3a%2f%2fwww.vozdeamerica.com%2fa%2fdepartamento-justicia-eeuu-acusa-iranies-plan-asesinar-donald-trump-%2f7857425.html&amp;text=Departamento+de+Justicia+de+EEUU+acusa+a+iran%c3%ades+de+plan+para+asesinar+a+Donald+Trump\" target=\"_blank\" rel=\"noreferrer noopener\"><\/a><\/li>\n\n\n\n<li><\/li>\n\n\n\n<li><a href=\"mailto:?body=https%3a%2f%2fwww.vozdeamerica.com%2fa%2fdepartamento-justicia-eeuu-acusa-iranies-plan-asesinar-donald-trump-%2f7857425.html&amp;subject=Departamento%20de%20Justicia%20de%20EEUU%20acusa%20a%20iran%C3%ADes%20de%20plan%20para%20asesinar%20a%20Donald%20Trump\"><\/a><\/li>\n<\/ul>\n\n\n\n<p><a href=\"https:\/\/www.vozdeamerica.com\/a\/departamento-justicia-eeuu-acusa-iranies-plan-asesinar-donald-trump-\/7857425.html#comments\">&nbsp;Vea comentarios<\/a><\/p>\n\n\n\n<p>Departamento de Justicia de Estados Unidos acusa a iran\u00edes de participar en un plan para asesinar al presidente electo Donald Trump. Un testigo dijo a investigadores que fue contactado por alguien de la Guardia Revolucionaria Paramilitar de Ir\u00e1n.<\/p>\n\n\n\n<p>WASHINGTON \u2014&nbsp;<\/p>\n\n\n\n<p>El Departamento de Justicia de Estados Unidos revel\u00f3 el viernes un complot iran\u00ed de asesinato por encargo para matar a Donald Trump, acusando a un hombre que dijo haber recibido instrucciones de un funcionario gubernamental antes de las elecciones celebradas esta semana para&nbsp;<strong><em><a href=\"https:\/\/www.vozdeamerica.com\/a\/donald-trump-es-elegido-47-presidente-de-estados-unidos\/7853480.html\" target=\"_blank\" rel=\"noreferrer noopener\">planear el asesinato del presidente electo republicano<\/a><\/em><\/strong>.<\/p>\n\n\n\n<p>Los investigadores se enteraron del plan para matar a Trump por Farhad Shakeri, un presunto activo del gobierno iran\u00ed que pas\u00f3 tiempo en prisiones estadounidenses por robo y que, seg\u00fan las autoridades, mantiene una red de asociados criminales que participan en los complots de asesinato de Teher\u00e1n.<\/p>\n\n\n\n<p>Shakeri dijo a los investigadores que un contacto de la Guardia Revolucionaria Paramilitar de Ir\u00e1n le instruy\u00f3 en septiembre pasado que armara un plan en siete d\u00edas para vigilar y finalmente matar a Trump, seg\u00fan una denuncia penal desprecintada en un tribunal federal de Manhattan.<\/p>\n\n\n\n<p>De acuerdo con Shakeri, el funcionario le dijo que: \u201cYa hemos gastado mucho dinero\u201d y que \u201cel dinero no es un problema\u201d. Coment\u00f3 a los investigadores que el funcionario le dijo que si no pod\u00eda armar un plan dentro de un plazo de siete d\u00edas, entonces el complot se pausar\u00eda hasta despu\u00e9s de las elecciones porque el funcionario asum\u00eda que Trump perder\u00eda y que ser\u00eda m\u00e1s f\u00e1cil matarlo entonces, seg\u00fan la denuncia.<\/p>\n\n\n\n<p><a href=\"https:\/\/www.vozdeamerica.com\/a\/trump-nombra-a-su-jefa-de-campana-como-su-jefa-de-gabinete\/7856361.html\"><\/a><\/p>\n\n\n\n<p><a href=\"https:\/\/www.vozdeamerica.com\/a\/trump-nombra-a-su-jefa-de-campana-como-su-jefa-de-gabinete\/7856361.html\">Tambi\u00e9n lea<\/a><\/p>\n\n\n\n<h4 class=\"wp-block-heading\"><a href=\"https:\/\/www.vozdeamerica.com\/a\/trump-nombra-a-su-jefa-de-campana-como-su-jefa-de-gabinete\/7856361.html\">Trump nombra a su jefa de campa\u00f1a como su jefa de gabinete<\/a><\/h4>\n\n\n\n<p>Shakeri est\u00e1 pr\u00f3fugo y permanece en Ir\u00e1n. Otros dos hombres que las autoridades dicen que fueron reclutados para participar en otros asesinatos, incluido el de una prominente periodista iran\u00ed-estadounidense que ha sido objetivo en complots de asesinato por encargo, fueron arrestados el viernes.<\/p>\n\n\n\n<p>\u201cHay pocos actores en el mundo que representen una amenaza tan grave para la seguridad nacional de Estados Unidos como lo hace Ir\u00e1n\u201d, dijo en un comunicado el secretario de Justicia estadounidense Merrick Garland.<\/p>\n\n\n\n<p>El plan, y los cargos revelados d\u00edas despu\u00e9s de que Trump derrot\u00f3 a la dem\u00f3crata Kamala Harris, refleja lo que los funcionarios federales han descrito como esfuerzos continuos de Ir\u00e1n para atacar a funcionarios gubernamentales estadounidenses, incluido Trump, en suelo estadounidense.<\/p>\n\n\n\n<p>El verano pasado, el Departamento de Justicia acus\u00f3 a un hombre paquistan\u00ed con v\u00ednculos con Ir\u00e1n en un complot de asesinato por encargo dirigido a funcionarios estadounidenses.<\/p>\n\n\n\n<p>Operativos iran\u00edes tambi\u00e9n llevaron a cabo una operaci\u00f3n de hackeo y filtraci\u00f3n de correos electr\u00f3nicos pertenecientes a asociados de la campa\u00f1a de Trump en lo que los funcionarios han evaluado como un esfuerzo por interferir en la elecci\u00f3n presidencial.<\/p>\n\n\n\n<p>Funcionarios de inteligencia han dicho que Ir\u00e1n se opon\u00eda a la reelecci\u00f3n de Trump, vi\u00e9ndolo como m\u00e1s probable que aumentara la tensi\u00f3n entre Washington y Teher\u00e1n.<\/p>\n\n\n\n<p>El gobierno de Trump termin\u00f3 un acuerdo nuclear con Ir\u00e1n, reimpuso sanciones y orden\u00f3 el asesinato del general iran\u00ed Qassem Soleimani, un acto que llev\u00f3 a los l\u00edderes de Ir\u00e1n a jurar venganza.<\/p>\n\n\n\n<p>El portavoz de Trump, Steven Cheung, dijo que el presidente electo estaba al tanto del complot de asesinato y que nada lo disuadir\u00e1 \u201cde volver a la Casa Blanca y restaurar la paz en todo el mundo\u201d.<\/p>\n\n\n\n<p>#acusa a iran\u00edes de plan para asesinar a Donald Trump<\/p>\n\n\n\n<p>#Donald Trump\u2003\u2003\u2003\u2003\u2003#Iran\u00edes<\/p>\n","protected":false},"excerpt":{"rendered":"<p>El candidato presidencial republicano, el expresidente Donald Trump, habla en una fiesta de observaci\u00f3n de los resultados electorales ante su contundente victoria sobre Kamala Harris el 6 de noviembre de 2024, en West Palm Beach, Florida. (Foto AP\/Ted Shaffrey) noviembre 08, 2024 &nbsp;Vea comentarios Departamento de Justicia de Estados Unidos acusa a iran\u00edes de participar [&hellip;]<\/p>\n","protected":false},"author":28,"featured_media":573151,"comment_status":"closed","ping_status":"closed","sticky":true,"template":"","format":"standard","meta":{"footnotes":""},"categories":[23,24],"tags":[],"class_list":["post-573150","post","type-post","status-publish","format-standard","has-post-thumbnail","hentry","category-internacional","category-justicia-y-derecho"],"_links":{"self":[{"href":"https:\/\/diariodominicano.com\/index.php?rest_route=\/wp\/v2\/posts\/573150","targetHints":{"allow":["GET"]}}],"collection":[{"href":"https:\/\/diariodominicano.com\/index.php?rest_route=\/wp\/v2\/posts"}],"about":[{"href":"https:\/\/diariodominicano.com\/index.php?rest_route=\/wp\/v2\/types\/post"}],"author":[{"embeddable":true,"href":"https:\/\/diariodominicano.com\/index.php?rest_route=\/wp\/v2\/users\/28"}],"replies":[{"embeddable":true,"href":"https:\/\/diariodominicano.com\/index.php?rest_route=%2Fwp%2Fv2%2Fcomments&post=573150"}],"version-history":[{"count":3,"href":"https:\/\/diariodominicano.com\/index.php?rest_route=\/wp\/v2\/posts\/573150\/revisions"}],"predecessor-version":[{"id":573156,"href":"https:\/\/diariodominicano.com\/index.php?rest_route=\/wp\/v2\/posts\/573150\/revisions\/573156"}],"wp:featuredmedia":[{"embeddable":true,"href":"https:\/\/diariodominicano.com\/index.php?rest_route=\/wp\/v2\/media\/573151"}],"wp:attachment":[{"href":"https:\/\/diariodominicano.com\/index.php?rest_route=%2Fwp%2Fv2%2Fmedia&parent=573150"}],"wp:term":[{"taxonomy":"category","embeddable":true,"href":"https:\/\/diariodominicano.com\/index.php?rest_route=%2Fwp%2Fv2%2Fcategories&post=573150"},{"taxonomy":"post_tag","embeddable":true,"href":"https:\/\/diariodominicano.com\/index.php?rest_route=%2Fwp%2Fv2%2Ftags&post=573150"}],"curies":[{"name":"wp","href":"https:\/\/api.w.org\/{rel}","templated":true}]}}