{"id":573146,"date":"2024-11-09T01:31:37","date_gmt":"2024-11-09T05:31:37","guid":{"rendered":"https:\/\/diariodominicano.com\/?p=573146"},"modified":"2024-11-09T01:31:56","modified_gmt":"2024-11-09T05:31:56","slug":"jueza-eeuu-pone-en-pausa-caso-de-trump-por-las-elecciones-de-2020-tras-su-victoria","status":"publish","type":"post","link":"https:\/\/diariodominicano.com\/?p=573146","title":{"rendered":"Jueza EEUU pone en pausa caso de Trump por las elecciones de 2020 tras su victoria"},"content":{"rendered":"\n<p>ARCHIVO &#8211; El expresidente estadounidense Donald Trump y el fiscal especial Jack Smith aparecen en una combinaci\u00f3n de fotos de archivo en Washington, Estados Unidos, en 2023. REUTERS\/Tasos Katopodis, Kevin Wurm.<\/p>\n\n\n\n<p>noviembre 08, 2024<\/p>\n\n\n\n<ul class=\"wp-block-list\">\n<li><a href=\"https:\/\/www.vozdeamerica.com\/author\/reuters\/riv_i\">Reuters<\/a><\/li>\n<\/ul>\n\n\n\n<ul class=\"wp-block-list\">\n<li><a href=\"https:\/\/facebook.com\/sharer.php?u=https%3a%2f%2fwww.vozdeamerica.com%2fa%2fjueza-eeuu-pone-pausa-caso-trump-elecciones-2020-%2f7857376.html\" target=\"_blank\" rel=\"noreferrer noopener\"><\/a><\/li>\n\n\n\n<li><a href=\"https:\/\/twitter.com\/share?url=https%3a%2f%2fwww.vozdeamerica.com%2fa%2fjueza-eeuu-pone-pausa-caso-trump-elecciones-2020-%2f7857376.html&amp;text=Jueza+EEUU+pone+en+pausa+caso+de+Trump+por+las+elecciones+de+2020+tras+su+victoria\" target=\"_blank\" rel=\"noreferrer noopener\"><\/a><\/li>\n\n\n\n<li><\/li>\n\n\n\n<li><a href=\"mailto:?body=https%3a%2f%2fwww.vozdeamerica.com%2fa%2fjueza-eeuu-pone-pausa-caso-trump-elecciones-2020-%2f7857376.html&amp;subject=Jueza%20EEUU%20pone%20en%20pausa%20caso%20de%20Trump%20por%20las%20elecciones%20de%202020%20tras%20su%20victoria\"><\/a><\/li>\n<\/ul>\n\n\n\n<p><a href=\"https:\/\/www.vozdeamerica.com\/a\/jueza-eeuu-pone-pausa-caso-trump-elecciones-2020-\/7857376.html#comments\">&nbsp;Vea comentarios<\/a><\/p>\n\n\n\n<p>El caso contra el presidente electo Donald Trump por subversi\u00f3n electoral en 2020 ha sido pausado por una jueza a solicitud del fiscal especial Jack Smith.<\/p>\n\n\n\n<p>WASHINGTON \u2014&nbsp;<\/p>\n\n\n\n<p>Una jueza estadounidense anul\u00f3 el viernes los plazos pendientes en el caso de subversi\u00f3n electoral del&nbsp;<strong><em><a href=\"https:\/\/www.vozdeamerica.com\/a\/donald-trump-es-elegido-47-presidente-de-estados-unidos\/7853480.html\" target=\"_blank\" rel=\"noreferrer noopener\">presidente electo Donald Trump<\/a><\/em><\/strong>&nbsp;en 2020, despu\u00e9s de que los fiscales federales dijeron que estaban lidiando con la \u00abcircunstancia sin precedentes\u00bb de su inminente regreso a la Casa Blanca.<\/p>\n\n\n\n<p>La jueza federal Tanya Chutkan en Washington aprob\u00f3 una solicitud del fiscal especial Jack Smith, que lleva el caso penal, para dejar de lado los plazos, seg\u00fan una orden judicial, mientras consderan su futuro.<\/p>\n\n\n\n<p>Los fiscales escribieron que el retraso era necesario \u00abpara dar tiempo al gobierno a evaluar esta circunstancia sin precedentes y determinar el curso apropiado a seguir en consonancia con la pol\u00edtica del Departamento de Justicia\u00bb.<\/p>\n\n\n\n<p>Seg\u00fan una pol\u00edtica del Departamento de Justicia que se remonta a la d\u00e9cada de 1970, un presidente en ejercicio no puede ser objeto de enjuiciamiento penal.<\/p>\n\n\n\n<p><a href=\"https:\/\/www.vozdeamerica.com\/a\/futuro-casos-criminales-donald-trump-victoria-presidencia\/7853964.html\"><\/a><\/p>\n\n\n\n<p><a href=\"https:\/\/www.vozdeamerica.com\/a\/futuro-casos-criminales-donald-trump-victoria-presidencia\/7853964.html\">Tambi\u00e9n lea<\/a><\/p>\n\n\n\n<h4 class=\"wp-block-heading\"><a href=\"https:\/\/www.vozdeamerica.com\/a\/futuro-casos-criminales-donald-trump-victoria-presidencia\/7853964.html\">\u00bfQu\u00e9 podr\u00eda pasar con los casos criminales que enfrenta Trump tras su victoria presidencial?<\/a><\/h4>\n\n\n\n<p>Una fuente familiarizada con el asunto dijo a&nbsp;<em>Reuters<\/em>&nbsp;el mi\u00e9rcoles que el Departamento de Justicia estaba discutiendo c\u00f3mo manejar el caso mientras Trump se prepara para asumir nuevamente la presidencia.<\/p>\n\n\n\n<p><strong><em><a href=\"https:\/\/www.vozdeamerica.com\/a\/trump-recurrio-cometer-delitos-tras-perder-elecciones-2020-\/7808268.html\" target=\"_blank\" rel=\"noreferrer noopener\">Trump se declar\u00f3 inocente el a\u00f1o pasado de cuatro cargos penales<\/a><\/em><\/strong>&nbsp;que lo acusaban de conspirar para obstruir la certificaci\u00f3n de votos tras su derrota en 2020 ante el dem\u00f3crata Joe Biden.<\/p>\n\n\n\n<p>El esfuerzo de Trump y sus aliados por revertir la victoria de Biden culmin\u00f3 en el atentado del 6 de enero de 2021 en el Capitolio tras un encendido discurso del entonces presidente cerca de la Casa Blanca.<\/p>\n\n\n\n<p>En las elecciones del martes, Trump derrot\u00f3 a la vicepresidenta dem\u00f3crata&nbsp;<a href=\"https:\/\/www.reuters.com\/world\/us\/kamala-harris\/\" target=\"_blank\" rel=\"noreferrer noopener\">Kamala Harris<\/a>, una victoria que casi con toda seguridad pondr\u00e1 fin a dos casos federales en su contra.<\/p>\n\n\n\n<p>Los abogados de Trump ten\u00edan que haber respondido antes del 21 de noviembre al argumento de Smith de que el caso puede seguir adelante tras una sentencia de la Corte Suprema que otorga a los expresidentes una amplia inmunidad frente a enjuiciamientos por actos oficiales realizados mientras ocupaban el cargo.<\/p>\n\n\n\n<p>Smith dijo que los fiscales informar\u00edan al juez antes del 2 de diciembre de c\u00f3mo proponen seguir adelante.<\/p>\n","protected":false},"excerpt":{"rendered":"<p>ARCHIVO &#8211; El expresidente estadounidense Donald Trump y el fiscal especial Jack Smith aparecen en una combinaci\u00f3n de fotos de archivo en Washington, Estados Unidos, en 2023. REUTERS\/Tasos Katopodis, Kevin Wurm. noviembre 08, 2024 &nbsp;Vea comentarios El caso contra el presidente electo Donald Trump por subversi\u00f3n electoral en 2020 ha sido pausado por una jueza [&hellip;]<\/p>\n","protected":false},"author":28,"featured_media":573147,"comment_status":"closed","ping_status":"closed","sticky":true,"template":"","format":"standard","meta":{"footnotes":""},"categories":[23,24],"tags":[],"class_list":["post-573146","post","type-post","status-publish","format-standard","has-post-thumbnail","hentry","category-internacional","category-justicia-y-derecho"],"_links":{"self":[{"href":"https:\/\/diariodominicano.com\/index.php?rest_route=\/wp\/v2\/posts\/573146","targetHints":{"allow":["GET"]}}],"collection":[{"href":"https:\/\/diariodominicano.com\/index.php?rest_route=\/wp\/v2\/posts"}],"about":[{"href":"https:\/\/diariodominicano.com\/index.php?rest_route=\/wp\/v2\/types\/post"}],"author":[{"embeddable":true,"href":"https:\/\/diariodominicano.com\/index.php?rest_route=\/wp\/v2\/users\/28"}],"replies":[{"embeddable":true,"href":"https:\/\/diariodominicano.com\/index.php?rest_route=%2Fwp%2Fv2%2Fcomments&post=573146"}],"version-history":[{"count":2,"href":"https:\/\/diariodominicano.com\/index.php?rest_route=\/wp\/v2\/posts\/573146\/revisions"}],"predecessor-version":[{"id":573149,"href":"https:\/\/diariodominicano.com\/index.php?rest_route=\/wp\/v2\/posts\/573146\/revisions\/573149"}],"wp:featuredmedia":[{"embeddable":true,"href":"https:\/\/diariodominicano.com\/index.php?rest_route=\/wp\/v2\/media\/573147"}],"wp:attachment":[{"href":"https:\/\/diariodominicano.com\/index.php?rest_route=%2Fwp%2Fv2%2Fmedia&parent=573146"}],"wp:term":[{"taxonomy":"category","embeddable":true,"href":"https:\/\/diariodominicano.com\/index.php?rest_route=%2Fwp%2Fv2%2Fcategories&post=573146"},{"taxonomy":"post_tag","embeddable":true,"href":"https:\/\/diariodominicano.com\/index.php?rest_route=%2Fwp%2Fv2%2Ftags&post=573146"}],"curies":[{"name":"wp","href":"https:\/\/api.w.org\/{rel}","templated":true}]}}