{"id":573117,"date":"2024-11-09T00:55:21","date_gmt":"2024-11-09T04:55:21","guid":{"rendered":"https:\/\/diariodominicano.com\/?p=573117"},"modified":"2024-11-09T00:57:31","modified_gmt":"2024-11-09T04:57:31","slug":"rica-y-vibrante-oferta-musical-en-la-feria-del-libro-2024","status":"publish","type":"post","link":"https:\/\/diariodominicano.com\/?p=573117","title":{"rendered":"Rica y vibrante oferta musical en la Feria del Libro 2024: Cultura"},"content":{"rendered":"\n<p><strong><em>Artistas como Manerra, Josean Jacobo, Lena Dardelet, Flavia N\u00fa\u00f1ez, Janio Lora y Claudio Cohen, entre otros, se dar\u00e1n cita en el evento<\/em><\/strong><\/p>\n\n\n\n<figure class=\"wp-block-image size-large\"><img loading=\"lazy\" decoding=\"async\" width=\"1024\" height=\"811\" src=\"https:\/\/diariodominicano.com\/wp-content\/uploads\/2024\/11\/Janio-Lora-1024x811.png\" alt=\"\" class=\"wp-image-573119\" srcset=\"https:\/\/diariodominicano.com\/wp-content\/uploads\/2024\/11\/Janio-Lora-1024x811.png 1024w, https:\/\/diariodominicano.com\/wp-content\/uploads\/2024\/11\/Janio-Lora-300x238.png 300w, https:\/\/diariodominicano.com\/wp-content\/uploads\/2024\/11\/Janio-Lora-768x608.png 768w, https:\/\/diariodominicano.com\/wp-content\/uploads\/2024\/11\/Janio-Lora-816x646.png 816w, https:\/\/diariodominicano.com\/wp-content\/uploads\/2024\/11\/Janio-Lora.png 1080w\" sizes=\"auto, (max-width: 1024px) 100vw, 1024px\" \/><\/figure>\n\n\n\n<p><strong>Junio Lora<\/strong><\/p>\n\n\n\n<p><strong>Santo Domingo.-<\/strong>\u00a0La m\u00fasica en vivo estar\u00e1 presente en la XXVI Feria Internacional del Libro Santo Domingo (FILSD 2024), con un programa que se desarrollar\u00e1 desde este viernes 8 hasta el 15 de noviembre en el bar Juan Lockward del Teatro Nacional Eduardo Brito y en otros espacios del recinto ferial.<\/p>\n\n\n\n<p>Uno de los eventos destacados fue el concierto de Xiomara Fortuna \u201cDel poema a la canci\u00f3n. Poetas dominicanas residentes\u201d,celebrado este viernes en el auditorio Juan Bosch de la Biblioteca Nacional Pedro Henr\u00edquez Ure\u00f1a, d\u00eda en el que tambi\u00e9n se present\u00f3 el recital musicalizado \u201cRapsodia de luna y cuerdas\u201d, a cargo de Patricio Le\u00f3n, en el auditorio del Museo Nacional de Historia y Geograf\u00eda.<\/p>\n\n\n\n<figure class=\"wp-block-image size-large\"><img loading=\"lazy\" decoding=\"async\" width=\"1024\" height=\"812\" src=\"https:\/\/diariodominicano.com\/wp-content\/uploads\/2024\/11\/Lena-D-1024x812.png\" alt=\"\" class=\"wp-image-573121\" srcset=\"https:\/\/diariodominicano.com\/wp-content\/uploads\/2024\/11\/Lena-D-1024x812.png 1024w, https:\/\/diariodominicano.com\/wp-content\/uploads\/2024\/11\/Lena-D-300x238.png 300w, https:\/\/diariodominicano.com\/wp-content\/uploads\/2024\/11\/Lena-D-768x609.png 768w, https:\/\/diariodominicano.com\/wp-content\/uploads\/2024\/11\/Lena-D-816x647.png 816w, https:\/\/diariodominicano.com\/wp-content\/uploads\/2024\/11\/Lena-D.png 1080w\" sizes=\"auto, (max-width: 1024px) 100vw, 1024px\" \/><\/figure>\n\n\n\n<p>Las escalinatas del Teatro Nacional Eduardo Brito ser\u00e1n el escenario de varios conciertos, iniciando el martes 12, a las 5:00 p. m., con la participaci\u00f3n del Coro Nacional de Ni\u00f1os Dominicanos.<\/p>\n\n\n\n<p>El s\u00e1bado 16, tambi\u00e9n a las 5:00 p. m., ser\u00e1 el turno de la banda de m\u00fasica de la Direcci\u00f3n de Escuelas Libres del Ministerio de Cultura, y el domingo 17, a las 10:00 a. m., se presentar\u00e1 la Orquesta Juan Pablo Duarte del Conservatorio Nacional de M\u00fasica.<\/p>\n\n\n\n<p><strong>\u201cNoches de bohemia\u201d en el bar Juan Lockward<\/strong><\/p>\n\n\n\n<p>La Casa de la M\u00fasica presenta \u201cNoches de bohemia\u201d, un espacio donde el p\u00fablico podr\u00e1 disfrutar de grandes conciertos por parte de reconocidos artistas dominicanos. La programaci\u00f3n de este escenario, ubicado en el bar Juan Lockward del Teatro Nacional, comenz\u00f3 este viernes con un entrem\u00e9s musical de Manerra, quien ofreci\u00f3 su propuesta de merengue, son y canci\u00f3n de autor.<\/p>\n\n\n\n<figure class=\"wp-block-image size-large\"><img loading=\"lazy\" decoding=\"async\" width=\"1024\" height=\"810\" src=\"https:\/\/diariodominicano.com\/wp-content\/uploads\/2024\/11\/Josean-Jacobo-1024x810.png\" alt=\"\" class=\"wp-image-573120\" srcset=\"https:\/\/diariodominicano.com\/wp-content\/uploads\/2024\/11\/Josean-Jacobo-1024x810.png 1024w, https:\/\/diariodominicano.com\/wp-content\/uploads\/2024\/11\/Josean-Jacobo-300x237.png 300w, https:\/\/diariodominicano.com\/wp-content\/uploads\/2024\/11\/Josean-Jacobo-768x607.png 768w, https:\/\/diariodominicano.com\/wp-content\/uploads\/2024\/11\/Josean-Jacobo-816x645.png 816w, https:\/\/diariodominicano.com\/wp-content\/uploads\/2024\/11\/Josean-Jacobo.png 1080w\" sizes=\"auto, (max-width: 1024px) 100vw, 1024px\" \/><\/figure>\n\n\n\n<p>El s\u00e1bado 9, a las 8:30 p. m., subir\u00e1 al escenario de \u201cNoches de bohemia\u201d&nbsp;el joven maestro Josean Jacobo,&nbsp;con su fusi\u00f3n de m\u00fasica popular dominicana y jazz.<\/p>\n\n\n\n<p>Asimismo, el domingo 10 ser\u00e1 el turno del cantautor Janio Lora, quien interpretar\u00e1 los temas de sus \u00e1lbumes \u201cAhora mismo\u201d, \u201cRock &#8216;n&#8217; Ron\u201d y \u201cMi nueva edad\u201d.<\/p>\n\n\n\n<p>El programa continuar\u00e1 el lunes 11 con la participaci\u00f3n de la joven cantante Flavia N\u00fa\u00f1ez, quien promete una noche rom\u00e1ntica de jazz, bossa nova y boleros.<\/p>\n\n\n\n<p>El martes 12, la ecl\u00e9ctica propuesta musical de Lena Dardelet engalanar\u00e1 las \u201cNoches de bohemia\u201d, mientras que el mi\u00e9rcoles 13, el veterano cantautor Claudio Cohen ofrecer\u00e1 un recorrido por las canciones que han marcado sus m\u00e1s de cuatro d\u00e9cadas de trayectoria.<\/p>\n\n\n\n<p>El jazz, la bossa nova y el bolero regresar\u00e1n el jueves 14 de la mano de Marjorie Jim\u00e9nez, para posteriormente concluir la programaci\u00f3n con un selecto repertorio a cargo de Diego Jaar, artista que muestra influencias del rock en castellano y la canci\u00f3n de autor latinoamericana.<\/p>\n\n\n\n<p>Ministerio de Cultura de la Rep\u00fablica Dominicana<\/p>\n\n\n\n<p>Ministerio de Cultura de la Rep\u00fablica Dominicana (De tus contactos de Google)<\/p>\n\n\n\n<p><a target=\"_blank\" href=\"mailto:prensa@cultura.gob.do\" rel=\"noreferrer noopener\">prensa@cultura.gob.do<\/a><\/p>\n\n\n\n<p><\/p>\n","protected":false},"excerpt":{"rendered":"<p>Artistas como Manerra, Josean Jacobo, Lena Dardelet, Flavia N\u00fa\u00f1ez, Janio Lora y Claudio Cohen, entre otros, se dar\u00e1n cita en el evento Junio Lora Santo Domingo.-\u00a0La m\u00fasica en vivo estar\u00e1 presente en la XXVI Feria Internacional del Libro Santo Domingo (FILSD 2024), con un programa que se desarrollar\u00e1 desde este viernes 8 hasta el 15 [&hellip;]<\/p>\n","protected":false},"author":28,"featured_media":573118,"comment_status":"closed","ping_status":"closed","sticky":true,"template":"","format":"standard","meta":{"footnotes":""},"categories":[21,25],"tags":[],"class_list":["post-573117","post","type-post","status-publish","format-standard","has-post-thumbnail","hentry","category-cultura","category-gente"],"_links":{"self":[{"href":"https:\/\/diariodominicano.com\/index.php?rest_route=\/wp\/v2\/posts\/573117","targetHints":{"allow":["GET"]}}],"collection":[{"href":"https:\/\/diariodominicano.com\/index.php?rest_route=\/wp\/v2\/posts"}],"about":[{"href":"https:\/\/diariodominicano.com\/index.php?rest_route=\/wp\/v2\/types\/post"}],"author":[{"embeddable":true,"href":"https:\/\/diariodominicano.com\/index.php?rest_route=\/wp\/v2\/users\/28"}],"replies":[{"embeddable":true,"href":"https:\/\/diariodominicano.com\/index.php?rest_route=%2Fwp%2Fv2%2Fcomments&post=573117"}],"version-history":[{"count":3,"href":"https:\/\/diariodominicano.com\/index.php?rest_route=\/wp\/v2\/posts\/573117\/revisions"}],"predecessor-version":[{"id":573124,"href":"https:\/\/diariodominicano.com\/index.php?rest_route=\/wp\/v2\/posts\/573117\/revisions\/573124"}],"wp:featuredmedia":[{"embeddable":true,"href":"https:\/\/diariodominicano.com\/index.php?rest_route=\/wp\/v2\/media\/573118"}],"wp:attachment":[{"href":"https:\/\/diariodominicano.com\/index.php?rest_route=%2Fwp%2Fv2%2Fmedia&parent=573117"}],"wp:term":[{"taxonomy":"category","embeddable":true,"href":"https:\/\/diariodominicano.com\/index.php?rest_route=%2Fwp%2Fv2%2Fcategories&post=573117"},{"taxonomy":"post_tag","embeddable":true,"href":"https:\/\/diariodominicano.com\/index.php?rest_route=%2Fwp%2Fv2%2Ftags&post=573117"}],"curies":[{"name":"wp","href":"https:\/\/api.w.org\/{rel}","templated":true}]}}