{"id":573092,"date":"2024-11-09T00:16:13","date_gmt":"2024-11-09T04:16:13","guid":{"rendered":"https:\/\/diariodominicano.com\/?p=573092"},"modified":"2024-11-09T00:19:01","modified_gmt":"2024-11-09T04:19:01","slug":"tamaulipas-mexico-hogar-de-ilustres-dominicanos","status":"publish","type":"post","link":"https:\/\/diariodominicano.com\/?p=573092","title":{"rendered":"TAMAULIPAS, M\u00c9XICO, HOGAR DE ILUSTRES DOMINICANOS"},"content":{"rendered":"\n<p><strong>&nbsp;&nbsp;&nbsp;&nbsp;&nbsp;&nbsp;&nbsp;&nbsp;&nbsp;&nbsp;&nbsp;&nbsp;&nbsp;&nbsp;&nbsp;&nbsp;&nbsp;&nbsp;&nbsp;&nbsp;&nbsp;&nbsp;&nbsp;&nbsp;&nbsp;&nbsp;&nbsp;&nbsp;&nbsp;&nbsp;&nbsp;&nbsp;&nbsp;&nbsp;&nbsp;&nbsp;&nbsp;&nbsp;&nbsp;&nbsp;&nbsp;&nbsp;&nbsp;&nbsp;&nbsp;&nbsp;&nbsp;&nbsp; (2 de 2)<\/strong><\/p>\n\n\n\n<p><strong>POR TE\u00d3FILO LAPPOT ROBLES<\/strong><\/p>\n\n\n\n<p><strong>Sim\u00f3n de Portes<\/strong><\/p>\n\n\n\n<p>Otro gran dominicano que dej\u00f3 una marca en la historia del Estado de Tamaulipas, en la naci\u00f3n mexicana, fue Sim\u00f3n de Portes. Naci\u00f3 en la ciudad de Santiago de los Caballeros. Estaba emparentado con Tom\u00e1s de Portes e Ynfante, que fue arzobispo de Santo Domingo, Primado de Am\u00e9rica.<\/p>\n\n\n\n<p>Es importante se\u00f1alar, para mejor entender el papel estelar desempe\u00f1ado por Sim\u00f3n de Portes en Tamaulipas, que \u00e9l fue un luchador patri\u00f3tico en tres pa\u00edses de Am\u00e9rica Latina.<\/p>\n\n\n\n<p>En su tierra natal fue de los principales impulsores de la emancipaci\u00f3n proclamada el 1 de diciembre de 1821, que pronto sucumbi\u00f3 ante la ocupaci\u00f3n del pa\u00eds por el general haitiano Boyer y sus tropas avasallantes.<\/p>\n\n\n\n<p>No aparecen aqu\u00ed registros de sus actividades p\u00fablicas, porque las autoridades coloniales espa\u00f1olas se llevaron pr\u00e1cticamente todos los archivos relacionados con sus hechos en La Espa\u00f1ola.<\/p>\n\n\n\n<p>Pero su participaci\u00f3n pol\u00edtica y armada est\u00e1 subsumida en las recopilaciones que hizo el enjundioso historiador M\u00e1ximo Coiscou Henr\u00edquez sobre el volumen VIII (que \u00e9l estudi\u00f3 profundamente) de los documentos procedentes del Archivo de Indias que versan sobre la etapa de la Espa\u00f1a Boba, los dos \u00faltimos gobiernos coloniales en el Santo Domingo Espa\u00f1ol, presididos por los gobernadores Sebasti\u00e1n Kindel\u00e1n y Pascual Real Serrano Gonz\u00e1lez, y la llamada Independencia Ef\u00edmera.<\/p>\n\n\n\n<p>Emigr\u00f3 en 1822 de su pa\u00eds radic\u00e1ndose originalmente en Cuba. A Sim\u00f3n de Portes se le considera uno de los precursores de las luchas independentistas de la isla mayor del archipi\u00e9lago antillano, donde hizo una intensa actividad en favor de su libertad.<\/p>\n\n\n\n<p>El historiador dominicano Emilio Rodr\u00edguez Demorizi escribi\u00f3 con \u201cun lenguaje pulcro, claro, con cultura, con elegancia\u2026\u201d un ensayo titulado <strong>Sim\u00f3n de Portes, precursor de la independencia de Cuba<\/strong>, originalmente publicado el 8 de mayo de 1934 en las p\u00e1ginas editoriales del peri\u00f3dico List\u00edn Diario.<\/p>\n\n\n\n<p>Despu\u00e9s de Cuba se estableci\u00f3 de manera definitiva en Tamaulipas, M\u00e9xico, desarrollando all\u00ed la m\u00e1s esplendente etapa de su vida. En el 1833 lo declararon ciudadano benem\u00e9rito de ese Estado.<\/p>\n\n\n\n<p>Sim\u00f3n de Portes, en su condici\u00f3n de presidente del Congreso de Tamaulipas, dijo el 27 de mayo de 1848, demostrando su calidad de hombre comprometido con la libertad de la tierra que lo acogi\u00f3 y le brind\u00f3 las facilidades para desarrollar su potencial humano, lo siguiente:<\/p>\n\n\n\n<p>\u201cFue invencible el pueblo mexicano peleando contra sus antiguos opresores, cien veces m\u00e1s poderosos que ese pu\u00f1ado de hombres indisciplinados; pero entonces se peleaba por la libertad, por romper las cadenas de la opresi\u00f3n, o la ignominia que pesaba sobre los pueblos americanos\u2026\u201d (<strong>Discurso ante el Congreso de Tamaulipas<\/strong>, 27 de mayo de 1848. Sim\u00f3n de Portes).<\/p>\n\n\n\n<p>Fue un abanderado de la educaci\u00f3n de los habitantes de Tamaulipas, y por eso proclam\u00f3 en feliz ocasi\u00f3n que: \u201cIlustrado el pueblo no sufrir\u00e1 m\u00e1s a los pretorianos que por tan repetidas veces han desolado el Estado. El tamaulipeco bajo la observancia de nuestra amada Constituci\u00f3n recobrar\u00e1 su dignidad\u2026\u201d<\/p>\n\n\n\n<p>El mensaje que contiene esa frase permite entender con claridad muchas de las actuaciones que en favor de su patria mexicana de adopci\u00f3n realiz\u00f3 en Ciudad Victoria, Tamaulipas, ese personaje nacido en el centro del archipi\u00e9lago caribe\u00f1o.<\/p>\n\n\n\n<p>Sim\u00f3n de Portes abogaba para que en Tamaulipas se pusiera en pr\u00e1ctica uno de los pensamientos del gran historiador y pol\u00edtico franc\u00e9s Alfonso de Lamartine, que apoyaba para aplicaci\u00f3n en todo el mundo lo siguiente:<\/p>\n\n\n\n<p>\u201cLa constituci\u00f3n org\u00e1nica y progresiva de la democracia toda entera, el principio expansivo de la caridad y de la fraternidad social organizada y aplicada a la satisfacci\u00f3n e intereses de las masas\u201d.<\/p>\n\n\n\n<p>La presencia de ilustres dominicanos como Sim\u00f3n de Portes en Ciudad Victoria, Tamaulipas, M\u00e9xico, ejerciendo papeles relevantes en las actividades pol\u00edticas y culturales en ese Estado, era otra demostraci\u00f3n de los v\u00ednculos hist\u00f3ricos entre ambos pa\u00edses.<\/p>\n\n\n\n<p>Por eso es oportuno recordar ahora que: \u201cLa primera vez que se oy\u00f3 en el hemisferio el t\u00edtulo de benem\u00e9rito de las Am\u00e9ricas fue por acuerdo del Congreso dominicano, en cuyo seno Benito Ju\u00e1rez, campe\u00f3n sin miedo y sin tacha de la libertad continental, era visto como una reencarnaci\u00f3n de Bol\u00edvar, San Mart\u00edn, Hidalgo y Morelos juntos, convocados por los dioses tutelares de Am\u00e9rica en el cuerpo de un indio mexicano\u201d. (<strong>Obras Completas. Tomo XIX<\/strong>. Impresora Serigraf, 2009. Juan Bosch).<\/p>\n\n\n\n<p>Sim\u00f3n de Portes muri\u00f3 con m\u00e1s a\u00f1os que un bosque, pues varias versiones no desmentidas sobre su \u00f3bito coinciden en que pasaba de la centuria cuando cerr\u00f3 definitivamente sus ojos.<\/p>\n\n\n\n<p><strong>Adelaida Gil viuda Portes<\/strong><\/p>\n\n\n\n<p>La dominicana Adelaida Gil tuvo que exiliarse en M\u00e9xico en la flor de su juventud. No pudo volver a su tierra natal. Se estableci\u00f3 en Tamaulipas, donde se cas\u00f3 con el abogado Domingo Portes, hijo del citado Sim\u00f3n de Portes.<\/p>\n\n\n\n<p>Su esposo, Domingo Portes, muri\u00f3 joven, devorado por una terrible enfermedad que consumi\u00f3 los pocos ahorros familiares. Ante esa terrible realidad Adelaida Gil tuvo que criar sola, y bajo enormes sacrificios, a sus dos hijos que a\u00fan eran ni\u00f1os. Entre ellos estaba Emilio C\u00e1ndido Portes Gil, que luego ser\u00eda presidente, entre otros muchos puestos relevantes de los Estados Unidos Mexicanos.<\/p>\n\n\n\n<p>Do\u00f1a Adelaida Gil dej\u00f3 su impronta en la historia de Tamaulipas y todo M\u00e9xico. Dicho eso en raz\u00f3n de que aunque nadie lo dejara escrito la realidad fue que ella tendr\u00eda necesariamente que ser una mujer en la cual palpitaba un elevado esp\u00edritu de auto estima y un relevante concepto de la responsabilidad materna, social y pol\u00edtica.<\/p>\n\n\n\n<p>Los resultados de su desenvolvimiento en Tamaulipas la asemejaban al estilo de los personajes que aparecen en la obra <strong>\u201c<\/strong><strong>La asamblea de las mujeres<\/strong><strong>\u201d<\/strong>,escrita hace m\u00e1s de 2,400 a\u00f1os por el gran comediante griego Arist\u00f3fanes, en la cual se resalta, entre otros temas, el papel que juegan las mujeres en la pol\u00edtica.<\/p>\n\n\n\n<p>Dicho lo anterior, aunque se sabe las dificultades que siempre han tenido las mujeres para hacer valer sus derechos. Vale recordar al respecto lo dicho por la gran pedagoga y fil\u00f3sofa dominicana Camila Henr\u00edquez Ure\u00f1a, que en un ensayo acerca de la mujer, publicado el 25 de julio de 1939, dijo entre otras cosas que:<\/p>\n\n\n\n<p>\u201cSus derechos personales quedaban absorbidos por los del marido. Sus hijos no estaban bajo su autoridad, sino bajo la paterna\u2026al llegar al siglo XIX vemos que no se ha producido nunca en el mundo una situaci\u00f3n que haya permitido a la mujer el desenvolvimiento libre de su personalidad humana\u2026La mujer no ha conocido m\u00e1s que restricciones\u201d. (Camila Henr\u00edquez Ure\u00f1a. <strong>Feminismo y otros temas sobre la mujer en la sociedad<\/strong>. Editora Taller, 1989.Pp 23 y 25).<\/p>\n\n\n\n<p>Adelaida Gil viuda Portes, m\u00e1s que nadie, fue precursora de lo que se conoce en la historia de Tamaulipas, y de M\u00e9xico en general, como el \u201c<strong>portesgilismo<\/strong>\u201d, encarnado en su hijo, el presidente Portes Gil, una de cuyas caracter\u00edsticas era enmarcarse en las reglas constitucionales, pero aplicando matices de principios revolucionarios propios de su \u00e9poca y su sociedad y conceptos t\u00edpicos del pragmatismo que crearon y desarrollaron los pensadores William James, Charles Sanders y John Dewey.<\/p>\n\n\n\n<p>Do\u00f1a Adelaida naci\u00f3 en La ciudad de La Vega. Los Gil de all\u00ed, seg\u00fan los registros geneal\u00f3gicos, eran para entonces una sola rama familiar, con reconocida influencia social y econ\u00f3mica.<\/p>\n\n\n\n<p>De ah\u00ed que hay que presumir que ella estaba vinculada por lazos de sangre con los revolucionarios Basilio Gil, muerto en combate en el asalto que los restauradores hicieron a la fortaleza de los anexionistas\u00a0 en la referida ciudad el 26 de agosto de 1863; as\u00ed como de Dionisio Gil, exiliado por motivos pol\u00edticos en Cuba, donde fue tan extraordinaria su hoja de servicios en los Estados Mayores de los generales M\u00e1ximo G\u00f3mez y Antonio Maceo que se convirti\u00f3 en el primer dominicano que le cupo el honor de tener una estatua en el extranjero, cuando erigieron la suya en la ciudad cubana de Cienfuegos.<\/p>\n\n\n\n<p>teofilo lappot<\/p>\n\n\n\n<p>teofilo lappot (De tus contactos de Google)<\/p>\n\n\n\n<p><a target=\"_blank\" href=\"mailto:teofilolappot@gmail.com\" rel=\"noreferrer noopener\">teofilolappot@gmail.com<\/a><\/p>\n","protected":false},"excerpt":{"rendered":"<p>&nbsp;&nbsp;&nbsp;&nbsp;&nbsp;&nbsp;&nbsp;&nbsp;&nbsp;&nbsp;&nbsp;&nbsp;&nbsp;&nbsp;&nbsp;&nbsp;&nbsp;&nbsp;&nbsp;&nbsp;&nbsp;&nbsp;&nbsp;&nbsp;&nbsp;&nbsp;&nbsp;&nbsp;&nbsp;&nbsp;&nbsp;&nbsp;&nbsp;&nbsp;&nbsp;&nbsp;&nbsp;&nbsp;&nbsp;&nbsp;&nbsp;&nbsp;&nbsp;&nbsp;&nbsp;&nbsp;&nbsp;&nbsp; (2 de 2) POR TE\u00d3FILO LAPPOT ROBLES Sim\u00f3n de Portes Otro gran dominicano que dej\u00f3 una marca en la historia del Estado de Tamaulipas, en la naci\u00f3n mexicana, fue Sim\u00f3n de Portes. Naci\u00f3 en la ciudad de Santiago de los Caballeros. Estaba emparentado con Tom\u00e1s de Portes e Ynfante, que fue arzobispo de Santo [&hellip;]<\/p>\n","protected":false},"author":28,"featured_media":525185,"comment_status":"closed","ping_status":"closed","sticky":true,"template":"","format":"standard","meta":{"footnotes":""},"categories":[21,36,26,27],"tags":[],"class_list":["post-573092","post","type-post","status-publish","format-standard","has-post-thumbnail","hentry","category-cultura","category-hombresmujeresycosas","category-efemerides","category-portada"],"_links":{"self":[{"href":"https:\/\/diariodominicano.com\/index.php?rest_route=\/wp\/v2\/posts\/573092","targetHints":{"allow":["GET"]}}],"collection":[{"href":"https:\/\/diariodominicano.com\/index.php?rest_route=\/wp\/v2\/posts"}],"about":[{"href":"https:\/\/diariodominicano.com\/index.php?rest_route=\/wp\/v2\/types\/post"}],"author":[{"embeddable":true,"href":"https:\/\/diariodominicano.com\/index.php?rest_route=\/wp\/v2\/users\/28"}],"replies":[{"embeddable":true,"href":"https:\/\/diariodominicano.com\/index.php?rest_route=%2Fwp%2Fv2%2Fcomments&post=573092"}],"version-history":[{"count":2,"href":"https:\/\/diariodominicano.com\/index.php?rest_route=\/wp\/v2\/posts\/573092\/revisions"}],"predecessor-version":[{"id":573094,"href":"https:\/\/diariodominicano.com\/index.php?rest_route=\/wp\/v2\/posts\/573092\/revisions\/573094"}],"wp:featuredmedia":[{"embeddable":true,"href":"https:\/\/diariodominicano.com\/index.php?rest_route=\/wp\/v2\/media\/525185"}],"wp:attachment":[{"href":"https:\/\/diariodominicano.com\/index.php?rest_route=%2Fwp%2Fv2%2Fmedia&parent=573092"}],"wp:term":[{"taxonomy":"category","embeddable":true,"href":"https:\/\/diariodominicano.com\/index.php?rest_route=%2Fwp%2Fv2%2Fcategories&post=573092"},{"taxonomy":"post_tag","embeddable":true,"href":"https:\/\/diariodominicano.com\/index.php?rest_route=%2Fwp%2Fv2%2Ftags&post=573092"}],"curies":[{"name":"wp","href":"https:\/\/api.w.org\/{rel}","templated":true}]}}