{"id":573080,"date":"2024-11-08T23:27:23","date_gmt":"2024-11-09T03:27:23","guid":{"rendered":"https:\/\/diariodominicano.com\/?p=573080"},"modified":"2024-11-08T23:32:54","modified_gmt":"2024-11-09T03:32:54","slug":"banco-popular-y-adn-inauguran-parque-jardines-los-cerezos","status":"publish","type":"post","link":"https:\/\/diariodominicano.com\/?p=573080","title":{"rendered":"Banco Popular y ADN inauguran parque Jardines Los Cerezos"},"content":{"rendered":"\n<p><strong>M\u00e1s de 10,000 residentes disfrutar\u00e1n del renovado parque<\/strong><\/p>\n\n\n\n<figure class=\"wp-block-image size-large\"><img loading=\"lazy\" decoding=\"async\" width=\"1024\" height=\"683\" src=\"https:\/\/diariodominicano.com\/wp-content\/uploads\/2024\/11\/AND00309-1-1024x683.jpg\" alt=\"\" class=\"wp-image-573087\" srcset=\"https:\/\/diariodominicano.com\/wp-content\/uploads\/2024\/11\/AND00309-1-1024x683.jpg 1024w, https:\/\/diariodominicano.com\/wp-content\/uploads\/2024\/11\/AND00309-1-300x200.jpg 300w, https:\/\/diariodominicano.com\/wp-content\/uploads\/2024\/11\/AND00309-1-768x512.jpg 768w, https:\/\/diariodominicano.com\/wp-content\/uploads\/2024\/11\/AND00309-1-1536x1024.jpg 1536w, https:\/\/diariodominicano.com\/wp-content\/uploads\/2024\/11\/AND00309-1-2048x1365.jpg 2048w, https:\/\/diariodominicano.com\/wp-content\/uploads\/2024\/11\/AND00309-1-816x544.jpg 816w\" sizes=\"auto, (max-width: 1024px) 100vw, 1024px\" \/><\/figure>\n\n\n\n<p>Santo Domingo, D.N. \u2013 El Banco Popular Dominicano y la Alcald\u00eda del Distrito Nacional (ADN) inauguraron el remozamiento del parque Jardines Los Cerezos, ubicado en la comunidad de Los Jardines del Norte, un espacio que beneficiar\u00e1 a m\u00e1s de 10,000 residentes de la zona, quienes ahora disponen de un \u00e1rea verde para el esparcimiento.<\/p>\n\n\n\n<figure class=\"wp-block-image size-large\"><img loading=\"lazy\" decoding=\"async\" width=\"1024\" height=\"683\" src=\"https:\/\/diariodominicano.com\/wp-content\/uploads\/2024\/11\/AND00289-1024x683.jpg\" alt=\"\" class=\"wp-image-573082\" srcset=\"https:\/\/diariodominicano.com\/wp-content\/uploads\/2024\/11\/AND00289-1024x683.jpg 1024w, https:\/\/diariodominicano.com\/wp-content\/uploads\/2024\/11\/AND00289-300x200.jpg 300w, https:\/\/diariodominicano.com\/wp-content\/uploads\/2024\/11\/AND00289-768x512.jpg 768w, https:\/\/diariodominicano.com\/wp-content\/uploads\/2024\/11\/AND00289-1536x1024.jpg 1536w, https:\/\/diariodominicano.com\/wp-content\/uploads\/2024\/11\/AND00289-2048x1365.jpg 2048w, https:\/\/diariodominicano.com\/wp-content\/uploads\/2024\/11\/AND00289-816x544.jpg 816w\" sizes=\"auto, (max-width: 1024px) 100vw, 1024px\" \/><\/figure>\n\n\n\n<p>Para la renovaci\u00f3n de este entorno urbano, el Banco Popular realiz\u00f3 un aporte de RD$22.1 millones, una inversi\u00f3n dirigida a la mejora de 5,100 metros cuadrados, con un enfoque en la seguridad y la creaci\u00f3n de espacios verdes sostenibles para la comunidad, en colaboraci\u00f3n con la Alcald\u00eda del Distrito Nacional.<\/p>\n\n\n\n<p>El se\u00f1or Jos\u00e9 M\u00e1rmol, vicepresidente ejecutivo de Comunicaciones Corporativas, Reputaci\u00f3n y Banca Responsable del Grupo Popular, expres\u00f3 su deseo de que el parque Jardines Los Cerezos se convierta en el coraz\u00f3n de la comunidad y en un refugio de paz, y destac\u00f3 que \u201ces el d\u00e9cimo parque que inauguramos con la Alcald\u00eda del Distrito Nacional. Es un nuevo motivo de esperanza y un testimonio del prop\u00f3sito com\u00fan que compartimos de hacer grandes cosas que mejoren la calidad de vida de las familias\u201d.<\/p>\n\n\n\n<p>La alcaldesa del Distrito Nacional, se\u00f1ora Carolina Mej\u00eda, agradeci\u00f3 al Banco Popular&nbsp;\u201cNo hay palabras para externarle al Banco Popular lo que significa la confianza que deposita en nosotros y c\u00f3mo esa confianza se traduce en voluntad de seguir trabajando en favor de los dominicanos, siendo nosotros uno de sus grandes aliados\u201d.<\/p>\n\n\n\n<p>En nombre de la comunidad Los Jardines, su cogestor y presidente de la Junta de Vecinos, se\u00f1or Ricardo Reyes, destac\u00f3&nbsp;\u201cagradecemos&nbsp;al Banco Popular, instituci\u00f3n que ha brindado todo su apoyo y empe\u00f1o para que esta obra sea hoy una realidad. Hoy, los&nbsp; habitantes de los Jardines del Norte se llenan de alegr\u00eda al recibir otra obra de gran importancia para nuestra comunidad\u201d.<\/p>\n\n\n\n<p>El remozamiento del parque Jardines Los Cerezos forma parte de la alianza p\u00fablico-privada entre el Banco Popular y la Alcald\u00eda del Distrito Nacional para recuperar estos espacios verdes en la ciudad. A \u00e9l se suman otros parques capitalinos revitalizados como el Mirador Sur, Buenos Aires del Mirador, Rosa Duarte, Villa Francisca, Las Praderas, Velazcasas, Cristo Libre, El Pedregal y Los Girasoles.<\/p>\n\n\n\n<p><strong>Seguridad y accesibilidad<\/strong><\/p>\n\n\n\n<p>El ingeniero Jos\u00e9 Hern\u00e1ndez, vicepresidente del \u00c1rea de Ingenier\u00eda y Mantenimiento del Popular, destac\u00f3 las renovaciones realizadas en el parque, dise\u00f1adas para brindar mayor comodidad a sus visitantes. Las nuevas instalaciones aseguran accesibilidad universal e incluyen remodelaciones para la integraci\u00f3n.<\/p>\n\n\n\n<p>El \u00e1rea verde tambi\u00e9n cuenta con zonas infantiles inclusivas, adecuadas para todas las edades y rodeadas de verjas protectoras para la seguridad de los m\u00e1s peque\u00f1os. Adem\u00e1s, se ha incorporado un gimnasio al aire libre para promover un estilo de vida activo y saludable.<\/p>\n\n\n\n<p>El paisajismo fue renovado y se instal\u00f3 un sistema de riego sostenible. En adici\u00f3n, como parte de las iniciativas de sostenibilidad, se a\u00f1adieron puntos de reciclaje, fomentando un entorno limpio y responsable.<\/p>\n\n\n\n<p><strong>Acto de inauguraci\u00f3n&nbsp;<\/strong><\/p>\n\n\n\n<p>Durante la inauguraci\u00f3n, estuvieron presentes los se\u00f1ores&nbsp;Hip\u00f3lito Mej\u00eda, expresidente de la rep\u00fablica;&nbsp;Stalin Alc\u00e1ntara, vicealcalde del Distrito Nacional; Manuel N\u00fa\u00f1ez, diputado por el Distrito Nacional; y Yolanda de la Rosa, directora de Innovaci\u00f3n y Proyectos Especiales.<\/p>\n\n\n\n<p>En representaci\u00f3n del Popular, asistieron a la inauguraci\u00f3n los se\u00f1ores Mariel Bera, vicepresidenta del \u00c1rea de Relaciones Corporativas y Banca Responsable del Grupo Popular; Leonte Brea, vicepresidente del \u00c1rea de Negocios Zona Metro Oeste y Canales Comerciales; y Esteban Mart\u00ednez-Murga, vicepresidente del \u00c1rea de Comunicaci\u00f3n y Reputaci\u00f3n Corporativa.<\/p>\n\n\n\n<p><strong>Vicepresidencia Ejecutiva<\/strong><br><strong>Comunicaciones Corporativas, Reputaci\u00f3n y Banca Responsable<\/strong><\/p>\n\n\n\n<p><strong>Grupo Popular, S. A.<\/strong><\/p>\n\n\n\n<p>EDIMENGRID ABREU ABREU<\/p>\n\n\n\n<p>EDIMENGRID ABREU ABREU ()<\/p>\n\n\n\n<p><a target=\"_blank\" href=\"mailto:edabreu@bpd.com.do\" rel=\"noreferrer noopener\">edabreu@bpd.com.do<\/a><\/p>\n\n\n\n<p>#Jardin Los Cerezos\u2003\u2003\u2003\u2003\u2003\u2002#Banco Popular\u2003 3ADN<\/p>\n","protected":false},"excerpt":{"rendered":"<p>M\u00e1s de 10,000 residentes disfrutar\u00e1n del renovado parque Santo Domingo, D.N. \u2013 El Banco Popular Dominicano y la Alcald\u00eda del Distrito Nacional (ADN) inauguraron el remozamiento del parque Jardines Los Cerezos, ubicado en la comunidad de Los Jardines del Norte, un espacio que beneficiar\u00e1 a m\u00e1s de 10,000 residentes de la zona, quienes ahora disponen [&hellip;]<\/p>\n","protected":false},"author":28,"featured_media":573084,"comment_status":"closed","ping_status":"closed","sticky":true,"template":"","format":"standard","meta":{"footnotes":""},"categories":[20,25,27],"tags":[],"class_list":["post-573080","post","type-post","status-publish","format-standard","has-post-thumbnail","hentry","category-dominicana-hoy","category-gente","category-portada"],"_links":{"self":[{"href":"https:\/\/diariodominicano.com\/index.php?rest_route=\/wp\/v2\/posts\/573080","targetHints":{"allow":["GET"]}}],"collection":[{"href":"https:\/\/diariodominicano.com\/index.php?rest_route=\/wp\/v2\/posts"}],"about":[{"href":"https:\/\/diariodominicano.com\/index.php?rest_route=\/wp\/v2\/types\/post"}],"author":[{"embeddable":true,"href":"https:\/\/diariodominicano.com\/index.php?rest_route=\/wp\/v2\/users\/28"}],"replies":[{"embeddable":true,"href":"https:\/\/diariodominicano.com\/index.php?rest_route=%2Fwp%2Fv2%2Fcomments&post=573080"}],"version-history":[{"count":3,"href":"https:\/\/diariodominicano.com\/index.php?rest_route=\/wp\/v2\/posts\/573080\/revisions"}],"predecessor-version":[{"id":573089,"href":"https:\/\/diariodominicano.com\/index.php?rest_route=\/wp\/v2\/posts\/573080\/revisions\/573089"}],"wp:featuredmedia":[{"embeddable":true,"href":"https:\/\/diariodominicano.com\/index.php?rest_route=\/wp\/v2\/media\/573084"}],"wp:attachment":[{"href":"https:\/\/diariodominicano.com\/index.php?rest_route=%2Fwp%2Fv2%2Fmedia&parent=573080"}],"wp:term":[{"taxonomy":"category","embeddable":true,"href":"https:\/\/diariodominicano.com\/index.php?rest_route=%2Fwp%2Fv2%2Fcategories&post=573080"},{"taxonomy":"post_tag","embeddable":true,"href":"https:\/\/diariodominicano.com\/index.php?rest_route=%2Fwp%2Fv2%2Ftags&post=573080"}],"curies":[{"name":"wp","href":"https:\/\/api.w.org\/{rel}","templated":true}]}}