{"id":573005,"date":"2024-11-08T13:30:41","date_gmt":"2024-11-08T17:30:41","guid":{"rendered":"https:\/\/diariodominicano.com\/?p=573005"},"modified":"2024-11-08T13:31:18","modified_gmt":"2024-11-08T17:31:18","slug":"congreso-de-peru-aprueba-ley-para-enviar-a-adolescentes-a-carceles-para-adultos-por-delitos-graves","status":"publish","type":"post","link":"https:\/\/diariodominicano.com\/?p=573005","title":{"rendered":"Congreso de Per\u00fa aprueba ley para enviar a adolescentes a c\u00e1rceles para adultos por delitos graves"},"content":{"rendered":"\n<p>ARCHIVO &#8211; Un manifestante ondea una bandera peruana frente al Congreso para protestar por la situaci\u00f3n de seguridad del pa\u00eds, en Lima, Per\u00fa, el 23 de octubre de 2024.<\/p>\n\n\n\n<p>noviembre 08, 2024<\/p>\n\n\n\n<ul class=\"wp-block-list\">\n<li><a href=\"https:\/\/www.vozdeamerica.com\/author\/associated-press\/v_kyr\">Associated Press<\/a><\/li>\n<\/ul>\n\n\n\n<ul class=\"wp-block-list\">\n<li><a href=\"https:\/\/facebook.com\/sharer.php?u=https%3a%2f%2fwww.vozdeamerica.com%2fa%2fcongreso-de-peru-aprueba-ley-para-enviar-a-adolescentes-a-carceles-para-adultos-por-delitos-graves%2f7856412.html\" target=\"_blank\" rel=\"noreferrer noopener\"><\/a><\/li>\n\n\n\n<li><a href=\"https:\/\/twitter.com\/share?url=https%3a%2f%2fwww.vozdeamerica.com%2fa%2fcongreso-de-peru-aprueba-ley-para-enviar-a-adolescentes-a-carceles-para-adultos-por-delitos-graves%2f7856412.html&amp;text=Congreso+de+Per%c3%ba+aprueba+ley+para+enviar+a+adolescentes+a+c%c3%a1rceles+para+adultos+por+delitos+graves\" target=\"_blank\" rel=\"noreferrer noopener\"><\/a><\/li>\n\n\n\n<li><\/li>\n\n\n\n<li><a href=\"mailto:?body=https%3a%2f%2fwww.vozdeamerica.com%2fa%2fcongreso-de-peru-aprueba-ley-para-enviar-a-adolescentes-a-carceles-para-adultos-por-delitos-graves%2f7856412.html&amp;subject=Congreso%20de%20Per%C3%BA%20aprueba%20ley%20para%20enviar%20a%20adolescentes%20a%20c%C3%A1rceles%20para%20adultos%20por%20delitos%20graves\"><\/a><\/li>\n<\/ul>\n\n\n\n<p><a href=\"https:\/\/www.vozdeamerica.com\/a\/congreso-de-peru-aprueba-ley-para-enviar-a-adolescentes-a-carceles-para-adultos-por-delitos-graves\/7856412.html#comments\">&nbsp;Vea comentarios<\/a><\/p>\n\n\n\n<p>El Congreso peruano aprob\u00f3 una medida para castigar a los adolescentes que sean declarados culpables por delitos graves. La norma pasa ahora al escritorio de la presidenta Dina Boluarte, quien podr\u00e1 promulgarla o devolverla con observaciones.<\/p>\n\n\n\n<p>LIMA \u2014&nbsp;<\/p>\n\n\n\n<p>El Congreso de Per\u00fa aprob\u00f3 el jueves una ley que dispone que los adolescentes de 16 a\u00f1os o m\u00e1s que sean declarados culpables por delitos graves puedan recibir sentencias de hasta ocho a\u00f1os de c\u00e1rcel, los cuales cumplir\u00edan en prisiones para adultos.<\/p>\n\n\n\n<p>La medida, aprobada con 44 votos a favor y 24 en contra, modifica el C\u00f3digo Penal y el C\u00f3digo de Responsabilidad Penal de Adolescentes, lo que que permitir\u00e1 juzgar y condenar a los mayores de 16 a\u00f1os por delitos como sicariato, parricidio, feminicidio, extorsi\u00f3n, violaci\u00f3n, narcotr\u00e1fico y secuestro.<\/p>\n\n\n\n<p>La norma pasa ahora al escritorio de la presidenta Dina Boluarte, quien podr\u00e1 promulgarla o devolverla con observaciones. La mandataria tambi\u00e9n podr\u00eda no tomar acci\u00f3n, permitiendo que el Parlamento promulgue la iniciativa luego de 15 d\u00edas.<\/p>\n\n\n\n<p>La mayor\u00eda de edad en Per\u00fa se establece a los 18 a\u00f1os. La decisi\u00f3n se produce en momentos en que la ciudadan\u00eda ha intensificado su presi\u00f3n sobre el Parlamento para que emita leyes que permitan luchar contra los crecientes \u00edndices de delincuencia.<\/p>\n\n\n\n<p><a href=\"https:\/\/www.vozdeamerica.com\/a\/detienen-dirigente-futbol-peru-por-integrar-presunto-grupo-criminal\/7855882.html\"><\/a><\/p>\n\n\n\n<p><a href=\"https:\/\/www.vozdeamerica.com\/a\/detienen-dirigente-futbol-peru-por-integrar-presunto-grupo-criminal\/7855882.html\">Tambi\u00e9n lea<\/a><\/p>\n\n\n\n<h4 class=\"wp-block-heading\"><a href=\"https:\/\/www.vozdeamerica.com\/a\/detienen-dirigente-futbol-peru-por-integrar-presunto-grupo-criminal\/7855882.html\">Detienen a m\u00e1ximo dirigente del f\u00fatbol de Per\u00fa, investigado por integrar un presunto grupo criminal<\/a><\/h4>\n\n\n\n<p>Tras su aprobaci\u00f3n, la legisladora opositora Flor Pablo dijo que \u201ctodos los organismos de protecci\u00f3n de la infancia han dicho que esa ley no es correcta, va en contra de los derechos de la ni\u00f1ez&#8230;as\u00ed ma\u00f1ana vamos a meter presos a los de 14 y a los de 12 a\u00f1os\u201d.<\/p>\n\n\n\n<p>Durante una discusi\u00f3n el mes pasado, el legislador Jos\u00e9 Luna G\u00e1lvez, del partido Podemos Per\u00fa, dijo que la norma es necesaria y requer\u00eda \u201caplicar mano dura, sin contemplaciones, para restituir el principio de autoridad\u201d.<\/p>\n\n\n\n<p>Actualmente hay 3.851 adolescentes menores de 18 a\u00f1os en el pa\u00eds que cumplen \u201cmedidas socioeducativas\u201d \u2014acciones contra adolescentes que han cometido infracciones o delitos\u2014, de los cuales 1.882 est\u00e1n privados de su libertad en centros juveniles, donde pueden pasar un m\u00e1ximo de hasta seis a\u00f1os.<\/p>\n\n\n\n<p>Per\u00fa tiene 68 prisiones y el promedio nacional de hacinamiento es de 140 %, pero algunos centros penitenciarios, como la c\u00e1rcel de El Callao, tiene una sobrepoblaci\u00f3n del 500 %.<\/p>\n","protected":false},"excerpt":{"rendered":"<p>ARCHIVO &#8211; Un manifestante ondea una bandera peruana frente al Congreso para protestar por la situaci\u00f3n de seguridad del pa\u00eds, en Lima, Per\u00fa, el 23 de octubre de 2024. noviembre 08, 2024 &nbsp;Vea comentarios El Congreso peruano aprob\u00f3 una medida para castigar a los adolescentes que sean declarados culpables por delitos graves. La norma pasa [&hellip;]<\/p>\n","protected":false},"author":28,"featured_media":573006,"comment_status":"closed","ping_status":"closed","sticky":true,"template":"","format":"standard","meta":{"footnotes":""},"categories":[23,24],"tags":[],"class_list":["post-573005","post","type-post","status-publish","format-standard","has-post-thumbnail","hentry","category-internacional","category-justicia-y-derecho"],"_links":{"self":[{"href":"https:\/\/diariodominicano.com\/index.php?rest_route=\/wp\/v2\/posts\/573005","targetHints":{"allow":["GET"]}}],"collection":[{"href":"https:\/\/diariodominicano.com\/index.php?rest_route=\/wp\/v2\/posts"}],"about":[{"href":"https:\/\/diariodominicano.com\/index.php?rest_route=\/wp\/v2\/types\/post"}],"author":[{"embeddable":true,"href":"https:\/\/diariodominicano.com\/index.php?rest_route=\/wp\/v2\/users\/28"}],"replies":[{"embeddable":true,"href":"https:\/\/diariodominicano.com\/index.php?rest_route=%2Fwp%2Fv2%2Fcomments&post=573005"}],"version-history":[{"count":2,"href":"https:\/\/diariodominicano.com\/index.php?rest_route=\/wp\/v2\/posts\/573005\/revisions"}],"predecessor-version":[{"id":573008,"href":"https:\/\/diariodominicano.com\/index.php?rest_route=\/wp\/v2\/posts\/573005\/revisions\/573008"}],"wp:featuredmedia":[{"embeddable":true,"href":"https:\/\/diariodominicano.com\/index.php?rest_route=\/wp\/v2\/media\/573006"}],"wp:attachment":[{"href":"https:\/\/diariodominicano.com\/index.php?rest_route=%2Fwp%2Fv2%2Fmedia&parent=573005"}],"wp:term":[{"taxonomy":"category","embeddable":true,"href":"https:\/\/diariodominicano.com\/index.php?rest_route=%2Fwp%2Fv2%2Fcategories&post=573005"},{"taxonomy":"post_tag","embeddable":true,"href":"https:\/\/diariodominicano.com\/index.php?rest_route=%2Fwp%2Fv2%2Ftags&post=573005"}],"curies":[{"name":"wp","href":"https:\/\/api.w.org\/{rel}","templated":true}]}}