{"id":572955,"date":"2024-11-08T10:37:31","date_gmt":"2024-11-08T14:37:31","guid":{"rendered":"https:\/\/diariodominicano.com\/?p=572955"},"modified":"2024-11-08T10:37:34","modified_gmt":"2024-11-08T14:37:34","slug":"charla-en-alto-manhattan-alzheimer-prevencion-causas-y-riesgo","status":"publish","type":"post","link":"https:\/\/diariodominicano.com\/?p=572955","title":{"rendered":"Charla en Alto Manhattan: Alzheimer, prevenci\u00f3n, causas y riesgo"},"content":{"rendered":"\n<p><strong>Por Ram\u00f3n Mercedes<\/strong><\/p>\n\n\n\n<p><strong>NUEVA YORK.-<\/strong>&nbsp;El experto en seguros de salud (Medicaid y Medicare) en esta ciudad, Jaime Vargas, invita al p\u00fablico en general a la charla \u201cAlzheimer, prevenci\u00f3n, causas y riesgo\u201d a celebrarse este domingo 17, a partir de las 2:30 de la tarde en el Alto Manhattan.<\/p>\n\n\n\n<p>La misma ser\u00e1 a cargo del m\u00e9dico investigador de la Universidad de Columbia-NY, doctor Douglas M\u00e9ndez.<\/p>\n\n\n\n<p>La enfermedad de Alzheimer hace que el cerebro se encoja y las c\u00e9lulas cerebrales mueran, es la causa m\u00e1s com\u00fan de demencia, un deterioro gradual de la memoria, el pensamiento, comportamiento y las habilidades sociales. Estos cambios afectan la capacidad de una persona para funcionar.<\/p>\n\n\n\n<p>El evento se llevar\u00e1 a cabo en la Iglesia Fort George Presbiteriano, ubicada en el 1525 de la avenida Saint Nicholas con la calle 186.<\/p>\n\n\n\n<p>Para confirmar asistencia, por cupo limitado, los interesados deben llamar al 212-923-4040 y 917-705-1420.<\/p>\n\n\n\n<p>A Vargas lo identifican como \u201cLa Voz de los Envejecientes\u201d ofrece consultas y asesoramientos gratis en materia de salud desde hace m\u00e1s de 40 a\u00f1os, desde su oficina ubicada en el 1286 de la avenida Saint Nicholas, entre las calles 174 y 175, (tel\u00e9fono 212-923-4040) (<a href=\"mailto:jvargasbroker@aol.com\" rel=\"noreferrer noopener\" target=\"_blank\">jvargasbroker@aol.com<\/a>)&nbsp;<\/p>\n","protected":false},"excerpt":{"rendered":"<p>Por Ram\u00f3n Mercedes NUEVA YORK.-&nbsp;El experto en seguros de salud (Medicaid y Medicare) en esta ciudad, Jaime Vargas, invita al p\u00fablico en general a la charla \u201cAlzheimer, prevenci\u00f3n, causas y riesgo\u201d a celebrarse este domingo 17, a partir de las 2:30 de la tarde en el Alto Manhattan. La misma ser\u00e1 a cargo del m\u00e9dico [&hellip;]<\/p>\n","protected":false},"author":28,"featured_media":572956,"comment_status":"closed","ping_status":"closed","sticky":true,"template":"","format":"standard","meta":{"footnotes":""},"categories":[36,25],"tags":[],"class_list":["post-572955","post","type-post","status-publish","format-standard","has-post-thumbnail","hentry","category-hombresmujeresycosas","category-gente"],"_links":{"self":[{"href":"https:\/\/diariodominicano.com\/index.php?rest_route=\/wp\/v2\/posts\/572955","targetHints":{"allow":["GET"]}}],"collection":[{"href":"https:\/\/diariodominicano.com\/index.php?rest_route=\/wp\/v2\/posts"}],"about":[{"href":"https:\/\/diariodominicano.com\/index.php?rest_route=\/wp\/v2\/types\/post"}],"author":[{"embeddable":true,"href":"https:\/\/diariodominicano.com\/index.php?rest_route=\/wp\/v2\/users\/28"}],"replies":[{"embeddable":true,"href":"https:\/\/diariodominicano.com\/index.php?rest_route=%2Fwp%2Fv2%2Fcomments&post=572955"}],"version-history":[{"count":1,"href":"https:\/\/diariodominicano.com\/index.php?rest_route=\/wp\/v2\/posts\/572955\/revisions"}],"predecessor-version":[{"id":572957,"href":"https:\/\/diariodominicano.com\/index.php?rest_route=\/wp\/v2\/posts\/572955\/revisions\/572957"}],"wp:featuredmedia":[{"embeddable":true,"href":"https:\/\/diariodominicano.com\/index.php?rest_route=\/wp\/v2\/media\/572956"}],"wp:attachment":[{"href":"https:\/\/diariodominicano.com\/index.php?rest_route=%2Fwp%2Fv2%2Fmedia&parent=572955"}],"wp:term":[{"taxonomy":"category","embeddable":true,"href":"https:\/\/diariodominicano.com\/index.php?rest_route=%2Fwp%2Fv2%2Fcategories&post=572955"},{"taxonomy":"post_tag","embeddable":true,"href":"https:\/\/diariodominicano.com\/index.php?rest_route=%2Fwp%2Fv2%2Ftags&post=572955"}],"curies":[{"name":"wp","href":"https:\/\/api.w.org\/{rel}","templated":true}]}}