{"id":572852,"date":"2024-11-07T22:59:11","date_gmt":"2024-11-08T02:59:11","guid":{"rendered":"https:\/\/diariodominicano.com\/?p=572852"},"modified":"2024-11-07T22:59:20","modified_gmt":"2024-11-08T02:59:20","slug":"huracan-rafael-deja-severos-danos-materiales-en-cuba","status":"publish","type":"post","link":"https:\/\/diariodominicano.com\/?p=572852","title":{"rendered":"Hurac\u00e1n Rafael deja severos da\u00f1os materiales en Cuba"},"content":{"rendered":"\n<p>diariodominicano.com<\/p>\n\n\n\n<h3 class=\"wp-block-heading\">LA HABANA, 7 nov (Xinhua) &#8212; Las autoridades cubanas trabajan hoy para cuantificar las afectaciones provocadas en su zona occidental tras el reciente paso del hurac\u00e1n Rafael, con categor\u00eda 3 en la escala Saffir-Simpson. En una rueda de prensa en la sede de la Canciller\u00eda cubana, el primer coronel Luis \u00c1ngel Macare\u00f1o, segundo jefe de la Defensa Civil en la isla caribe\u00f1a, inform\u00f3 que no se reportan fallecidos tras el paso del meteoro. Precis\u00f3 que aunque son grandes los da\u00f1os ocasionados por Rafael, en estos momentos a\u00fan no hay \u00abuna evaluaci\u00f3n exacta de los da\u00f1os\u00bb e inform\u00f3 que en las provincias occidentales del pa\u00eds se evacuaron 218.000 personas. \u00abEst\u00e1n trabajando las comisiones de da\u00f1os para certificar las afectaciones materiales y las personas que deben ser asistidas por el Estado\u00bb, asegur\u00f3 Macare\u00f1o. Por su parte, Yanet Hern\u00e1ndez, gobernadora de La Habana, una de las provincias m\u00e1s afectadas por el paso de Rafael, junto con Artemisa y Mayabeque, se\u00f1al\u00f3 que la capital cubana result\u00f3 \u00abfuertemente impactada\u00bb y reporta m\u00e1s de 461 derrumbes parciales y totales de viviendas. \u00abLas p\u00e9rdidas en La Habana son millonarias\u00bb, dijo la gobernadora. Destac\u00f3 que la situaci\u00f3n m\u00e1s cr\u00edtica de la urbe capitalina se concentra en los \u00e1rboles ca\u00eddos sobre el tendido el\u00e9ctrico y telef\u00f3nico, pero asegur\u00f3 que brigadas de la ciudad y de provincias aleda\u00f1as trabajan en la limpieza de calles y la desobstrucci\u00f3n de redes. Seg\u00fan precis\u00f3 Hern\u00e1ndez, hay m\u00e1s de 495 postes el\u00e9ctricos en el suelo y m\u00e1s de 100 transformadores el\u00e9ctricos afectados en La Habana. El ministro de Comercio Exterior y la Inversi\u00f3n Extrajera cubana, Oscar P\u00e9rez-Oliva, coment\u00f3 que varios pa\u00edses han ofrecido ayuda a la isla caribe\u00f1a para hacer frente a los estragos de Rafael, \u00abhan ofrecido ayuda para restaurar el sistema el\u00e9ctrico, alimentos, insumos y materiales de construcci\u00f3n\u00bb, destac\u00f3 P\u00e9rez-Oliva durante la rueda de prensa. En Artemisa los da\u00f1os se registran en hospitales, escuelas, viviendas, techos y el tendido el\u00e9ctrico; Mientras en Mayabeque, las afectaciones se han notificado sobre todo en los cultivos del pl\u00e1tano y la yuca. El hurac\u00e1n Rafael toc\u00f3 tierra el pasado mi\u00e9rcoles a las 4:20 pm (hora local) por la costa sur de la provincia de Artemisa. El Instituto Meteorol\u00f3gico de Cuba midi\u00f3 vientos de hasta 185 kil\u00f3metros por hora y registr\u00f3 intensas lluvias, de hasta 200 mil\u00edmetros. Ello provoc\u00f3, seg\u00fan inform\u00f3 la Uni\u00f3n Nacional El\u00e9ctrica, la desconexi\u00f3n total del Sistema El\u00e9ctrico Nacional (SEN) el mi\u00e9rcoles, el segundo evento de \u00abcero cobertura energ\u00e9tica nacional\u00bb en casi tres semanas. Este jueves, el director general de Electricidad del Ministerio de Energ\u00eda y Minas, L\u00e1zaro Guerra,inform\u00f3 en televisi\u00f3n nacional que \u00abse ha restablecido con \u00e9xito el suministro el\u00e9ctrico en una amplia zona desde Matanzas (oeste) hasta Sancti Sp\u00edritus (centro) y ahora se trabaja en llegar hasta Holgu\u00edn (este)\u00bb. Sin embargo, agreg\u00f3 que hay \u00abdesaf\u00edos\u00bb debido a \u00ablas l\u00edneas de transmisi\u00f3n y distribuci\u00f3n da\u00f1adas por el hurac\u00e1n\u00bb. Rafael fue el segundo hurac\u00e1n que impact\u00f3 directamente a Cuba en la actual temporada de ciclones, tras el efecto de Oscar, que afect\u00f3 el territorio nacional el pasado 21 de octubre. Los meteor\u00f3logos cubanos previeron que la temporada cicl\u00f3nica, que se extiende desde el 1 de junio hasta el 30 de noviembre, iba a ser \u00abmuy activa\u00bb, con la posible formaci\u00f3n de veinte tormentas tropicales, de las que al menos una vez podr\u00edan llegar a ser huracanes.<\/h3>\n","protected":false},"excerpt":{"rendered":"<p>diariodominicano.com LA HABANA, 7 nov (Xinhua) &#8212; Las autoridades cubanas trabajan hoy para cuantificar las afectaciones provocadas en su zona occidental tras el reciente paso del hurac\u00e1n Rafael, con categor\u00eda 3 en la escala Saffir-Simpson. En una rueda de prensa en la sede de la Canciller\u00eda cubana, el primer coronel Luis \u00c1ngel Macare\u00f1o, segundo jefe [&hellip;]<\/p>\n","protected":false},"author":5,"featured_media":572853,"comment_status":"closed","ping_status":"closed","sticky":true,"template":"","format":"standard","meta":{"footnotes":""},"categories":[23,27],"tags":[],"class_list":["post-572852","post","type-post","status-publish","format-standard","has-post-thumbnail","hentry","category-internacional","category-portada"],"_links":{"self":[{"href":"https:\/\/diariodominicano.com\/index.php?rest_route=\/wp\/v2\/posts\/572852","targetHints":{"allow":["GET"]}}],"collection":[{"href":"https:\/\/diariodominicano.com\/index.php?rest_route=\/wp\/v2\/posts"}],"about":[{"href":"https:\/\/diariodominicano.com\/index.php?rest_route=\/wp\/v2\/types\/post"}],"author":[{"embeddable":true,"href":"https:\/\/diariodominicano.com\/index.php?rest_route=\/wp\/v2\/users\/5"}],"replies":[{"embeddable":true,"href":"https:\/\/diariodominicano.com\/index.php?rest_route=%2Fwp%2Fv2%2Fcomments&post=572852"}],"version-history":[{"count":1,"href":"https:\/\/diariodominicano.com\/index.php?rest_route=\/wp\/v2\/posts\/572852\/revisions"}],"predecessor-version":[{"id":572854,"href":"https:\/\/diariodominicano.com\/index.php?rest_route=\/wp\/v2\/posts\/572852\/revisions\/572854"}],"wp:featuredmedia":[{"embeddable":true,"href":"https:\/\/diariodominicano.com\/index.php?rest_route=\/wp\/v2\/media\/572853"}],"wp:attachment":[{"href":"https:\/\/diariodominicano.com\/index.php?rest_route=%2Fwp%2Fv2%2Fmedia&parent=572852"}],"wp:term":[{"taxonomy":"category","embeddable":true,"href":"https:\/\/diariodominicano.com\/index.php?rest_route=%2Fwp%2Fv2%2Fcategories&post=572852"},{"taxonomy":"post_tag","embeddable":true,"href":"https:\/\/diariodominicano.com\/index.php?rest_route=%2Fwp%2Fv2%2Ftags&post=572852"}],"curies":[{"name":"wp","href":"https:\/\/api.w.org\/{rel}","templated":true}]}}